{"id":4891,"date":"2019-08-30T16:06:06","date_gmt":"2019-08-30T19:06:06","guid":{"rendered":"https:\/\/tvnovelas.com.br\/news\/mundo\/?p=4891"},"modified":"2019-08-30T16:06:06","modified_gmt":"2019-08-30T19:06:06","slug":"atualizacao-de-dados-de-clientes-de-celular-pre-pago-chega-a-todo-o-pais-na-segunda","status":"publish","type":"post","link":"https:\/\/tvnovelas.com.br\/news\/atualizacao-de-dados-de-clientes-de-celular-pre-pago-chega-a-todo-o-pais-na-segunda\/","title":{"rendered":"Atualiza\u00e7\u00e3o de dados de clientes de celular pr\u00e9-pago chega a todo o Pa\u00eds na segunda"},"content":{"rendered":"<p><a href=\"https:\/\/i0.wp.com\/tvnovelas.com.br\/news\/mundo\/wp-content\/uploads\/2019\/08\/geral350.jpg?ssl=1\"><img data-recalc-dims=\"1\" loading=\"lazy\" decoding=\"async\" src=\"https:\/\/i0.wp.com\/tvnovelas.com.br\/news\/mundo\/wp-content\/uploads\/2019\/08\/geral350.jpg?resize=500%2C320&#038;ssl=1\" alt=\"Foto decorativa, mulher ao teelfone\" width=\"500\" height=\"320\" class=\"alignnone wp-image-4384 size-full\" title=\"(Foto: Anatel\/Arquivo)\" srcset=\"https:\/\/i0.wp.com\/tvnovelas.com.br\/news\/wp-content\/uploads\/2019\/08\/geral350.jpg?w=500&amp;ssl=1 500w, https:\/\/i0.wp.com\/tvnovelas.com.br\/news\/wp-content\/uploads\/2019\/08\/geral350.jpg?resize=300%2C192&amp;ssl=1 300w\" sizes=\"auto, (max-width: 500px) 100vw, 500px\" \/><\/a><br \/>\nAs operadoras de telefonia m\u00f3vel estendem para todo o Brasil, na segunda-feira (2\/9), o processo de atualiza\u00e7\u00e3o cadastral dos clientes do servi\u00e7o pr\u00e9-pago. Iniciado em abril e j\u00e1 implantado em 10 Estados (Acre, Distrito Federal, Goi\u00e1s, Mato Grosso, Mato Grosso do Sul, Minas Gerais, Paran\u00e1, Rond\u00f4nia, Tocantins e Santa Catarina), o processo agora valer\u00e1 para todas os Estados brasileiros.<\/p>\n<p>Os clientes com pend\u00eancias cadastrais receber\u00e3o, a partir de segunda-feira uma mensagem (SMS), informando que precisam fazer seu recadastramento. Para atualizar seus dados, o consumidor que receber o aviso dever\u00e1 entrar em contato com a central de atendimento telef\u00f4nico da sua operadora e estar preparado para informar nome completo, n\u00famero de CPF (no caso de pessoa f\u00edsica) e o endere\u00e7o completo, com CEP.<\/p>\n<p>A atualiza\u00e7\u00e3o \u00e9 obrigat\u00f3ria para todos os consumidores que possuam pend\u00eancias cadastrais e quem n\u00e3o fizer o recadastramento no prazo estipulado pela operadora ter\u00e1 a sua linha bloqueada enquanto o cadastro n\u00e3o for atualizado.<\/p>\n<p>A atualiza\u00e7\u00e3o do cadastro dos clientes que utilizam o servi\u00e7o pr\u00e9-pago \u00e9 a primeira fase do projeto. Numa segunda fase, que se inicia em mar\u00e7o de 2020, as empresas passar\u00e3o a adotar um novo modelo de cadastro para novas ativa\u00e7\u00f5es de celulares pr\u00e9-pagos.<br \/>\nFonte: Sinditelebrasil<\/p>\n","protected":false},"excerpt":{"rendered":"<p>As operadoras de telefonia m\u00f3vel estendem para todo o Brasil, na segunda-feira (2\/9), o processo de atualiza\u00e7\u00e3o cadastral dos clientes do servi\u00e7o pr\u00e9-pago. Iniciado em abril e j\u00e1 implantado em 10 Estados (Acre, Distrito Federal, Goi\u00e1s, Mato Grosso, Mato Grosso do Sul, Minas Gerais, Paran\u00e1, Rond\u00f4nia, Tocantins e Santa Catarina), o processo agora valer\u00e1 para&#8230;<\/p>\n","protected":false},"author":1,"featured_media":4384,"comment_status":"closed","ping_status":"closed","sticky":false,"template":"","format":"standard","meta":{"_monsterinsights_skip_tracking":false,"_monsterinsights_sitenote_active":false,"_monsterinsights_sitenote_note":"","_monsterinsights_sitenote_category":0,"magazine_newspaper_sidebar_layout":"","footnotes":"","jetpack_publicize_message":"","jetpack_publicize_feature_enabled":true,"jetpack_social_post_already_shared":false,"jetpack_social_options":{"image_generator_settings":{"template":"highway","default_image_id":0,"font":"","enabled":false},"version":2}},"categories":[1],"tags":[],"class_list":["post-4891","post","type-post","status-publish","format-standard","has-post-thumbnail","hentry","category-blog"],"aioseo_notices":[],"jetpack_publicize_connections":[],"jetpack_featured_media_url":"https:\/\/i0.wp.com\/tvnovelas.com.br\/news\/wp-content\/uploads\/2019\/08\/geral350.jpg?fit=500%2C320&ssl=1","jetpack_sharing_enabled":true,"jetpack_likes_enabled":true,"jetpack-related-posts":[],"jetpack_shortlink":"https:\/\/wp.me\/pfB4mB-1gT","_links":{"self":[{"href":"https:\/\/tvnovelas.com.br\/news\/wp-json\/wp\/v2\/posts\/4891","targetHints":{"allow":["GET"]}}],"collection":[{"href":"https:\/\/tvnovelas.com.br\/news\/wp-json\/wp\/v2\/posts"}],"about":[{"href":"https:\/\/tvnovelas.com.br\/news\/wp-json\/wp\/v2\/types\/post"}],"author":[{"embeddable":true,"href":"https:\/\/tvnovelas.com.br\/news\/wp-json\/wp\/v2\/users\/1"}],"replies":[{"embeddable":true,"href":"https:\/\/tvnovelas.com.br\/news\/wp-json\/wp\/v2\/comments?post=4891"}],"version-history":[{"count":1,"href":"https:\/\/tvnovelas.com.br\/news\/wp-json\/wp\/v2\/posts\/4891\/revisions"}],"predecessor-version":[{"id":4892,"href":"https:\/\/tvnovelas.com.br\/news\/wp-json\/wp\/v2\/posts\/4891\/revisions\/4892"}],"wp:featuredmedia":[{"embeddable":true,"href":"https:\/\/tvnovelas.com.br\/news\/wp-json\/wp\/v2\/media\/4384"}],"wp:attachment":[{"href":"https:\/\/tvnovelas.com.br\/news\/wp-json\/wp\/v2\/media?parent=4891"}],"wp:term":[{"taxonomy":"category","embeddable":true,"href":"https:\/\/tvnovelas.com.br\/news\/wp-json\/wp\/v2\/categories?post=4891"},{"taxonomy":"post_tag","embeddable":true,"href":"https:\/\/tvnovelas.com.br\/news\/wp-json\/wp\/v2\/tags?post=4891"}],"curies":[{"name":"wp","href":"https:\/\/api.w.org\/{rel}","templated":true}]}}