{"id":4870,"date":"2019-08-30T09:10:35","date_gmt":"2019-08-30T12:10:35","guid":{"rendered":"https:\/\/tvnovelas.com.br\/news\/mundo\/?p=4870"},"modified":"2019-08-30T09:12:07","modified_gmt":"2019-08-30T12:12:07","slug":"gasto-de-estrangeiros-no-brasil-aumenta-com-isencao-de-visto","status":"publish","type":"post","link":"https:\/\/tvnovelas.com.br\/news\/gasto-de-estrangeiros-no-brasil-aumenta-com-isencao-de-visto\/","title":{"rendered":"Gasto de estrangeiros no Brasil aumenta com isen\u00e7\u00e3o de visto"},"content":{"rendered":"<p><a href=\"https:\/\/i0.wp.com\/tvnovelas.com.br\/news\/mundo\/wp-content\/uploads\/2019\/08\/geral455.jpg?ssl=1\"><img data-recalc-dims=\"1\" loading=\"lazy\" decoding=\"async\" src=\"https:\/\/i0.wp.com\/tvnovelas.com.br\/news\/mundo\/wp-content\/uploads\/2019\/08\/geral455.jpg?resize=500%2C336&#038;ssl=1\" alt=\"Foto de feira\" width=\"500\" height=\"336\" class=\"alignnone wp-image-4871 size-full\" title=\"(Foto: Jade Queiroz\/MTur)\" srcset=\"https:\/\/i0.wp.com\/tvnovelas.com.br\/news\/wp-content\/uploads\/2019\/08\/geral455.jpg?w=500&amp;ssl=1 500w, https:\/\/i0.wp.com\/tvnovelas.com.br\/news\/wp-content\/uploads\/2019\/08\/geral455.jpg?resize=300%2C202&amp;ssl=1 300w\" sizes=\"auto, (max-width: 500px) 100vw, 500px\" \/><\/a><\/p>\n<p>O primeiro m\u00eas ap\u00f3s a isen\u00e7\u00e3o de vistos para pa\u00edses estrat\u00e9gicos (Austr\u00e1lia, Canad\u00e1, EUA e Jap\u00e3o), anunciada pelo governo federal em junho deste ano, registrou um aumento de gastos dos turistas estrangeiros no pa\u00eds. Em julho de 2019, US$ 598 milh\u00f5es foram injetados na economia brasileira pelos turistas estrangeiros, contra US$ 417 bilh\u00f5es registrados no mesmo per\u00edodo do ano anterior, um aumento de 43,4%. J\u00e1 em compara\u00e7\u00e3o com o m\u00eas de junho deste ano, o aumento foi ainda maior: 59,8%.<\/p>\n<p>Tirando o ano da Copa do Mundo no Brasil, em 2014, esse foi o maior crescimento dos \u00faltimos 16 anos. Para o ministro do Turismo, Marcelo \u00c1lvaro Ant\u00f4nio, o resultado demonstra que o pa\u00eds come\u00e7a a colher resultados expressivos das a\u00e7\u00f5es adotadas nos primeiros meses de governo.<\/p>\n<p>Os dados s\u00e3o divulgados mensalmente pelo Banco Central e demonstraram, ainda, que de janeiro a julho de 2019 houve uma diminui\u00e7\u00e3o de 8,7% no d\u00e9ficit da balan\u00e7a comercial do turismo em rela\u00e7\u00e3o aos primeiros sete meses de 2018. Por outro lado, a despesa cambial, ou seja, quanto os brasileiros gastaram em viagens ao exterior, foi de US$ 1,9 bilh\u00e3o em julho de 2019, percentual 9,64% maior do que o de julho de 2018, quando a despesa foi de US$ 1,73 bilh\u00e3o.<br \/>\nFonte: Minist\u00e9rio do Turismo<\/p>\n","protected":false},"excerpt":{"rendered":"<p>O primeiro m\u00eas ap\u00f3s a isen\u00e7\u00e3o de vistos para pa\u00edses estrat\u00e9gicos (Austr\u00e1lia, Canad\u00e1, EUA e Jap\u00e3o), anunciada pelo governo federal em junho deste ano, registrou um aumento de gastos dos turistas estrangeiros no pa\u00eds. Em julho de 2019, US$ 598 milh\u00f5es foram injetados na economia brasileira pelos turistas estrangeiros, contra US$ 417 bilh\u00f5es registrados no&#8230;<\/p>\n","protected":false},"author":1,"featured_media":4871,"comment_status":"closed","ping_status":"closed","sticky":false,"template":"","format":"standard","meta":{"_monsterinsights_skip_tracking":false,"_monsterinsights_sitenote_active":false,"_monsterinsights_sitenote_note":"","_monsterinsights_sitenote_category":0,"magazine_newspaper_sidebar_layout":"","footnotes":"","jetpack_publicize_message":"","jetpack_publicize_feature_enabled":true,"jetpack_social_post_already_shared":false,"jetpack_social_options":{"image_generator_settings":{"template":"highway","default_image_id":0,"font":"","enabled":false},"version":2}},"categories":[65],"tags":[881,882,20],"class_list":["post-4870","post","type-post","status-publish","format-standard","has-post-thumbnail","hentry","category-turismo-e-lazer","tag-estrangeiro","tag-isencao-de-visto","tag-turismo"],"aioseo_notices":[],"jetpack_publicize_connections":[],"jetpack_featured_media_url":"https:\/\/i0.wp.com\/tvnovelas.com.br\/news\/wp-content\/uploads\/2019\/08\/geral455.jpg?fit=500%2C336&ssl=1","jetpack_sharing_enabled":true,"jetpack_likes_enabled":true,"jetpack-related-posts":[],"jetpack_shortlink":"https:\/\/wp.me\/pfB4mB-1gy","_links":{"self":[{"href":"https:\/\/tvnovelas.com.br\/news\/wp-json\/wp\/v2\/posts\/4870","targetHints":{"allow":["GET"]}}],"collection":[{"href":"https:\/\/tvnovelas.com.br\/news\/wp-json\/wp\/v2\/posts"}],"about":[{"href":"https:\/\/tvnovelas.com.br\/news\/wp-json\/wp\/v2\/types\/post"}],"author":[{"embeddable":true,"href":"https:\/\/tvnovelas.com.br\/news\/wp-json\/wp\/v2\/users\/1"}],"replies":[{"embeddable":true,"href":"https:\/\/tvnovelas.com.br\/news\/wp-json\/wp\/v2\/comments?post=4870"}],"version-history":[{"count":2,"href":"https:\/\/tvnovelas.com.br\/news\/wp-json\/wp\/v2\/posts\/4870\/revisions"}],"predecessor-version":[{"id":4873,"href":"https:\/\/tvnovelas.com.br\/news\/wp-json\/wp\/v2\/posts\/4870\/revisions\/4873"}],"wp:featuredmedia":[{"embeddable":true,"href":"https:\/\/tvnovelas.com.br\/news\/wp-json\/wp\/v2\/media\/4871"}],"wp:attachment":[{"href":"https:\/\/tvnovelas.com.br\/news\/wp-json\/wp\/v2\/media?parent=4870"}],"wp:term":[{"taxonomy":"category","embeddable":true,"href":"https:\/\/tvnovelas.com.br\/news\/wp-json\/wp\/v2\/categories?post=4870"},{"taxonomy":"post_tag","embeddable":true,"href":"https:\/\/tvnovelas.com.br\/news\/wp-json\/wp\/v2\/tags?post=4870"}],"curies":[{"name":"wp","href":"https:\/\/api.w.org\/{rel}","templated":true}]}}