{"id":4851,"date":"2019-08-29T10:04:46","date_gmt":"2019-08-29T13:04:46","guid":{"rendered":"https:\/\/tvnovelas.com.br\/news\/mundo\/?p=4851"},"modified":"2019-08-29T10:04:46","modified_gmt":"2019-08-29T13:04:46","slug":"governo-suspende-a-pratica-de-queimadas-em-todo-o-pais-por-60-dias","status":"publish","type":"post","link":"https:\/\/tvnovelas.com.br\/news\/governo-suspende-a-pratica-de-queimadas-em-todo-o-pais-por-60-dias\/","title":{"rendered":"Governo suspende a pr\u00e1tica de queimadas em todo o pa\u00eds por 60 dias"},"content":{"rendered":"<p><a href=\"https:\/\/i0.wp.com\/tvnovelas.com.br\/news\/mundo\/wp-content\/uploads\/2019\/08\/geral430.jpg?ssl=1\"><img data-recalc-dims=\"1\" loading=\"lazy\" decoding=\"async\" src=\"https:\/\/i0.wp.com\/tvnovelas.com.br\/news\/mundo\/wp-content\/uploads\/2019\/08\/geral430.jpg?resize=600%2C450&#038;ssl=1\" alt=\"Foto de queimada na Amaz\u00f4nia\" width=\"600\" height=\"450\" class=\"alignnone wp-image-4757 size-full\" title=\"(Foto: CBM\/RO\/22\/08)\" srcset=\"https:\/\/i0.wp.com\/tvnovelas.com.br\/news\/wp-content\/uploads\/2019\/08\/geral430.jpg?w=600&amp;ssl=1 600w, https:\/\/i0.wp.com\/tvnovelas.com.br\/news\/wp-content\/uploads\/2019\/08\/geral430.jpg?resize=300%2C225&amp;ssl=1 300w\" sizes=\"auto, (max-width: 600px) 100vw, 600px\" \/><\/a><\/p>\n<p>As queimadas est\u00e3o proibidas em todo o pa\u00eds durante o per\u00edodo de 60 dias, a partir desta quinta-feira (29). Decreto determinando a suspens\u00e3o da permiss\u00e3o do uso de fogo nesse processo est\u00e1 publicado no Di\u00e1rio Oficial da Uni\u00e3o de hoje.<\/p>\n<p>A medida n\u00e3o se aplica em casos como de controle fitossanit\u00e1rio, desde que seja autorizado pelo \u00f3rg\u00e3o ambiental competente; nas pr\u00e1ticas de preven\u00e7\u00e3o e combate a inc\u00eandios; e nas pr\u00e1ticas de agricultura de subsist\u00eancia das popula\u00e7\u00f5es tradicionais e ind\u00edgenas.<\/p>\n","protected":false},"excerpt":{"rendered":"<p>As queimadas est\u00e3o proibidas em todo o pa\u00eds durante o per\u00edodo de 60 dias, a partir desta quinta-feira (29). Decreto determinando a suspens\u00e3o da permiss\u00e3o do uso de fogo nesse processo est\u00e1 publicado no Di\u00e1rio Oficial da Uni\u00e3o de hoje. A medida n\u00e3o se aplica em casos como de controle fitossanit\u00e1rio, desde que seja autorizado&#8230;<\/p>\n","protected":false},"author":1,"featured_media":4757,"comment_status":"closed","ping_status":"closed","sticky":false,"template":"","format":"standard","meta":{"_monsterinsights_skip_tracking":false,"_monsterinsights_sitenote_active":false,"_monsterinsights_sitenote_note":"","_monsterinsights_sitenote_category":0,"magazine_newspaper_sidebar_layout":"","footnotes":"","jetpack_publicize_message":"","jetpack_publicize_feature_enabled":true,"jetpack_social_post_already_shared":false,"jetpack_social_options":{"image_generator_settings":{"template":"highway","default_image_id":0,"font":"","enabled":false},"version":2}},"categories":[1],"tags":[873,828],"class_list":["post-4851","post","type-post","status-publish","format-standard","has-post-thumbnail","hentry","category-blog","tag-proibicao-de-queimadas","tag-queimadas"],"aioseo_notices":[],"jetpack_publicize_connections":[],"jetpack_featured_media_url":"https:\/\/i0.wp.com\/tvnovelas.com.br\/news\/wp-content\/uploads\/2019\/08\/geral430.jpg?fit=600%2C450&ssl=1","jetpack_sharing_enabled":true,"jetpack_likes_enabled":true,"jetpack-related-posts":[],"jetpack_shortlink":"https:\/\/wp.me\/pfB4mB-1gf","_links":{"self":[{"href":"https:\/\/tvnovelas.com.br\/news\/wp-json\/wp\/v2\/posts\/4851","targetHints":{"allow":["GET"]}}],"collection":[{"href":"https:\/\/tvnovelas.com.br\/news\/wp-json\/wp\/v2\/posts"}],"about":[{"href":"https:\/\/tvnovelas.com.br\/news\/wp-json\/wp\/v2\/types\/post"}],"author":[{"embeddable":true,"href":"https:\/\/tvnovelas.com.br\/news\/wp-json\/wp\/v2\/users\/1"}],"replies":[{"embeddable":true,"href":"https:\/\/tvnovelas.com.br\/news\/wp-json\/wp\/v2\/comments?post=4851"}],"version-history":[{"count":1,"href":"https:\/\/tvnovelas.com.br\/news\/wp-json\/wp\/v2\/posts\/4851\/revisions"}],"predecessor-version":[{"id":4852,"href":"https:\/\/tvnovelas.com.br\/news\/wp-json\/wp\/v2\/posts\/4851\/revisions\/4852"}],"wp:featuredmedia":[{"embeddable":true,"href":"https:\/\/tvnovelas.com.br\/news\/wp-json\/wp\/v2\/media\/4757"}],"wp:attachment":[{"href":"https:\/\/tvnovelas.com.br\/news\/wp-json\/wp\/v2\/media?parent=4851"}],"wp:term":[{"taxonomy":"category","embeddable":true,"href":"https:\/\/tvnovelas.com.br\/news\/wp-json\/wp\/v2\/categories?post=4851"},{"taxonomy":"post_tag","embeddable":true,"href":"https:\/\/tvnovelas.com.br\/news\/wp-json\/wp\/v2\/tags?post=4851"}],"curies":[{"name":"wp","href":"https:\/\/api.w.org\/{rel}","templated":true}]}}