{"id":4833,"date":"2019-08-28T17:45:44","date_gmt":"2019-08-28T20:45:44","guid":{"rendered":"https:\/\/tvnovelas.com.br\/news\/mundo\/?p=4833"},"modified":"2019-08-28T11:02:00","modified_gmt":"2019-08-28T14:02:00","slug":"festa-dos-pes-de-pomba-sera-realizada-neste-fim-de-semana","status":"publish","type":"post","link":"https:\/\/tvnovelas.com.br\/news\/festa-dos-pes-de-pomba-sera-realizada-neste-fim-de-semana\/","title":{"rendered":"Festa dos P\u00e9s de Pomba ser\u00e1 realizada neste fim de semana"},"content":{"rendered":"<p>De sexta a domingo (dias 30, 31 de agosto e 1\u00ba de setembro) ser\u00e1 realizada a 45\u00aa Festa dos P\u00e9s de Pomba, em Bar\u00e3o de Cocais, no Espa\u00e7o de Eventos Jos\u00e9 Furtado (atr\u00e1s do est\u00e1dio do Metalusina). A abertura da festa foi no domingo, dia 25, que abriu a programa\u00e7\u00e3o para juventude com o evento Stage of Colors (Festival de Cores), atraindo cerca de cinco mil jovens, que dan\u00e7aram na pista de skate da avenida Waldemar das Dores, O p\u00f3 colorido .<br \/>\nA 45\u00aa Festa dos P\u00e9s de Pomba tem o seu ponto alto nesta sexta-feira, dia 30, com a programa\u00e7\u00e3o musical, festival gastron\u00f4mico, Caminhada Ecol\u00f3gica dentro da Jornada do Patrim\u00f4nio Hist\u00f3rico do munic\u00edpio e realiza\u00e7\u00e3o do teatro adulto e infantil durante os tr\u00eas dias.<br \/>\nA programa\u00e7\u00e3o oficial \u00e9 a seguinte:<br \/>\nNa sexta-feira (30), a dupla sertaneja Henrique &#038; Diego subir\u00e1 ao palco principal para tocar seus v\u00e1rios sucessos, entre eles \u201cSu\u00edte 14\u201d e \u201cRasp\u00e3o\u201d.<br \/>\nNo s\u00e1bado (31), \u00e9 a vez do rock nacional com a banda Tianast\u00e1cia e hits como \u201cCabrobro\u201d e \u201cConto de Fraldas\u201d. J\u00e1 o domingo (1\u00ba), a atra\u00e7\u00e3o principal ser\u00e1 a Orquestra Opus e o m\u00fasico Dado Villa-Lobos, que foi guitarrista da banda Legi\u00e3o Urbana. Juntos, eles apresentar\u00e3o os sucessos de uma das maiores bandas nacionais e da carreira solo de Villa-Lobos.<br \/>\n<em>*Leonel Marques, de Bar\u00e3o de Cocais<\/em><\/p>\n","protected":false},"excerpt":{"rendered":"<p>De sexta a domingo (dias 30, 31 de agosto e 1\u00ba de setembro) ser\u00e1 realizada a 45\u00aa Festa dos P\u00e9s de Pomba, em Bar\u00e3o de Cocais, no Espa\u00e7o de Eventos Jos\u00e9 Furtado (atr\u00e1s do est\u00e1dio do Metalusina). A abertura da festa foi no domingo, dia 25, que abriu a programa\u00e7\u00e3o para juventude com o evento&#8230;<\/p>\n","protected":false},"author":1,"featured_media":0,"comment_status":"closed","ping_status":"closed","sticky":false,"template":"","format":"standard","meta":{"_monsterinsights_skip_tracking":false,"_monsterinsights_sitenote_active":false,"_monsterinsights_sitenote_note":"","_monsterinsights_sitenote_category":0,"magazine_newspaper_sidebar_layout":"","footnotes":"","jetpack_publicize_message":"","jetpack_publicize_feature_enabled":true,"jetpack_social_post_already_shared":false,"jetpack_social_options":{"image_generator_settings":{"template":"highway","default_image_id":0,"font":"","enabled":false},"version":2}},"categories":[1],"tags":[],"class_list":["post-4833","post","type-post","status-publish","format-standard","hentry","category-blog"],"aioseo_notices":[],"jetpack_publicize_connections":[],"jetpack_featured_media_url":"","jetpack_sharing_enabled":true,"jetpack_likes_enabled":true,"jetpack-related-posts":[],"jetpack_shortlink":"https:\/\/wp.me\/pfB4mB-1fX","_links":{"self":[{"href":"https:\/\/tvnovelas.com.br\/news\/wp-json\/wp\/v2\/posts\/4833","targetHints":{"allow":["GET"]}}],"collection":[{"href":"https:\/\/tvnovelas.com.br\/news\/wp-json\/wp\/v2\/posts"}],"about":[{"href":"https:\/\/tvnovelas.com.br\/news\/wp-json\/wp\/v2\/types\/post"}],"author":[{"embeddable":true,"href":"https:\/\/tvnovelas.com.br\/news\/wp-json\/wp\/v2\/users\/1"}],"replies":[{"embeddable":true,"href":"https:\/\/tvnovelas.com.br\/news\/wp-json\/wp\/v2\/comments?post=4833"}],"version-history":[{"count":1,"href":"https:\/\/tvnovelas.com.br\/news\/wp-json\/wp\/v2\/posts\/4833\/revisions"}],"predecessor-version":[{"id":4834,"href":"https:\/\/tvnovelas.com.br\/news\/wp-json\/wp\/v2\/posts\/4833\/revisions\/4834"}],"wp:attachment":[{"href":"https:\/\/tvnovelas.com.br\/news\/wp-json\/wp\/v2\/media?parent=4833"}],"wp:term":[{"taxonomy":"category","embeddable":true,"href":"https:\/\/tvnovelas.com.br\/news\/wp-json\/wp\/v2\/categories?post=4833"},{"taxonomy":"post_tag","embeddable":true,"href":"https:\/\/tvnovelas.com.br\/news\/wp-json\/wp\/v2\/tags?post=4833"}],"curies":[{"name":"wp","href":"https:\/\/api.w.org\/{rel}","templated":true}]}}