{"id":4824,"date":"2019-08-28T09:41:54","date_gmt":"2019-08-28T12:41:54","guid":{"rendered":"https:\/\/tvnovelas.com.br\/news\/mundo\/?p=4824"},"modified":"2019-08-28T09:42:10","modified_gmt":"2019-08-28T12:42:10","slug":"senado-aprova-criacao-da-area-de-interesse-turistico-de-angra-doce","status":"publish","type":"post","link":"https:\/\/tvnovelas.com.br\/news\/senado-aprova-criacao-da-area-de-interesse-turistico-de-angra-doce\/","title":{"rendered":"Senado cria \u00e1rea de interesse tur\u00edstico de Angra Doce"},"content":{"rendered":"<p><a href=\"https:\/\/i0.wp.com\/tvnovelas.com.br\/news\/mundo\/wp-content\/uploads\/2019\/08\/geral447.jpg?ssl=1\"><img data-recalc-dims=\"1\" loading=\"lazy\" decoding=\"async\" src=\"https:\/\/i0.wp.com\/tvnovelas.com.br\/news\/mundo\/wp-content\/uploads\/2019\/08\/geral447.jpg?resize=500%2C281&#038;ssl=1\" alt=\"Foto de vista de Ribeir\u00e3o Claro (PR)\" width=\"500\" height=\"281\" class=\"alignnone wp-image-4825 size-full\" title=\"Ribeir\u00e3o Claro (PR), uma das cidades do Angra Doce(Foto: Prefeitura de RC)\" srcset=\"https:\/\/i0.wp.com\/tvnovelas.com.br\/news\/wp-content\/uploads\/2019\/08\/geral447.jpg?w=500&amp;ssl=1 500w, https:\/\/i0.wp.com\/tvnovelas.com.br\/news\/wp-content\/uploads\/2019\/08\/geral447.jpg?resize=300%2C169&amp;ssl=1 300w\" sizes=\"auto, (max-width: 500px) 100vw, 500px\" \/><\/a><\/p>\n<p>A regi\u00e3o do reservat\u00f3rio da usina hidrel\u00e9trica de Chavantes, entre S\u00e3o Paulo e Paran\u00e1, passa a ser definida como \u00e1rea especial de interesse tur\u00edstico e denominada de Angra Doce. A mudan\u00e7a est\u00e1 prevista no Projeto de Lei da C\u00e2mara\u00a0(PLC 34\/2017), aprovado no plen\u00e1rio do Senado nesta ter\u00e7a-feira (27). O projeto segue para a san\u00e7\u00e3o presidencial.<\/p>\n<p>De acordo com o texto, a \u00e1rea de Angra Doce abranger\u00e1 os munic\u00edpios de Ribeir\u00e3o Claro, Carl\u00f3polis, Siqueira Campos, Jacarezinho e Salto do Itarar\u00e9, no estado do Paran\u00e1; e os munic\u00edpios de Chavantes, Ourinhos, Canitar, Ipaussu, Timburi, Piraju, Fartura, Bernardino de Campos, Itaporanga e Bar\u00e3o de Antonina, no estado de S\u00e3o Paulo.<\/p>\n<p>Na justificativa do projeto, o autor, deputado Capit\u00e3o Augusto (PL-SP), disse que a usina, localizada no Rio Paranapanema, formou um lago que conferiu aos munic\u00edpios do seu entorno o potencial para desenvolvimento de atividades de entretenimento e lazer, com condi\u00e7\u00f5es de se tornar um importante destino tur\u00edstico do pa\u00eds. <\/p>\n<p>Entre as atividades citadas est\u00e3o canoagem, rafting, trekking, voo livre, paraglider e passeios n\u00e1uticos.<br \/>\nNo parecer pela aprova\u00e7\u00e3o, o relator, \u00a0senador Wellington Fagundes (PR-MT), disse considerar o projeto merit\u00f3rio por tornar efetiva a implementa\u00e7\u00e3o de \u00e1reas especiais de interesse tur\u00edstico previstas em lei.<br \/>\nFonte: Ag\u00eancia Senado<\/p>\n","protected":false},"excerpt":{"rendered":"<p>A regi\u00e3o do reservat\u00f3rio da usina hidrel\u00e9trica de Chavantes, entre S\u00e3o Paulo e Paran\u00e1, passa a ser definida como \u00e1rea especial de interesse tur\u00edstico e denominada de Angra Doce. A mudan\u00e7a est\u00e1 prevista no Projeto de Lei da C\u00e2mara\u00a0(PLC 34\/2017), aprovado no plen\u00e1rio do Senado nesta ter\u00e7a-feira (27). O projeto segue para a san\u00e7\u00e3o presidencial&#8230;.<\/p>\n","protected":false},"author":1,"featured_media":4825,"comment_status":"closed","ping_status":"closed","sticky":false,"template":"","format":"standard","meta":{"_monsterinsights_skip_tracking":false,"_monsterinsights_sitenote_active":false,"_monsterinsights_sitenote_note":"","_monsterinsights_sitenote_category":0,"magazine_newspaper_sidebar_layout":"","footnotes":"","jetpack_publicize_message":"","jetpack_publicize_feature_enabled":true,"jetpack_social_post_already_shared":false,"jetpack_social_options":{"image_generator_settings":{"template":"highway","default_image_id":0,"font":"","enabled":false},"version":2}},"categories":[65],"tags":[858,859,124],"class_list":["post-4824","post","type-post","status-publish","format-standard","has-post-thumbnail","hentry","category-turismo-e-lazer","tag-angra-doce","tag-ribeirao-claro","tag-senado"],"aioseo_notices":[],"jetpack_publicize_connections":[],"jetpack_featured_media_url":"https:\/\/i0.wp.com\/tvnovelas.com.br\/news\/wp-content\/uploads\/2019\/08\/geral447.jpg?fit=500%2C281&ssl=1","jetpack_sharing_enabled":true,"jetpack_likes_enabled":true,"jetpack-related-posts":[],"jetpack_shortlink":"https:\/\/wp.me\/pfB4mB-1fO","_links":{"self":[{"href":"https:\/\/tvnovelas.com.br\/news\/wp-json\/wp\/v2\/posts\/4824","targetHints":{"allow":["GET"]}}],"collection":[{"href":"https:\/\/tvnovelas.com.br\/news\/wp-json\/wp\/v2\/posts"}],"about":[{"href":"https:\/\/tvnovelas.com.br\/news\/wp-json\/wp\/v2\/types\/post"}],"author":[{"embeddable":true,"href":"https:\/\/tvnovelas.com.br\/news\/wp-json\/wp\/v2\/users\/1"}],"replies":[{"embeddable":true,"href":"https:\/\/tvnovelas.com.br\/news\/wp-json\/wp\/v2\/comments?post=4824"}],"version-history":[{"count":2,"href":"https:\/\/tvnovelas.com.br\/news\/wp-json\/wp\/v2\/posts\/4824\/revisions"}],"predecessor-version":[{"id":4827,"href":"https:\/\/tvnovelas.com.br\/news\/wp-json\/wp\/v2\/posts\/4824\/revisions\/4827"}],"wp:featuredmedia":[{"embeddable":true,"href":"https:\/\/tvnovelas.com.br\/news\/wp-json\/wp\/v2\/media\/4825"}],"wp:attachment":[{"href":"https:\/\/tvnovelas.com.br\/news\/wp-json\/wp\/v2\/media?parent=4824"}],"wp:term":[{"taxonomy":"category","embeddable":true,"href":"https:\/\/tvnovelas.com.br\/news\/wp-json\/wp\/v2\/categories?post=4824"},{"taxonomy":"post_tag","embeddable":true,"href":"https:\/\/tvnovelas.com.br\/news\/wp-json\/wp\/v2\/tags?post=4824"}],"curies":[{"name":"wp","href":"https:\/\/api.w.org\/{rel}","templated":true}]}}