{"id":4819,"date":"2019-08-28T08:18:00","date_gmt":"2019-08-28T11:18:00","guid":{"rendered":"https:\/\/tvnovelas.com.br\/news\/mundo\/?p=4819"},"modified":"2019-08-28T08:20:49","modified_gmt":"2019-08-28T11:20:49","slug":"ccj-da-camara-aprova-pec-que-permite-atividade-agropecuaria-em-terra-indigena","status":"publish","type":"post","link":"https:\/\/tvnovelas.com.br\/news\/ccj-da-camara-aprova-pec-que-permite-atividade-agropecuaria-em-terra-indigena\/","title":{"rendered":"CCJ da C\u00e2mara aprova PEC que permite atividade agropecu\u00e1ria<\/br> em terra ind\u00edgena"},"content":{"rendered":"<p><a href=\"https:\/\/i0.wp.com\/tvnovelas.com.br\/news\/mundo\/wp-content\/uploads\/2019\/08\/geral446.jpg?ssl=1\"><img data-recalc-dims=\"1\" loading=\"lazy\" decoding=\"async\" src=\"https:\/\/i0.wp.com\/tvnovelas.com.br\/news\/mundo\/wp-content\/uploads\/2019\/08\/geral446.jpg?resize=500%2C285&#038;ssl=1\" alt=\"Foto de aldeia ind\u00edgena\" width=\"500\" height=\"285\" class=\"alignnone wp-image-4820 size-full\" title=\"(Foto: Arquivo\/Ag\u00eancia Brasil)\" srcset=\"https:\/\/i0.wp.com\/tvnovelas.com.br\/news\/wp-content\/uploads\/2019\/08\/geral446.jpg?w=500&amp;ssl=1 500w, https:\/\/i0.wp.com\/tvnovelas.com.br\/news\/wp-content\/uploads\/2019\/08\/geral446.jpg?resize=300%2C171&amp;ssl=1 300w\" sizes=\"auto, (max-width: 500px) 100vw, 500px\" \/><\/a><\/p>\n<p style=\"text-align: right;\"><em>Ag\u00eancia Brasil<\/em><\/p>\n<p>A Comiss\u00e3o de Constitui\u00e7\u00e3o e Justi\u00e7a (CCJ) da C\u00e2mara dos Deputados aprovou, nesta ter\u00e7a-feira (27), a admissibilidade da Proposta de Emenda \u00e0 Constitui\u00e7\u00e3o (PEC 187\/16) que prev\u00ea atividades agropecu\u00e1rias e florestais em terras ind\u00edgenas. Foram registrados 33 votos a favor, 18 contra e uma absten\u00e7\u00e3o.<\/p>\n<p>A PEC estabelece que as comunidades ind\u00edgenas podem, de forma direta, exercer atividades agropecu\u00e1rias e florestais em suas terras, com autonomia para a administra\u00e7\u00e3o dos bens e a comercializa\u00e7\u00e3o dos produtos. O texto da mat\u00e9ria prop\u00f5e a inclus\u00e3o de um par\u00e1grafo ao artigo 231 da Constitui\u00e7\u00e3o Federal.<\/p>\n<p>\u201cAs comunidades ind\u00edgenas podem, de forma direta e respeitada a legisla\u00e7\u00e3o pertinente, exercer atividades agropecu\u00e1rias e florestais nas terras mencionadas no Par\u00e1grafo 1\u00ba deste artigo, sendo aut\u00f4nomas para praticar os atos necess\u00e1rios \u00e0 administra\u00e7\u00e3o de seus bens e comercializa\u00e7\u00e3o da produ\u00e7\u00e3o\u201d, diz o texto da PEC.<\/p>\n<p>Para seguir a tramita\u00e7\u00e3o, \u00e9 necess\u00e1rio que seja instalada uma comiss\u00e3o especial para tratar exclusivamente do tema. No entanto, o presidente da C\u00e2mara, deputado Rodrigo Maia (DEM-RJ) afirmou nesta segunda-feira (26) que n\u00e3o criar\u00e1 a comiss\u00e3o especial no caso de surgir \u201calguma pol\u00eamica\u201d.<\/p>\n<p>\u201cSe for algo que sinaliza com alguma pol\u00eamica, com algum encaminhamento que gere mais narrativas negativas para o Brasil, \u00e9 claro que ela vai ficar onde est\u00e1, apenas aprovada na CCJ\u201d, disse Maia.<\/p>\n","protected":false},"excerpt":{"rendered":"<p>Ag\u00eancia Brasil A Comiss\u00e3o de Constitui\u00e7\u00e3o e Justi\u00e7a (CCJ) da C\u00e2mara dos Deputados aprovou, nesta ter\u00e7a-feira (27), a admissibilidade da Proposta de Emenda \u00e0 Constitui\u00e7\u00e3o (PEC 187\/16) que prev\u00ea atividades agropecu\u00e1rias e florestais em terras ind\u00edgenas. Foram registrados 33 votos a favor, 18 contra e uma absten\u00e7\u00e3o. A PEC estabelece que as comunidades ind\u00edgenas podem,&#8230;<\/p>\n","protected":false},"author":1,"featured_media":0,"comment_status":"closed","ping_status":"closed","sticky":false,"template":"","format":"standard","meta":{"_monsterinsights_skip_tracking":false,"_monsterinsights_sitenote_active":false,"_monsterinsights_sitenote_note":"","_monsterinsights_sitenote_category":0,"magazine_newspaper_sidebar_layout":"","footnotes":"","jetpack_publicize_message":"","jetpack_publicize_feature_enabled":true,"jetpack_social_post_already_shared":false,"jetpack_social_options":{"image_generator_settings":{"template":"highway","default_image_id":0,"font":"","enabled":false},"version":2}},"categories":[1],"tags":[],"class_list":["post-4819","post","type-post","status-publish","format-standard","hentry","category-blog"],"aioseo_notices":[],"jetpack_publicize_connections":[],"jetpack_featured_media_url":"","jetpack_sharing_enabled":true,"jetpack_likes_enabled":true,"jetpack-related-posts":[],"jetpack_shortlink":"https:\/\/wp.me\/pfB4mB-1fJ","_links":{"self":[{"href":"https:\/\/tvnovelas.com.br\/news\/wp-json\/wp\/v2\/posts\/4819","targetHints":{"allow":["GET"]}}],"collection":[{"href":"https:\/\/tvnovelas.com.br\/news\/wp-json\/wp\/v2\/posts"}],"about":[{"href":"https:\/\/tvnovelas.com.br\/news\/wp-json\/wp\/v2\/types\/post"}],"author":[{"embeddable":true,"href":"https:\/\/tvnovelas.com.br\/news\/wp-json\/wp\/v2\/users\/1"}],"replies":[{"embeddable":true,"href":"https:\/\/tvnovelas.com.br\/news\/wp-json\/wp\/v2\/comments?post=4819"}],"version-history":[{"count":2,"href":"https:\/\/tvnovelas.com.br\/news\/wp-json\/wp\/v2\/posts\/4819\/revisions"}],"predecessor-version":[{"id":4822,"href":"https:\/\/tvnovelas.com.br\/news\/wp-json\/wp\/v2\/posts\/4819\/revisions\/4822"}],"wp:attachment":[{"href":"https:\/\/tvnovelas.com.br\/news\/wp-json\/wp\/v2\/media?parent=4819"}],"wp:term":[{"taxonomy":"category","embeddable":true,"href":"https:\/\/tvnovelas.com.br\/news\/wp-json\/wp\/v2\/categories?post=4819"},{"taxonomy":"post_tag","embeddable":true,"href":"https:\/\/tvnovelas.com.br\/news\/wp-json\/wp\/v2\/tags?post=4819"}],"curies":[{"name":"wp","href":"https:\/\/api.w.org\/{rel}","templated":true}]}}