{"id":4685,"date":"2019-08-21T13:01:29","date_gmt":"2019-08-21T16:01:29","guid":{"rendered":"https:\/\/tvnovelas.com.br\/news\/mundo\/?p=4685"},"modified":"2019-08-21T13:01:29","modified_gmt":"2019-08-21T16:01:29","slug":"visita-aos-museus-brasileiros-aumenta-31-no-primeiro-semestre","status":"publish","type":"post","link":"https:\/\/tvnovelas.com.br\/news\/visita-aos-museus-brasileiros-aumenta-31-no-primeiro-semestre\/","title":{"rendered":"Visita aos museus brasileiros aumenta 31% no primeiro semestre"},"content":{"rendered":"<p><a href=\"https:\/\/i0.wp.com\/tvnovelas.com.br\/news\/mundo\/wp-content\/uploads\/2019\/08\/geral412.jpg?ssl=1\"><img data-recalc-dims=\"1\" loading=\"lazy\" decoding=\"async\" src=\"https:\/\/i0.wp.com\/tvnovelas.com.br\/news\/mundo\/wp-content\/uploads\/2019\/08\/geral412.jpg?resize=500%2C334&#038;ssl=1\" alt=\"Foto do pr\u00e9dio do Museu da Rep\u00fablica\" width=\"500\" height=\"334\" class=\"alignnone wp-image-4686 size-full\" title=\"Museu da Rep\u00fablic (Foto: Ibram)\" srcset=\"https:\/\/i0.wp.com\/tvnovelas.com.br\/news\/wp-content\/uploads\/2019\/08\/geral412.jpg?w=500&amp;ssl=1 500w, https:\/\/i0.wp.com\/tvnovelas.com.br\/news\/wp-content\/uploads\/2019\/08\/geral412.jpg?resize=300%2C200&amp;ssl=1 300w, https:\/\/i0.wp.com\/tvnovelas.com.br\/news\/wp-content\/uploads\/2019\/08\/geral412.jpg?resize=450%2C300&amp;ssl=1 450w, https:\/\/i0.wp.com\/tvnovelas.com.br\/news\/wp-content\/uploads\/2019\/08\/geral412.jpg?resize=360%2C240&amp;ssl=1 360w\" sizes=\"auto, (max-width: 500px) 100vw, 500px\" \/><\/a><\/p>\n<p>O primeiro semestre de 2019 deixou boas not\u00edcias para os museus brasileiros. De janeiro a junho, as visitas cresceram 31% em rela\u00e7\u00e3o ao mesmo per\u00edodo de 2018. Se os dados considerarem apenas os quatro mais visitados nos \u00faltimos dois anos &#8211; Museu da Inconfid\u00eancia (MG), Museu da Rep\u00fablica (RJ), Museu Imperial (RJ) e Museu Nacional de Belas Artes (RJ), o \u00edndice atinge 43,5% de aumento. Em 2018, as visitas chegaram a 313.734 pessoas nessas institui\u00e7\u00f5es. Neste ano, o n\u00famero bateu 450.209.<\/p>\n<p>Os dados fazem parte de levantamento realizado pelo Instituto Brasileiro de Museus (Ibram) que levou em considera\u00e7\u00e3o os museus vinculados \u00e0 autarquia do Minist\u00e9rio da Cidadania. Criado em janeiro de 2009, o \u00f3rg\u00e3o \u00e9 respons\u00e1vel pela Pol\u00edtica Nacional de Museus (PNM) e realiza a administra\u00e7\u00e3o direta de 30 museus no Brasil.<\/p>\n<p>O Museu Imperial, em Petr\u00f3polis (RJ), foi o que mais recebeu p\u00fablico no primeiro semestre dos \u00faltimos anos. Em 2018, foram 159.043 e, em 2019, 183.661. J\u00e1 o Museu da Rep\u00fablica, que fica na capital fluminense, registrou o maior crescimento: saltou de 58.800 visitas de janeiro a junho de 2018 para 105.923 no mesmo per\u00edodo deste ano. O Museu da Inconfid\u00eancia, de Ouro Preto (MG), teve p\u00fablico de 96.709 em 2019, ante 64.897 no ano passado. Da lista dos quatro mais visitados, o Museu Nacional de Belas Artes, tamb\u00e9m na cidade do Rio de Janeiro, passou de 30.994 para 63.916 visitantes.<\/p>\n","protected":false},"excerpt":{"rendered":"<p>O primeiro semestre de 2019 deixou boas not\u00edcias para os museus brasileiros. De janeiro a junho, as visitas cresceram 31% em rela\u00e7\u00e3o ao mesmo per\u00edodo de 2018. Se os dados considerarem apenas os quatro mais visitados nos \u00faltimos dois anos &#8211; Museu da Inconfid\u00eancia (MG), Museu da Rep\u00fablica (RJ), Museu Imperial (RJ) e Museu Nacional&#8230;<\/p>\n","protected":false},"author":1,"featured_media":4686,"comment_status":"closed","ping_status":"closed","sticky":false,"template":"","format":"standard","meta":{"_monsterinsights_skip_tracking":false,"_monsterinsights_sitenote_active":false,"_monsterinsights_sitenote_note":"","_monsterinsights_sitenote_category":0,"magazine_newspaper_sidebar_layout":"","footnotes":"","jetpack_publicize_message":"","jetpack_publicize_feature_enabled":true,"jetpack_social_post_already_shared":false,"jetpack_social_options":{"image_generator_settings":{"template":"highway","default_image_id":0,"font":"","enabled":false},"version":2}},"categories":[213],"tags":[25,142,795,796,798,797,20],"class_list":["post-4685","post","type-post","status-publish","format-standard","has-post-thumbnail","hentry","category-cultura","tag-cultura","tag-ibram","tag-museu-da-inconfidencia","tag-museu-da-republica","tag-museu-imperial","tag-museu-nacional-de-belas-artes","tag-turismo"],"aioseo_notices":[],"jetpack_publicize_connections":[],"jetpack_featured_media_url":"https:\/\/i0.wp.com\/tvnovelas.com.br\/news\/wp-content\/uploads\/2019\/08\/geral412.jpg?fit=500%2C334&ssl=1","jetpack_sharing_enabled":true,"jetpack_likes_enabled":true,"jetpack-related-posts":[],"jetpack_shortlink":"https:\/\/wp.me\/pfB4mB-1dz","_links":{"self":[{"href":"https:\/\/tvnovelas.com.br\/news\/wp-json\/wp\/v2\/posts\/4685","targetHints":{"allow":["GET"]}}],"collection":[{"href":"https:\/\/tvnovelas.com.br\/news\/wp-json\/wp\/v2\/posts"}],"about":[{"href":"https:\/\/tvnovelas.com.br\/news\/wp-json\/wp\/v2\/types\/post"}],"author":[{"embeddable":true,"href":"https:\/\/tvnovelas.com.br\/news\/wp-json\/wp\/v2\/users\/1"}],"replies":[{"embeddable":true,"href":"https:\/\/tvnovelas.com.br\/news\/wp-json\/wp\/v2\/comments?post=4685"}],"version-history":[{"count":1,"href":"https:\/\/tvnovelas.com.br\/news\/wp-json\/wp\/v2\/posts\/4685\/revisions"}],"predecessor-version":[{"id":4687,"href":"https:\/\/tvnovelas.com.br\/news\/wp-json\/wp\/v2\/posts\/4685\/revisions\/4687"}],"wp:featuredmedia":[{"embeddable":true,"href":"https:\/\/tvnovelas.com.br\/news\/wp-json\/wp\/v2\/media\/4686"}],"wp:attachment":[{"href":"https:\/\/tvnovelas.com.br\/news\/wp-json\/wp\/v2\/media?parent=4685"}],"wp:term":[{"taxonomy":"category","embeddable":true,"href":"https:\/\/tvnovelas.com.br\/news\/wp-json\/wp\/v2\/categories?post=4685"},{"taxonomy":"post_tag","embeddable":true,"href":"https:\/\/tvnovelas.com.br\/news\/wp-json\/wp\/v2\/tags?post=4685"}],"curies":[{"name":"wp","href":"https:\/\/api.w.org\/{rel}","templated":true}]}}