{"id":4668,"date":"2019-08-21T09:23:46","date_gmt":"2019-08-21T12:23:46","guid":{"rendered":"https:\/\/tvnovelas.com.br\/news\/mundo\/?p=4668"},"modified":"2019-08-22T09:21:16","modified_gmt":"2019-08-22T12:21:16","slug":"guedes-governo-vai-anunciar-17-empresas-a-serem-privatizadas-este-ano","status":"publish","type":"post","link":"https:\/\/tvnovelas.com.br\/news\/guedes-governo-vai-anunciar-17-empresas-a-serem-privatizadas-este-ano\/","title":{"rendered":"Guedes: governo  vai anunciar 17 empresas a serem privatizadas este ano"},"content":{"rendered":"<p><a href=\"https:\/\/i0.wp.com\/tvnovelas.com.br\/news\/mundo\/wp-content\/uploads\/2019\/08\/geral389.jpg?ssl=1\"><img data-recalc-dims=\"1\" loading=\"lazy\" decoding=\"async\" src=\"https:\/\/i0.wp.com\/tvnovelas.com.br\/news\/mundo\/wp-content\/uploads\/2019\/08\/geral389.jpg?resize=500%2C333&#038;ssl=1\" alt=\"Foto do ministro Paulo Guedes (Foto: Ag\u00eancia Brasil)\" width=\"500\" height=\"333\" class=\"alignnone wp-image-4585 size-full\" title=\"(Foto: Ag\u00eancia Brasil)\" srcset=\"https:\/\/i0.wp.com\/tvnovelas.com.br\/news\/wp-content\/uploads\/2019\/08\/geral389.jpg?w=500&amp;ssl=1 500w, https:\/\/i0.wp.com\/tvnovelas.com.br\/news\/wp-content\/uploads\/2019\/08\/geral389.jpg?resize=300%2C200&amp;ssl=1 300w, https:\/\/i0.wp.com\/tvnovelas.com.br\/news\/wp-content\/uploads\/2019\/08\/geral389.jpg?resize=450%2C300&amp;ssl=1 450w, https:\/\/i0.wp.com\/tvnovelas.com.br\/news\/wp-content\/uploads\/2019\/08\/geral389.jpg?resize=360%2C240&amp;ssl=1 360w\" sizes=\"auto, (max-width: 500px) 100vw, 500px\" \/><\/a><\/p>\n<h2 style=\"text-align: center;\">&#8220;Uma BR Distribuidora aqui, daqui a pouco vem uma Eletrobras, uma Telebras, daqui a pouco vem tamb\u00e9m os Correios&#8221;<\/h2>\n<p style=\"text-align: right;\"><em>Ag\u00eancia Brasil<\/em><\/p>\n<p>O ministro da Economia, Paulo Guedes, disse hoje (20) que o governo dever\u00e1 anunciar, nesta quarta-feira (20), 17 empresas p\u00fablicas que ser\u00e3o inclu\u00eddas na lista de privatiza\u00e7\u00e3o at\u00e9 o final do ano. Guedes n\u00e3o adiantou o nome das empresas, mas disse que o governo vai acelerar ainda mais as privatiza\u00e7\u00f5es<\/p>\n<p>\u201cAs coisas est\u00e3o acontecendo devagarzinho, vai uma BR Distribuidora aqui, daqui a pouco vem uma Eletrobras, uma Telebras, daqui a pouco vem tamb\u00e9m os Correios, est\u00e1 tudo na lista. Amanh\u00e3 deve ser anunciado umas 17 empresas s\u00f3 para completar o ano. Ano que vem tem mais\u201d, disse o ministro em um evento do jornal Valor Econ\u00f4mico, na capital paulista.<\/p>\n<p>Guedes disse que o governo atingiu, em agosto, a meta de arrecada\u00e7\u00e3o de recursos com privatiza\u00e7\u00f5es, de R$ 80 bilh\u00f5es, estipulada para todo o ano de 2019. \u201cNa privatiza\u00e7\u00e3o n\u00f3s vamos acelerar. E n\u00f3s achamos que vamos surpreender\u201d, disse.<\/p>\n","protected":false},"excerpt":{"rendered":"<p>&#8220;Uma BR Distribuidora aqui, daqui a pouco vem uma Eletrobras, uma Telebras, daqui a pouco vem tamb\u00e9m os Correios&#8221; Ag\u00eancia Brasil O ministro da Economia, Paulo Guedes, disse hoje (20) que o governo dever\u00e1 anunciar, nesta quarta-feira (20), 17 empresas p\u00fablicas que ser\u00e3o inclu\u00eddas na lista de privatiza\u00e7\u00e3o at\u00e9 o final do ano. Guedes n\u00e3o&#8230;<\/p>\n","protected":false},"author":1,"featured_media":4585,"comment_status":"closed","ping_status":"closed","sticky":false,"template":"","format":"standard","meta":{"_monsterinsights_skip_tracking":false,"_monsterinsights_sitenote_active":false,"_monsterinsights_sitenote_note":"","_monsterinsights_sitenote_category":0,"magazine_newspaper_sidebar_layout":"","footnotes":"","jetpack_publicize_message":"","jetpack_publicize_feature_enabled":true,"jetpack_social_post_already_shared":false,"jetpack_social_options":{"image_generator_settings":{"template":"highway","default_image_id":0,"font":"","enabled":false},"version":2}},"categories":[1],"tags":[],"class_list":["post-4668","post","type-post","status-publish","format-standard","has-post-thumbnail","hentry","category-blog"],"aioseo_notices":[],"jetpack_publicize_connections":[],"jetpack_featured_media_url":"https:\/\/i0.wp.com\/tvnovelas.com.br\/news\/wp-content\/uploads\/2019\/08\/geral389.jpg?fit=500%2C333&ssl=1","jetpack_sharing_enabled":true,"jetpack_likes_enabled":true,"jetpack-related-posts":[],"jetpack_shortlink":"https:\/\/wp.me\/pfB4mB-1di","_links":{"self":[{"href":"https:\/\/tvnovelas.com.br\/news\/wp-json\/wp\/v2\/posts\/4668","targetHints":{"allow":["GET"]}}],"collection":[{"href":"https:\/\/tvnovelas.com.br\/news\/wp-json\/wp\/v2\/posts"}],"about":[{"href":"https:\/\/tvnovelas.com.br\/news\/wp-json\/wp\/v2\/types\/post"}],"author":[{"embeddable":true,"href":"https:\/\/tvnovelas.com.br\/news\/wp-json\/wp\/v2\/users\/1"}],"replies":[{"embeddable":true,"href":"https:\/\/tvnovelas.com.br\/news\/wp-json\/wp\/v2\/comments?post=4668"}],"version-history":[{"count":1,"href":"https:\/\/tvnovelas.com.br\/news\/wp-json\/wp\/v2\/posts\/4668\/revisions"}],"predecessor-version":[{"id":4669,"href":"https:\/\/tvnovelas.com.br\/news\/wp-json\/wp\/v2\/posts\/4668\/revisions\/4669"}],"wp:featuredmedia":[{"embeddable":true,"href":"https:\/\/tvnovelas.com.br\/news\/wp-json\/wp\/v2\/media\/4585"}],"wp:attachment":[{"href":"https:\/\/tvnovelas.com.br\/news\/wp-json\/wp\/v2\/media?parent=4668"}],"wp:term":[{"taxonomy":"category","embeddable":true,"href":"https:\/\/tvnovelas.com.br\/news\/wp-json\/wp\/v2\/categories?post=4668"},{"taxonomy":"post_tag","embeddable":true,"href":"https:\/\/tvnovelas.com.br\/news\/wp-json\/wp\/v2\/tags?post=4668"}],"curies":[{"name":"wp","href":"https:\/\/api.w.org\/{rel}","templated":true}]}}