{"id":4644,"date":"2019-08-19T10:50:23","date_gmt":"2019-08-19T13:50:23","guid":{"rendered":"https:\/\/tvnovelas.com.br\/news\/mundo\/?p=4644"},"modified":"2019-08-19T10:50:23","modified_gmt":"2019-08-19T13:50:23","slug":"teatro-sete-de-abril-em-pelotas-rs-sera-restaurado-aos-185-anos","status":"publish","type":"post","link":"https:\/\/tvnovelas.com.br\/news\/teatro-sete-de-abril-em-pelotas-rs-sera-restaurado-aos-185-anos\/","title":{"rendered":"Teatro Sete de Abril, em Pelotas (RS), ser\u00e1 restaurado aos 185 anos"},"content":{"rendered":"<p><a href=\"https:\/\/i0.wp.com\/tvnovelas.com.br\/news\/mundo\/wp-content\/uploads\/2019\/08\/geral402.jpg?ssl=1\"><img data-recalc-dims=\"1\" loading=\"lazy\" decoding=\"async\" src=\"https:\/\/i0.wp.com\/tvnovelas.com.br\/news\/mundo\/wp-content\/uploads\/2019\/08\/geral402.jpg?resize=500%2C375&#038;ssl=1\" alt=\"Foto da fachada do Teatro Sete de Abril\" width=\"500\" height=\"375\" class=\"alignnone wp-image-4645 size-full\" title=\"Teatro Sete de Abril (Foto: Iphan)\" srcset=\"https:\/\/i0.wp.com\/tvnovelas.com.br\/news\/wp-content\/uploads\/2019\/08\/geral402.jpg?w=500&amp;ssl=1 500w, https:\/\/i0.wp.com\/tvnovelas.com.br\/news\/wp-content\/uploads\/2019\/08\/geral402.jpg?resize=300%2C225&amp;ssl=1 300w\" sizes=\"auto, (max-width: 500px) 100vw, 500px\" \/><\/a><\/p>\n<p>No ano em que completa 185 de sua inaugura\u00e7\u00e3o, o Teatro Sete de Abril, em Pelotas (RS), recebe um importante presente: ser\u00e1 completamente restaurado, com recursos do Instituto do Patrim\u00f4nio Hist\u00f3rico e Art\u00edstico Nacional (Iphan), autarquia federal vinculada ao Minist\u00e9rio da Cidadania. A obra ser\u00e1 iniciada na primeira semana de setembro, contando com investimentos de R$ 6 milh\u00f5es e uma previs\u00e3o de dura\u00e7\u00e3o de 18 meses, conforme informa\u00e7\u00f5es o Iphan.<\/p>\n<p>A primeira etapa da obra ser\u00e1 executada pela Prefeitura Municipal de Pelotas, e inclui a completa restaura\u00e7\u00e3o do edif\u00edcio e implanta\u00e7\u00e3o de nova climatiza\u00e7\u00e3o, al\u00e9m das devidas adequa\u00e7\u00f5es de acessibilidade e preven\u00e7\u00e3o de inc\u00eandio. O Iphan tamb\u00e9m ir\u00e1 promover uma segunda etapa de investimentos, para a aquisi\u00e7\u00e3o dos equipamentos necess\u00e1rios \u00e0 plena utiliza\u00e7\u00e3o do espa\u00e7o cultural, como sonoriza\u00e7\u00e3o e cenotecnia. \u201cEssa restaura\u00e7\u00e3o \u00e9 da maior import\u00e2ncia e n\u00f3s do Iphan e do Minist\u00e9rio da Cidadania estamos muito empenhados para que tudo corra a contento\u201d, celebrou a presidente do Iphan, K\u00e1tia Bog\u00e9a.<\/p>\n<p>\u00danico teatro p\u00fablico de Pelotas, o Teatro Sete de Abril, localizado na Pra\u00e7a Coronel Pedro Os\u00f3rio, encontra-se fechado por conta de seu estado de conserva\u00e7\u00e3o. Nesse sentido, a obra de restaura\u00e7\u00e3o permite a recupera\u00e7\u00e3o do bem, resgatando sua import\u00e2ncia arquitet\u00f4nica para o conjunto da cidade, mas tamb\u00e9m devolvendo para a comunidade local seu espa\u00e7o de cultura, frui\u00e7\u00e3o e lazer.<\/p>\n<p><strong>Casa das artes pelotense<\/strong><br \/>\nO Teatro Sete de Abril foi inaugurado em 1834 e, ao longo de todo esse tempo, cumpriu uma fundamental import\u00e2ncia cultural para a cidade de Pelotas e regi\u00e3o. O edif\u00edcio, tombado pelo Iphan como Patrim\u00f4nio Cultural Brasileiro desde a d\u00e9cada de 1970, recebeu centenas de espet\u00e1culos nacionais e internacionais, in\u00fameras companhias de \u00f3pera, um cinema e abrigou a Filarm\u00f4nica Pelotense. Constru\u00eddo em dois pavimentos, a partir de projeto do engenheiro militar alem\u00e3o Eduardo Von Kretschmar, o espa\u00e7o passou por duas reformas anteriores, ganhando relevantes caracter\u00edsticas do art nouveau.<\/p>\n<p>A restaura\u00e7\u00e3o do edif\u00edcio \u00e9 parte de uma s\u00e9rie de interven\u00e7\u00f5es que o Iphan vem promovendo no Rio Grande do Sul, nas cidades de Pelotas, Jaguar\u00e3o, S\u00e3o Miguel das Miss\u00f5es e Porto Alegre. Em Pelotas, tamb\u00e9m est\u00e1 sendo executada a requalifica\u00e7\u00e3o da Pra\u00e7a Coronel Pedro Os\u00f3rio, onde se localiza o Teatro Sete de Abril, somando investimentos de R$ 1,08 milh\u00e3o. Ao todo, s\u00e3o previstos recursos de quase R$ 33 milh\u00f5es na cidade.<\/p>\n","protected":false},"excerpt":{"rendered":"<p>No ano em que completa 185 de sua inaugura\u00e7\u00e3o, o Teatro Sete de Abril, em Pelotas (RS), recebe um importante presente: ser\u00e1 completamente restaurado, com recursos do Instituto do Patrim\u00f4nio Hist\u00f3rico e Art\u00edstico Nacional (Iphan), autarquia federal vinculada ao Minist\u00e9rio da Cidadania. A obra ser\u00e1 iniciada na primeira semana de setembro, contando com investimentos de&#8230;<\/p>\n","protected":false},"author":1,"featured_media":4645,"comment_status":"closed","ping_status":"closed","sticky":false,"template":"","format":"standard","meta":{"_monsterinsights_skip_tracking":false,"_monsterinsights_sitenote_active":false,"_monsterinsights_sitenote_note":"","_monsterinsights_sitenote_category":0,"magazine_newspaper_sidebar_layout":"","footnotes":"","jetpack_publicize_message":"","jetpack_publicize_feature_enabled":true,"jetpack_social_post_already_shared":false,"jetpack_social_options":{"image_generator_settings":{"template":"highway","default_image_id":0,"font":"","enabled":false},"version":2}},"categories":[213],"tags":[215,31,775,774],"class_list":["post-4644","post","type-post","status-publish","format-standard","has-post-thumbnail","hentry","category-cultura","tag-iphan","tag-patrimonio-historico","tag-pelotas-rs","tag-teatro-sete-de-abril"],"aioseo_notices":[],"jetpack_publicize_connections":[],"jetpack_featured_media_url":"https:\/\/i0.wp.com\/tvnovelas.com.br\/news\/wp-content\/uploads\/2019\/08\/geral402.jpg?fit=500%2C375&ssl=1","jetpack_sharing_enabled":true,"jetpack_likes_enabled":true,"jetpack-related-posts":[],"jetpack_shortlink":"https:\/\/wp.me\/pfB4mB-1cU","_links":{"self":[{"href":"https:\/\/tvnovelas.com.br\/news\/wp-json\/wp\/v2\/posts\/4644","targetHints":{"allow":["GET"]}}],"collection":[{"href":"https:\/\/tvnovelas.com.br\/news\/wp-json\/wp\/v2\/posts"}],"about":[{"href":"https:\/\/tvnovelas.com.br\/news\/wp-json\/wp\/v2\/types\/post"}],"author":[{"embeddable":true,"href":"https:\/\/tvnovelas.com.br\/news\/wp-json\/wp\/v2\/users\/1"}],"replies":[{"embeddable":true,"href":"https:\/\/tvnovelas.com.br\/news\/wp-json\/wp\/v2\/comments?post=4644"}],"version-history":[{"count":1,"href":"https:\/\/tvnovelas.com.br\/news\/wp-json\/wp\/v2\/posts\/4644\/revisions"}],"predecessor-version":[{"id":4646,"href":"https:\/\/tvnovelas.com.br\/news\/wp-json\/wp\/v2\/posts\/4644\/revisions\/4646"}],"wp:featuredmedia":[{"embeddable":true,"href":"https:\/\/tvnovelas.com.br\/news\/wp-json\/wp\/v2\/media\/4645"}],"wp:attachment":[{"href":"https:\/\/tvnovelas.com.br\/news\/wp-json\/wp\/v2\/media?parent=4644"}],"wp:term":[{"taxonomy":"category","embeddable":true,"href":"https:\/\/tvnovelas.com.br\/news\/wp-json\/wp\/v2\/categories?post=4644"},{"taxonomy":"post_tag","embeddable":true,"href":"https:\/\/tvnovelas.com.br\/news\/wp-json\/wp\/v2\/tags?post=4644"}],"curies":[{"name":"wp","href":"https:\/\/api.w.org\/{rel}","templated":true}]}}