{"id":4276,"date":"2019-07-27T09:34:37","date_gmt":"2019-07-27T12:34:37","guid":{"rendered":"https:\/\/tvnovelas.com.br\/news\/mundo\/?p=4276"},"modified":"2019-07-27T09:34:37","modified_gmt":"2019-07-27T12:34:37","slug":"serra-da-barriga-al-recebeu-turistas-de-16-paises-em-sete-meses","status":"publish","type":"post","link":"https:\/\/tvnovelas.com.br\/news\/serra-da-barriga-al-recebeu-turistas-de-16-paises-em-sete-meses\/","title":{"rendered":"Serra da Barriga (AL) recebeu turistas de 16 pa\u00edses em sete meses"},"content":{"rendered":"<p><a href=\"https:\/\/i0.wp.com\/tvnovelas.com.br\/news\/mundo\/wp-content\/uploads\/2019\/07\/geral329.jpg?ssl=1\"><img data-recalc-dims=\"1\" loading=\"lazy\" decoding=\"async\" src=\"https:\/\/i0.wp.com\/tvnovelas.com.br\/news\/mundo\/wp-content\/uploads\/2019\/07\/geral329.jpg?resize=500%2C333&#038;ssl=1\" alt=\"Foto de paisagem da Serra da Barriga\" width=\"500\" height=\"333\" class=\"alignnone wp-image-4277 size-full\" title=\"Foto: Kaio Fragoso\/Ag\u00eancia Alagoas)\" srcset=\"https:\/\/i0.wp.com\/tvnovelas.com.br\/news\/wp-content\/uploads\/2019\/07\/geral329.jpg?w=500&amp;ssl=1 500w, https:\/\/i0.wp.com\/tvnovelas.com.br\/news\/wp-content\/uploads\/2019\/07\/geral329.jpg?resize=300%2C200&amp;ssl=1 300w, https:\/\/i0.wp.com\/tvnovelas.com.br\/news\/wp-content\/uploads\/2019\/07\/geral329.jpg?resize=450%2C300&amp;ssl=1 450w, https:\/\/i0.wp.com\/tvnovelas.com.br\/news\/wp-content\/uploads\/2019\/07\/geral329.jpg?resize=360%2C240&amp;ssl=1 360w\" sizes=\"auto, (max-width: 500px) 100vw, 500px\" \/><\/a><br \/>\nUm ano e meio depois de ter recebido o t\u00edtulo de patrim\u00f4nio cultural do Mercosul, a Serra da Barriga, que abrigava o Quilombo dos Palmares, maior espa\u00e7o de resist\u00eancia de escravos e \u00edndios durante mais de um s\u00e9culo no per\u00edodo colonial, comemora os bons resultados do \u00edndice de fluxo de turistas internacionais, que registrou visitantes de 16 diferentes pa\u00edses de novembro do ano passado a abril deste ano.<\/p>\n<p>Argentinos, portugueses e italianos s\u00e3o respons\u00e1veis pela maior parcela deste fluxo de turistas. Alem\u00e3es, \u00e1rabes, canadenses, colombianos, cubanos, estadunidenses, haitianos, uruguaios, russos, porto-riquenhos, dinamarqueses, franceses e espanh\u00f3is tamb\u00e9m j\u00e1 visitaram o Parque Memorial Quilombo dos Palmares.<\/p>\n<p>J\u00e1 entre o fluxo nacional, se destacam turistas de Alagoas e Pernambuco. O segmento mais forte na regi\u00e3o \u00e9 o turismo pedag\u00f3gico, onde estudantes, pesquisadores e intelectuais dos mais variados n\u00edveis de gradua\u00e7\u00e3o realizam visitas t\u00e9cnicas \u00e0 regi\u00e3o, que \u00e9 uma das mais importantes para a hist\u00f3ria e cultura do pa\u00eds.<\/p>\n<p>No total, entre turistas nacionais e internacionais, quase 7500 pessoas passaram pelo Parque Memorial Quilombo dos Palmares neste per\u00edodo. As informa\u00e7\u00f5es s\u00e3o da Funda\u00e7\u00e3o Palmares, respons\u00e1vel pela manuten\u00e7\u00e3o do equipamento, localizado no espa\u00e7o que antes abrigava o quilombo, em Uni\u00e3o dos Palmares, cidade da Zona da Mata alagoana. Os indicadores revelam tamb\u00e9m que o Parque recebeu visitantes de 368 munic\u00edpios brasileiros, oriundos de 26 estados da federa\u00e7\u00e3o, neste mesmo per\u00edodo.<\/p>\n<p>\u201cA Serra da Barriga \u00e9 um dos nossos principais diferenciais tur\u00edsticos para o mundo e estamos empenhados em fortalecer a regi\u00e3o, que est\u00e1 presente em todo nosso material de promo\u00e7\u00e3o, em nossas capacita\u00e7\u00f5es, workshops e feiras em que divulgamos Alagoas dentro e fora do pa\u00eds. Al\u00e9m disso, o Governo do Estado tamb\u00e9m tem feito investimentos em infraestrutura, com a pavimenta\u00e7\u00e3o do acesso \u00e0 Serra, por exemplo, que j\u00e1 est\u00e1 praticamente pronta. Todo esse esfor\u00e7o certamente vai impactar, ainda mais, no fluxo de turistas na regi\u00e3o, gerando ainda mais oportunidades de renda e emprego para a popula\u00e7\u00e3o local\u201d, frisou o secret\u00e1rio de Estado do Desenvolvimento Econ\u00f4mico e Turismo, Rafael Brito.<br \/>\n<em>*Ag\u00eancia Alagoas<\/em><\/p>\n","protected":false},"excerpt":{"rendered":"<p>Um ano e meio depois de ter recebido o t\u00edtulo de patrim\u00f4nio cultural do Mercosul, a Serra da Barriga, que abrigava o Quilombo dos Palmares, maior espa\u00e7o de resist\u00eancia de escravos e \u00edndios durante mais de um s\u00e9culo no per\u00edodo colonial, comemora os bons resultados do \u00edndice de fluxo de turistas internacionais, que registrou visitantes&#8230;<\/p>\n","protected":false},"author":1,"featured_media":4277,"comment_status":"closed","ping_status":"closed","sticky":false,"template":"","format":"standard","meta":{"_monsterinsights_skip_tracking":false,"_monsterinsights_sitenote_active":false,"_monsterinsights_sitenote_note":"","_monsterinsights_sitenote_category":0,"magazine_newspaper_sidebar_layout":"","footnotes":"","jetpack_publicize_message":"","jetpack_publicize_feature_enabled":true,"jetpack_social_post_already_shared":false,"jetpack_social_options":{"image_generator_settings":{"template":"highway","default_image_id":0,"font":"","enabled":false},"version":2}},"categories":[65],"tags":[579,578,577,20],"class_list":["post-4276","post","type-post","status-publish","format-standard","has-post-thumbnail","hentry","category-turismo-e-lazer","tag-alagoas","tag-quilombo-dos-palmares","tag-serra-da-barriga","tag-turismo"],"aioseo_notices":[],"jetpack_publicize_connections":[],"jetpack_featured_media_url":"https:\/\/i0.wp.com\/tvnovelas.com.br\/news\/wp-content\/uploads\/2019\/07\/geral329.jpg?fit=500%2C333&ssl=1","jetpack_sharing_enabled":true,"jetpack_likes_enabled":true,"jetpack-related-posts":[],"jetpack_shortlink":"https:\/\/wp.me\/pfB4mB-16Y","_links":{"self":[{"href":"https:\/\/tvnovelas.com.br\/news\/wp-json\/wp\/v2\/posts\/4276","targetHints":{"allow":["GET"]}}],"collection":[{"href":"https:\/\/tvnovelas.com.br\/news\/wp-json\/wp\/v2\/posts"}],"about":[{"href":"https:\/\/tvnovelas.com.br\/news\/wp-json\/wp\/v2\/types\/post"}],"author":[{"embeddable":true,"href":"https:\/\/tvnovelas.com.br\/news\/wp-json\/wp\/v2\/users\/1"}],"replies":[{"embeddable":true,"href":"https:\/\/tvnovelas.com.br\/news\/wp-json\/wp\/v2\/comments?post=4276"}],"version-history":[{"count":1,"href":"https:\/\/tvnovelas.com.br\/news\/wp-json\/wp\/v2\/posts\/4276\/revisions"}],"predecessor-version":[{"id":4278,"href":"https:\/\/tvnovelas.com.br\/news\/wp-json\/wp\/v2\/posts\/4276\/revisions\/4278"}],"wp:featuredmedia":[{"embeddable":true,"href":"https:\/\/tvnovelas.com.br\/news\/wp-json\/wp\/v2\/media\/4277"}],"wp:attachment":[{"href":"https:\/\/tvnovelas.com.br\/news\/wp-json\/wp\/v2\/media?parent=4276"}],"wp:term":[{"taxonomy":"category","embeddable":true,"href":"https:\/\/tvnovelas.com.br\/news\/wp-json\/wp\/v2\/categories?post=4276"},{"taxonomy":"post_tag","embeddable":true,"href":"https:\/\/tvnovelas.com.br\/news\/wp-json\/wp\/v2\/tags?post=4276"}],"curies":[{"name":"wp","href":"https:\/\/api.w.org\/{rel}","templated":true}]}}