{"id":4154,"date":"2019-07-18T12:47:04","date_gmt":"2019-07-18T15:47:04","guid":{"rendered":"https:\/\/tvnovelas.com.br\/news\/mundo\/?p=4154"},"modified":"2019-07-18T12:47:04","modified_gmt":"2019-07-18T15:47:04","slug":"dodge-diz-que-ve-com-preocupacao-decisao-de-toffoli-sobre-coaf","status":"publish","type":"post","link":"https:\/\/tvnovelas.com.br\/news\/dodge-diz-que-ve-com-preocupacao-decisao-de-toffoli-sobre-coaf\/","title":{"rendered":"Dodge diz que v\u00ea com preocupa\u00e7\u00e3o decis\u00e3o de Toffoli sobre Coaf"},"content":{"rendered":"<p><a href=\"https:\/\/i0.wp.com\/tvnovelas.com.br\/news\/mundo\/wp-content\/uploads\/2019\/07\/geral298.jpg?ssl=1\"><img data-recalc-dims=\"1\" loading=\"lazy\" decoding=\"async\" src=\"https:\/\/i0.wp.com\/tvnovelas.com.br\/news\/mundo\/wp-content\/uploads\/2019\/07\/geral298.jpg?resize=500%2C333&#038;ssl=1\" alt=\"Foto da Procuradora Raquel Dodge\" width=\"500\" height=\"333\" class=\"alignnone wp-image-4155 size-full\" title=\"(Antonio Cruz\/ Ag\u00eancia Brasil)\" srcset=\"https:\/\/i0.wp.com\/tvnovelas.com.br\/news\/wp-content\/uploads\/2019\/07\/geral298.jpg?w=500&amp;ssl=1 500w, https:\/\/i0.wp.com\/tvnovelas.com.br\/news\/wp-content\/uploads\/2019\/07\/geral298.jpg?resize=300%2C200&amp;ssl=1 300w, https:\/\/i0.wp.com\/tvnovelas.com.br\/news\/wp-content\/uploads\/2019\/07\/geral298.jpg?resize=450%2C300&amp;ssl=1 450w, https:\/\/i0.wp.com\/tvnovelas.com.br\/news\/wp-content\/uploads\/2019\/07\/geral298.jpg?resize=360%2C240&amp;ssl=1 360w\" sizes=\"auto, (max-width: 500px) 100vw, 500px\" \/><\/a><\/p>\n<p style=\"text-align: right;\"><em>Ag\u00eancia Brasil<\/em><\/p>\n<p>A procuradora-geral da Rep\u00fablica, Raquel Dodge, disse nesta quarta-feira (17) que v\u00ea com preocupa\u00e7\u00e3o a decis\u00e3o do presidente do Supremo Tribunal Federal (STF), ministro Dias Toffoli, que suspendeu investiga\u00e7\u00f5es com dados do Conselho de Controle de Atividades Financeiras (Coaf) e da Receita Federal, sem autoriza\u00e7\u00e3o judicial.<\/p>\n<p>Em nota divulgada \u00e0 imprensa, Dodge disse que determinou a an\u00e1lise do impacto da decis\u00e3o para evitar qualquer amea\u00e7a \u00e0s investiga\u00e7\u00f5es em curso no pa\u00eds. Segundo a procuradora, est\u00e1 sendo analisada uma decis\u00e3o do STF, tomada em 2016, quando a Corte considerou constitucional o envio de dados do Coaf ao Minist\u00e9rio P\u00fablico. Para a PGR, o julgamento tratou da quest\u00e3o do repasse de dados ao MP. No entanto, no dia 24 de fevereiro daquele ano, por 9 votos a 2, os ministros validaram o repasse dados de contribuintes que est\u00e3o em poder dos bancos para a Receita Federal, sem passar pelo Judici\u00e1rio. O repasse da Receita ou do Coaf ao MP n\u00e3o constou na decis\u00e3o.<\/p>\n<p>Mais cedo, a for\u00e7a-tarefa da Opera\u00e7\u00e3o Lava Jato em Curitiba, S\u00e3o Paulo e Rio de Janeiro disseram que a decis\u00e3o de Toffoli ter\u00e1 impacto em &#8220;muitos casos&#8221; que apuram corrup\u00e7\u00e3o e lavagem de dinheiro.<\/p>\n<p>Em nota conjunta divulgada \u00e0 imprensa, os procuradores do MPF afirmam que, ao longo de cinco anos, as for\u00e7as-tarefas receberam diversas informa\u00e7\u00f5es de ind\u00edcios de crimes. Segundo os procuradores, o compartilhamento de informa\u00e7\u00f5es sobre supostas atividades criminosas \u00e9 dever dos \u00f3rg\u00e3os que utilizam dados banc\u00e1rios e fiscais dos contribuintes.<\/p>\n<p>Com a decis\u00e3o de Toffoli, as investiga\u00e7\u00f5es que est\u00e3o em andamento em todo o pa\u00eds s\u00f3 poder\u00e3o ser retomadas ap\u00f3s o plen\u00e1rio da Corte decidir sobre a constitucionalidade do compartilhamento, com o Minist\u00e9rio P\u00fablico, de dados sigilosos de pessoas investigadas. O julgamento da quest\u00e3o deve ocorrer em novembro.<\/p>\n<p>A liminar do ministro atinge todos os inqu\u00e9ritos e procedimentos de investiga\u00e7\u00e3o criminal (PIC), apura\u00e7\u00e3o interna do MP, que tramitam no Minist\u00e9rio P\u00fablico Federal (MPF), al\u00e9m dos estaduais, em que n\u00e3o houve pr\u00e9via decis\u00e3o judicial para repasse dos dados pela Receita, Coaf e Banco Central.<\/p>\n","protected":false},"excerpt":{"rendered":"<p>Ag\u00eancia Brasil A procuradora-geral da Rep\u00fablica, Raquel Dodge, disse nesta quarta-feira (17) que v\u00ea com preocupa\u00e7\u00e3o a decis\u00e3o do presidente do Supremo Tribunal Federal (STF), ministro Dias Toffoli, que suspendeu investiga\u00e7\u00f5es com dados do Conselho de Controle de Atividades Financeiras (Coaf) e da Receita Federal, sem autoriza\u00e7\u00e3o judicial. Em nota divulgada \u00e0 imprensa, Dodge disse&#8230;<\/p>\n","protected":false},"author":1,"featured_media":4155,"comment_status":"closed","ping_status":"closed","sticky":false,"template":"","format":"standard","meta":{"_monsterinsights_skip_tracking":false,"_monsterinsights_sitenote_active":false,"_monsterinsights_sitenote_note":"","_monsterinsights_sitenote_category":0,"magazine_newspaper_sidebar_layout":"","footnotes":"","jetpack_publicize_message":"","jetpack_publicize_feature_enabled":true,"jetpack_social_post_already_shared":false,"jetpack_social_options":{"image_generator_settings":{"template":"highway","default_image_id":0,"font":"","enabled":false},"version":2}},"categories":[68],"tags":[505,228,150,203,514,204],"class_list":["post-4154","post","type-post","status-publish","format-standard","has-post-thumbnail","hentry","category-justica","tag-dias-toffoli","tag-justica","tag-lava-jato","tag-pgr","tag-procuradoria","tag-raquel-dodge"],"aioseo_notices":[],"jetpack_publicize_connections":[],"jetpack_featured_media_url":"https:\/\/i0.wp.com\/tvnovelas.com.br\/news\/wp-content\/uploads\/2019\/07\/geral298.jpg?fit=500%2C333&ssl=1","jetpack_sharing_enabled":true,"jetpack_likes_enabled":true,"jetpack-related-posts":[],"jetpack_shortlink":"https:\/\/wp.me\/pfB4mB-150","_links":{"self":[{"href":"https:\/\/tvnovelas.com.br\/news\/wp-json\/wp\/v2\/posts\/4154","targetHints":{"allow":["GET"]}}],"collection":[{"href":"https:\/\/tvnovelas.com.br\/news\/wp-json\/wp\/v2\/posts"}],"about":[{"href":"https:\/\/tvnovelas.com.br\/news\/wp-json\/wp\/v2\/types\/post"}],"author":[{"embeddable":true,"href":"https:\/\/tvnovelas.com.br\/news\/wp-json\/wp\/v2\/users\/1"}],"replies":[{"embeddable":true,"href":"https:\/\/tvnovelas.com.br\/news\/wp-json\/wp\/v2\/comments?post=4154"}],"version-history":[{"count":1,"href":"https:\/\/tvnovelas.com.br\/news\/wp-json\/wp\/v2\/posts\/4154\/revisions"}],"predecessor-version":[{"id":4156,"href":"https:\/\/tvnovelas.com.br\/news\/wp-json\/wp\/v2\/posts\/4154\/revisions\/4156"}],"wp:featuredmedia":[{"embeddable":true,"href":"https:\/\/tvnovelas.com.br\/news\/wp-json\/wp\/v2\/media\/4155"}],"wp:attachment":[{"href":"https:\/\/tvnovelas.com.br\/news\/wp-json\/wp\/v2\/media?parent=4154"}],"wp:term":[{"taxonomy":"category","embeddable":true,"href":"https:\/\/tvnovelas.com.br\/news\/wp-json\/wp\/v2\/categories?post=4154"},{"taxonomy":"post_tag","embeddable":true,"href":"https:\/\/tvnovelas.com.br\/news\/wp-json\/wp\/v2\/tags?post=4154"}],"curies":[{"name":"wp","href":"https:\/\/api.w.org\/{rel}","templated":true}]}}