{"id":4139,"date":"2019-07-17T13:22:38","date_gmt":"2019-07-17T16:22:38","guid":{"rendered":"https:\/\/tvnovelas.com.br\/news\/mundo\/?p=4139"},"modified":"2019-07-17T13:22:38","modified_gmt":"2019-07-17T16:22:38","slug":"balanca-comercial-soma-saldo-de-u-26-bi-no-1o-semestre","status":"publish","type":"post","link":"https:\/\/tvnovelas.com.br\/news\/balanca-comercial-soma-saldo-de-u-26-bi-no-1o-semestre\/","title":{"rendered":"Balan\u00e7a comercial soma saldo de U$ 26 bi no 1\u00ba semestre"},"content":{"rendered":"<h2>Volume exportado cresceu, mas em valores ca\u00edram<\/h2>\n<p><a href=\"https:\/\/i0.wp.com\/tvnovelas.com.br\/news\/mundo\/wp-content\/uploads\/2019\/07\/geral169.jpg?ssl=1\"><img data-recalc-dims=\"1\" loading=\"lazy\" decoding=\"async\" src=\"https:\/\/i0.wp.com\/tvnovelas.com.br\/news\/mundo\/wp-content\/uploads\/2019\/07\/geral169.jpg?resize=500%2C333&#038;ssl=1\" alt=\"Foto ilustrativa de exporta\u00e7\u00e3o no porto\" width=\"500\" height=\"333\" class=\"alignnone wp-image-3605 size-full\" title=\"(Foto: Divulga\u00e7\u00e3o\/Governo Brasil)\" srcset=\"https:\/\/i0.wp.com\/tvnovelas.com.br\/news\/wp-content\/uploads\/2019\/07\/geral169.jpg?w=500&amp;ssl=1 500w, https:\/\/i0.wp.com\/tvnovelas.com.br\/news\/wp-content\/uploads\/2019\/07\/geral169.jpg?resize=300%2C200&amp;ssl=1 300w, https:\/\/i0.wp.com\/tvnovelas.com.br\/news\/wp-content\/uploads\/2019\/07\/geral169.jpg?resize=450%2C300&amp;ssl=1 450w, https:\/\/i0.wp.com\/tvnovelas.com.br\/news\/wp-content\/uploads\/2019\/07\/geral169.jpg?resize=360%2C240&amp;ssl=1 360w\" sizes=\"auto, (max-width: 500px) 100vw, 500px\" \/><\/a><br \/>\nO saldo da balan\u00e7a comercial de junho foi de US$ 5 bilh\u00f5es, o que levou a um super\u00e1vit acumulado no ano de US$ 26 bilh\u00f5es, segundo a Funda\u00e7\u00e3o Get\u00falio Vargas. Em valor as exporta\u00e7\u00f5es recuaram 10,4% e as importa\u00e7\u00f5es 9,1%, na compara\u00e7\u00e3o entre os meses de junho de 2018 e 2019. Na compara\u00e7\u00e3o do acumulado do ano at\u00e9 junho entre 2018 e 2019, as exporta\u00e7\u00f5es ca\u00edram em 3,5% e as importa\u00e7\u00f5es ficaram estagnadas.<\/p>\n<p>O super\u00e1vit no primeiro semestre de 2019 foi de US$ 26 bilh\u00f5es, quatro bilh\u00f5es menor do que o de 2018, e a corrente de com\u00e9rcio caiu 2% na compara\u00e7\u00e3o dos semestres de 2018 e 2019.<\/p>\n<p>A queda nos valores exportados e importados na compara\u00e7\u00e3o mensal foi explicada pelo recuo nos \u00edndices de pre\u00e7os e volume desses fluxos. Na compara\u00e7\u00e3o entre os primeiros semestres de 2018 e 2019, por\u00e9m, o volume exportado cresceu (2%) liderado pelas commodities (7,5%), enquanto a varia\u00e7\u00e3o nos pre\u00e7os foi negativa para as commodities. A an\u00e1lise por setor mostra que a lideran\u00e7a no crescimento do volume exportado seja na compara\u00e7\u00e3o mensal ou semestral coube \u00e0 ind\u00fastria extrativa.<\/p>\n<p>No caso das importa\u00e7\u00f5es, a compara\u00e7\u00e3o entre os primeiros semestres, registrou aumento no volume de 2,5% e queda nos pre\u00e7os com igual percentual, o que explica o valor n\u00e3o ter variado entre os semestres. A an\u00e1lise por setor registrou recuo nos volumes na compara\u00e7\u00e3o mensal o que pode estar associado a uma desacelera\u00e7\u00e3o no ritmo de atividade. Na compara\u00e7\u00e3o dos semestres, os volumes importados por todos os setores aumentam, sendo a lideran\u00e7a da ind\u00fastria extrativa.<\/p>\n","protected":false},"excerpt":{"rendered":"<p>Volume exportado cresceu, mas em valores ca\u00edram O saldo da balan\u00e7a comercial de junho foi de US$ 5 bilh\u00f5es, o que levou a um super\u00e1vit acumulado no ano de US$ 26 bilh\u00f5es, segundo a Funda\u00e7\u00e3o Get\u00falio Vargas. Em valor as exporta\u00e7\u00f5es recuaram 10,4% e as importa\u00e7\u00f5es 9,1%, na compara\u00e7\u00e3o entre os meses de junho de&#8230;<\/p>\n","protected":false},"author":1,"featured_media":3605,"comment_status":"closed","ping_status":"closed","sticky":false,"template":"","format":"standard","meta":{"_monsterinsights_skip_tracking":false,"_monsterinsights_sitenote_active":false,"_monsterinsights_sitenote_note":"","_monsterinsights_sitenote_category":0,"magazine_newspaper_sidebar_layout":"","footnotes":"","jetpack_publicize_message":"","jetpack_publicize_feature_enabled":true,"jetpack_social_post_already_shared":false,"jetpack_social_options":{"image_generator_settings":{"template":"highway","default_image_id":0,"font":"","enabled":false},"version":2}},"categories":[1],"tags":[358,15,122,123,498],"class_list":["post-4139","post","type-post","status-publish","format-standard","has-post-thumbnail","hentry","category-blog","tag-balanca-comercial","tag-economia","tag-exportacao","tag-fgv","tag-importacao"],"aioseo_notices":[],"jetpack_publicize_connections":[],"jetpack_featured_media_url":"https:\/\/i0.wp.com\/tvnovelas.com.br\/news\/wp-content\/uploads\/2019\/07\/geral169.jpg?fit=500%2C333&ssl=1","jetpack_sharing_enabled":true,"jetpack_likes_enabled":true,"jetpack-related-posts":[],"jetpack_shortlink":"https:\/\/wp.me\/pfB4mB-14L","_links":{"self":[{"href":"https:\/\/tvnovelas.com.br\/news\/wp-json\/wp\/v2\/posts\/4139","targetHints":{"allow":["GET"]}}],"collection":[{"href":"https:\/\/tvnovelas.com.br\/news\/wp-json\/wp\/v2\/posts"}],"about":[{"href":"https:\/\/tvnovelas.com.br\/news\/wp-json\/wp\/v2\/types\/post"}],"author":[{"embeddable":true,"href":"https:\/\/tvnovelas.com.br\/news\/wp-json\/wp\/v2\/users\/1"}],"replies":[{"embeddable":true,"href":"https:\/\/tvnovelas.com.br\/news\/wp-json\/wp\/v2\/comments?post=4139"}],"version-history":[{"count":1,"href":"https:\/\/tvnovelas.com.br\/news\/wp-json\/wp\/v2\/posts\/4139\/revisions"}],"predecessor-version":[{"id":4140,"href":"https:\/\/tvnovelas.com.br\/news\/wp-json\/wp\/v2\/posts\/4139\/revisions\/4140"}],"wp:featuredmedia":[{"embeddable":true,"href":"https:\/\/tvnovelas.com.br\/news\/wp-json\/wp\/v2\/media\/3605"}],"wp:attachment":[{"href":"https:\/\/tvnovelas.com.br\/news\/wp-json\/wp\/v2\/media?parent=4139"}],"wp:term":[{"taxonomy":"category","embeddable":true,"href":"https:\/\/tvnovelas.com.br\/news\/wp-json\/wp\/v2\/categories?post=4139"},{"taxonomy":"post_tag","embeddable":true,"href":"https:\/\/tvnovelas.com.br\/news\/wp-json\/wp\/v2\/tags?post=4139"}],"curies":[{"name":"wp","href":"https:\/\/api.w.org\/{rel}","templated":true}]}}