{"id":4126,"date":"2019-07-16T17:46:55","date_gmt":"2019-07-16T20:46:55","guid":{"rendered":"https:\/\/tvnovelas.com.br\/news\/mundo\/?p=4126"},"modified":"2019-07-16T17:50:06","modified_gmt":"2019-07-16T20:50:06","slug":"toffoli-suspende-processos-que-contem-dados-sem-autorizacao-judicial","status":"publish","type":"post","link":"https:\/\/tvnovelas.com.br\/news\/toffoli-suspende-processos-que-contem-dados-sem-autorizacao-judicial\/","title":{"rendered":"Toffoli suspende processos que cont\u00eam dados sem autoriza\u00e7\u00e3o judicial"},"content":{"rendered":"<h2 style=\"text-align: center;\">Entre os processos suspensos est\u00e1 o do senador Fl\u00e1vio Bolsonaro<\/h2>\n<p><a href=\"https:\/\/i0.wp.com\/tvnovelas.com.br\/news\/mundo\/wp-content\/uploads\/2019\/06\/eral91.jpg?ssl=1\"><img data-recalc-dims=\"1\" loading=\"lazy\" decoding=\"async\" src=\"https:\/\/i0.wp.com\/tvnovelas.com.br\/news\/mundo\/wp-content\/uploads\/2019\/06\/eral91.jpg?resize=600%2C320&#038;ssl=1\" alt=\"\" width=\"600\" height=\"320\" class=\"alignnone size-full wp-image-3284\" srcset=\"https:\/\/i0.wp.com\/tvnovelas.com.br\/news\/wp-content\/uploads\/2019\/06\/eral91.jpg?w=600&amp;ssl=1 600w, https:\/\/i0.wp.com\/tvnovelas.com.br\/news\/wp-content\/uploads\/2019\/06\/eral91.jpg?resize=300%2C160&amp;ssl=1 300w\" sizes=\"auto, (max-width: 600px) 100vw, 600px\" \/><\/a><br \/>\nO presidente do Supremo Tribunal Federal (STF), ministro Dias Toffoli, decidiu nesta ter\u00e7a-feira (16) suspender todas as investiga\u00e7\u00f5es que foram baseadas em dados fiscais repassados pelo Conselho de Controle de Atividades Financeiras (COAF) e pela Receita Federal ao Minist\u00e9rio P\u00fablico sem autoriza\u00e7\u00e3o judicial.<br \/>\nCom a decis\u00e3o, as investiga\u00e7\u00f5es que est\u00e3o em andamento em todo o pa\u00eds s\u00f3 poder\u00e3o ser retomadas ap\u00f3s o plen\u00e1rio da Corte decidir sobre a constitucionalidade do compartilhamento, com o Minist\u00e9rio P\u00fablico, de dados sigilosos de pessoas investigadas. O julgamento da quest\u00e3o deve ocorrer em novembro.<\/p>\n<p>A liminar de Toffoli atinge todos os inqu\u00e9ritos e procedimentos de investiga\u00e7\u00e3o criminal (PIC), apura\u00e7\u00e3o interna do MP, que tramitam no Minist\u00e9rio P\u00fablico Federal (MPF), al\u00e9m dos estaduais, em que n\u00e3o houve pr\u00e9via decis\u00e3o judicial para repasse dos dados pela Receita, Coaf e Banco Central.<\/p>\n<p>&#8220;Com base nos fundamentos suso mencionados, considerando que o Minist\u00e9rio P\u00fablico vem promovendo procedimentos de investiga\u00e7\u00e3o criminal (PIC), sem supervis\u00e3o judicial, o que \u00e9 de todo temer\u00e1rio do ponto de vista das garantias constitucionais que assistem a qualquer indiciado ou a qualquer pessoa sob investiga\u00e7\u00e3o do Estado, revela-se prudente ainda suspender esses procedimentos que tramitam no territ\u00f3rio nacional e versem sobre o mesmo tema, de modo a evitar eventual usurpa\u00e7\u00e3o de compet\u00eancia do Poder Judici\u00e1rio&#8221;, decidiu o ministro.<\/p>\n<p>A decis\u00e3o do ministro foi tomada em um processo que tramita na Corte desde 2017, no qual se discute a legalidade do compartilhamento de informa\u00e7\u00f5es fiscais sem autoriza\u00e7\u00e3o judicial. A medida suspende todas as investiga\u00e7\u00f5es no pa\u00eds baseadas em dados fiscais repassados sem autoriza\u00e7\u00e3o. Entre os processos suspensos est\u00e1 o do senador Fl\u00e1vio Bolsonaro (PSL-RJ) que \u00e9 parte de uma investiga\u00e7\u00e3o baseada em compartilhamento feito pelo Coaf.<br \/>\n*Ag\u00eancia Brasil<\/p>\n","protected":false},"excerpt":{"rendered":"<p>Entre os processos suspensos est\u00e1 o do senador Fl\u00e1vio Bolsonaro O presidente do Supremo Tribunal Federal (STF), ministro Dias Toffoli, decidiu nesta ter\u00e7a-feira (16) suspender todas as investiga\u00e7\u00f5es que foram baseadas em dados fiscais repassados pelo Conselho de Controle de Atividades Financeiras (COAF) e pela Receita Federal ao Minist\u00e9rio P\u00fablico sem autoriza\u00e7\u00e3o judicial. Com a&#8230;<\/p>\n","protected":false},"author":1,"featured_media":0,"comment_status":"closed","ping_status":"closed","sticky":false,"template":"","format":"standard","meta":{"_monsterinsights_skip_tracking":false,"_monsterinsights_sitenote_active":false,"_monsterinsights_sitenote_note":"","_monsterinsights_sitenote_category":0,"magazine_newspaper_sidebar_layout":"","footnotes":"","jetpack_publicize_message":"","jetpack_publicize_feature_enabled":true,"jetpack_social_post_already_shared":false,"jetpack_social_options":{"image_generator_settings":{"template":"highway","default_image_id":0,"font":"","enabled":false},"version":2}},"categories":[68],"tags":[505,504,228,206],"class_list":["post-4126","post","type-post","status-publish","format-standard","hentry","category-justica","tag-dias-toffoli","tag-flavio-bolsonaro","tag-justica","tag-stf"],"aioseo_notices":[],"jetpack_publicize_connections":[],"jetpack_featured_media_url":"","jetpack_sharing_enabled":true,"jetpack_likes_enabled":true,"jetpack-related-posts":[],"jetpack_shortlink":"https:\/\/wp.me\/pfB4mB-14y","_links":{"self":[{"href":"https:\/\/tvnovelas.com.br\/news\/wp-json\/wp\/v2\/posts\/4126","targetHints":{"allow":["GET"]}}],"collection":[{"href":"https:\/\/tvnovelas.com.br\/news\/wp-json\/wp\/v2\/posts"}],"about":[{"href":"https:\/\/tvnovelas.com.br\/news\/wp-json\/wp\/v2\/types\/post"}],"author":[{"embeddable":true,"href":"https:\/\/tvnovelas.com.br\/news\/wp-json\/wp\/v2\/users\/1"}],"replies":[{"embeddable":true,"href":"https:\/\/tvnovelas.com.br\/news\/wp-json\/wp\/v2\/comments?post=4126"}],"version-history":[{"count":2,"href":"https:\/\/tvnovelas.com.br\/news\/wp-json\/wp\/v2\/posts\/4126\/revisions"}],"predecessor-version":[{"id":4128,"href":"https:\/\/tvnovelas.com.br\/news\/wp-json\/wp\/v2\/posts\/4126\/revisions\/4128"}],"wp:attachment":[{"href":"https:\/\/tvnovelas.com.br\/news\/wp-json\/wp\/v2\/media?parent=4126"}],"wp:term":[{"taxonomy":"category","embeddable":true,"href":"https:\/\/tvnovelas.com.br\/news\/wp-json\/wp\/v2\/categories?post=4126"},{"taxonomy":"post_tag","embeddable":true,"href":"https:\/\/tvnovelas.com.br\/news\/wp-json\/wp\/v2\/tags?post=4126"}],"curies":[{"name":"wp","href":"https:\/\/api.w.org\/{rel}","templated":true}]}}