{"id":4113,"date":"2019-07-16T09:07:31","date_gmt":"2019-07-16T12:07:31","guid":{"rendered":"https:\/\/tvnovelas.com.br\/news\/mundo\/?p=4113"},"modified":"2019-07-16T09:07:31","modified_gmt":"2019-07-16T12:07:31","slug":"fim-do-telemarketing-de-telefonicas-comeca-nesta-terca-dia-16","status":"publish","type":"post","link":"https:\/\/tvnovelas.com.br\/news\/fim-do-telemarketing-de-telefonicas-comeca-nesta-terca-dia-16\/","title":{"rendered":"Fim do telemarketing de telef\u00f4nicas come\u00e7a nesta ter\u00e7a, dia 16"},"content":{"rendered":"<p><a href=\"https:\/\/i0.wp.com\/tvnovelas.com.br\/news\/mundo\/wp-content\/uploads\/2019\/07\/geral290.jpg?ssl=1\"><img data-recalc-dims=\"1\" loading=\"lazy\" decoding=\"async\" src=\"https:\/\/i0.wp.com\/tvnovelas.com.br\/news\/mundo\/wp-content\/uploads\/2019\/07\/geral290.jpg?resize=600%2C327&#038;ssl=1\" alt=\"Foto decorativa\" width=\"600\" height=\"327\" class=\"alignnone wp-image-4114 size-full\" title=\"(Imagem: Anatel)\" srcset=\"https:\/\/i0.wp.com\/tvnovelas.com.br\/news\/wp-content\/uploads\/2019\/07\/geral290.jpg?w=600&amp;ssl=1 600w, https:\/\/i0.wp.com\/tvnovelas.com.br\/news\/wp-content\/uploads\/2019\/07\/geral290.jpg?resize=300%2C164&amp;ssl=1 300w\" sizes=\"auto, (max-width: 600px) 100vw, 600px\" \/><\/a><\/p>\n<p>Entra em vigor nesta ter\u00e7a-feira (16) a lista &#8216;N\u00e3o me Perturbe&#8217; para as operadoras de telecomunica\u00e7\u00f5es. Os clientes inclu\u00eddos nesse grupo n\u00e3o poder\u00e3o ser objeto de liga\u00e7\u00f5es de telemarketing de empresas para a venda de servi\u00e7os, como pacotes de telefonia, acesso \u00e0 internet e TV paga. A medida foi uma determina\u00e7\u00e3o da Ag\u00eancia Nacional de Telecomunica\u00e7\u00f5es (Anatel).<\/p>\n<p>As pessoas que n\u00e3o desejarem receber esse tipo de chamada podem incluir seu nome no site <a href=\"https:\/\/www.naomeperturbe.com.br\/\" rel=\"noopener noreferrer\" target=\"_blank\"><strong>&#8216;N\u00e3o me Perturbe&#8217;<\/strong><\/a> criado para a iniciativa, no ar a partir desta ter\u00e7a-feira (16).<\/p>\n<p>A lista vai ser \u00fanica e atingir\u00e1 as principais empresas do setor: Algar, Claro\/Net, Nextel, Oi, Sercomtel, Sky, TIM e Vivo. Essas empresas tamb\u00e9m dever\u00e3o, nesse prazo, criar e divulgar amplamente um canal por meio do qual o consumidor possa manifestar o seu desejo de n\u00e3o receber liga\u00e7\u00f5es.<\/p>\n<p>Segundo a Anatel, se uma pessoa solicitar a sua inclus\u00e3o e continuar recebendo liga\u00e7\u00f5es de oferta de bens e servi\u00e7os de telecomunica\u00e7\u00f5es, ele pode ligar para o n\u00famero 1331 e fazer uma reclama\u00e7\u00e3o. As san\u00e7\u00f5es podem variar de advert\u00eancia a multa de at\u00e9 R$ 50 milh\u00f5es.<\/p>\n<p><strong>Liga\u00e7\u00f5es mudas e por rob\u00f4s<\/strong><br \/>\nOutra decis\u00e3o da Anatel \u00e9 que essas empresas n\u00e3o poder\u00e3o mais efetuar liga\u00e7\u00f5es telef\u00f4nicas com o objetivo de oferecer seus pacotes ou servi\u00e7os de telecomunica\u00e7\u00f5es para os consumidores que registrarem o n\u00famero na lista nacional a ser criada.<\/p>\n<p>As companhias v\u00e3o ter de abrir canais para que seus clientes possam solicitar a inclus\u00e3o no grupo, que passar\u00e1 a n\u00e3o poder mais receber liga\u00e7\u00f5es com ofertas de servi\u00e7os de telecomunica\u00e7\u00f5es. Assim, na pr\u00e1tica, as empresas ficam impedidas se oferecer seus produtos e servi\u00e7os utilizando o telemarketing.<\/p>\n<p>A ag\u00eancia determinou ainda que as \u00e1reas t\u00e9cnicas estudem medidas para combater os inc\u00f4modos gerados por liga\u00e7\u00f5es mudas e realizadas por rob\u00f4s, mesmo as que tenham por objetivo vender servi\u00e7os de empresas de setores n\u00e3o regulados pela Anatel. Segundo a Anatel, estudos de mercado estimam que pelo menos um ter\u00e7o das liga\u00e7\u00f5es indesejadas no Brasil s\u00e3o realizadas com o objetivo de vender servi\u00e7os de telecomunica\u00e7\u00f5es.<\/p>\n<p>Al\u00e9m dessa iniciativa, a Anatel deve discutir novas a\u00e7\u00f5es relacionadas \u00e0 pr\u00e1tica do telemarketing. De acordo com o comunicado do \u00f3rg\u00e3o, o Conselho Diretor da autoridade solicitou que a \u00e1rea t\u00e9cnica elabore propostas para limitar os abusos nessas chamadas, mesmo que de outros servi\u00e7os fora da \u00e1rea de telecomunica\u00e7\u00f5es.<\/p>\n","protected":false},"excerpt":{"rendered":"<p>Entra em vigor nesta ter\u00e7a-feira (16) a lista &#8216;N\u00e3o me Perturbe&#8217; para as operadoras de telecomunica\u00e7\u00f5es. Os clientes inclu\u00eddos nesse grupo n\u00e3o poder\u00e3o ser objeto de liga\u00e7\u00f5es de telemarketing de empresas para a venda de servi\u00e7os, como pacotes de telefonia, acesso \u00e0 internet e TV paga. A medida foi uma determina\u00e7\u00e3o da Ag\u00eancia Nacional de&#8230;<\/p>\n","protected":false},"author":1,"featured_media":4114,"comment_status":"closed","ping_status":"closed","sticky":false,"template":"","format":"standard","meta":{"_monsterinsights_skip_tracking":false,"_monsterinsights_sitenote_active":false,"_monsterinsights_sitenote_note":"","_monsterinsights_sitenote_category":0,"magazine_newspaper_sidebar_layout":"","footnotes":"","jetpack_publicize_message":"","jetpack_publicize_feature_enabled":true,"jetpack_social_post_already_shared":false,"jetpack_social_options":{"image_generator_settings":{"template":"highway","default_image_id":0,"font":"","enabled":false},"version":2}},"categories":[1],"tags":[242,501,363,500],"class_list":["post-4113","post","type-post","status-publish","format-standard","has-post-thumbnail","hentry","category-blog","tag-anatel","tag-nao-me-perturbe","tag-telefonia","tag-telemarketing"],"aioseo_notices":[],"jetpack_publicize_connections":[],"jetpack_featured_media_url":"https:\/\/i0.wp.com\/tvnovelas.com.br\/news\/wp-content\/uploads\/2019\/07\/geral290.jpg?fit=600%2C327&ssl=1","jetpack_sharing_enabled":true,"jetpack_likes_enabled":true,"jetpack-related-posts":[],"jetpack_shortlink":"https:\/\/wp.me\/pfB4mB-14l","_links":{"self":[{"href":"https:\/\/tvnovelas.com.br\/news\/wp-json\/wp\/v2\/posts\/4113","targetHints":{"allow":["GET"]}}],"collection":[{"href":"https:\/\/tvnovelas.com.br\/news\/wp-json\/wp\/v2\/posts"}],"about":[{"href":"https:\/\/tvnovelas.com.br\/news\/wp-json\/wp\/v2\/types\/post"}],"author":[{"embeddable":true,"href":"https:\/\/tvnovelas.com.br\/news\/wp-json\/wp\/v2\/users\/1"}],"replies":[{"embeddable":true,"href":"https:\/\/tvnovelas.com.br\/news\/wp-json\/wp\/v2\/comments?post=4113"}],"version-history":[{"count":1,"href":"https:\/\/tvnovelas.com.br\/news\/wp-json\/wp\/v2\/posts\/4113\/revisions"}],"predecessor-version":[{"id":4115,"href":"https:\/\/tvnovelas.com.br\/news\/wp-json\/wp\/v2\/posts\/4113\/revisions\/4115"}],"wp:featuredmedia":[{"embeddable":true,"href":"https:\/\/tvnovelas.com.br\/news\/wp-json\/wp\/v2\/media\/4114"}],"wp:attachment":[{"href":"https:\/\/tvnovelas.com.br\/news\/wp-json\/wp\/v2\/media?parent=4113"}],"wp:term":[{"taxonomy":"category","embeddable":true,"href":"https:\/\/tvnovelas.com.br\/news\/wp-json\/wp\/v2\/categories?post=4113"},{"taxonomy":"post_tag","embeddable":true,"href":"https:\/\/tvnovelas.com.br\/news\/wp-json\/wp\/v2\/tags?post=4113"}],"curies":[{"name":"wp","href":"https:\/\/api.w.org\/{rel}","templated":true}]}}