{"id":4047,"date":"2019-07-12T09:21:30","date_gmt":"2019-07-12T12:21:30","guid":{"rendered":"https:\/\/tvnovelas.com.br\/news\/mundo\/?p=4047"},"modified":"2019-07-12T09:22:44","modified_gmt":"2019-07-12T12:22:44","slug":"operarios-da-vale-relatam-na-almg-trauma-na-busca-de-corpos","status":"publish","type":"post","link":"https:\/\/tvnovelas.com.br\/news\/operarios-da-vale-relatam-na-almg-trauma-na-busca-de-corpos\/","title":{"rendered":"Oper\u00e1rios da Vale relatam na ALMG trauma na busca de corpos"},"content":{"rendered":"<p><a href=\"https:\/\/i0.wp.com\/tvnovelas.com.br\/news\/mundo\/wp-content\/uploads\/2019\/07\/geral271.jpg?ssl=1\"><img data-recalc-dims=\"1\" loading=\"lazy\" decoding=\"async\" src=\"https:\/\/i0.wp.com\/tvnovelas.com.br\/news\/mundo\/wp-content\/uploads\/2019\/07\/geral271.jpg?resize=500%2C334&#038;ssl=1\" alt=\"Foto da Mesa da Audi\u00eancia P\u00fablica\" width=\"500\" height=\"334\" class=\"alignnone wp-image-4048 size-full\" title=\"(Foto: Sarah Torres\/ALMG)\" srcset=\"https:\/\/i0.wp.com\/tvnovelas.com.br\/news\/wp-content\/uploads\/2019\/07\/geral271.jpg?w=500&amp;ssl=1 500w, https:\/\/i0.wp.com\/tvnovelas.com.br\/news\/wp-content\/uploads\/2019\/07\/geral271.jpg?resize=300%2C200&amp;ssl=1 300w, https:\/\/i0.wp.com\/tvnovelas.com.br\/news\/wp-content\/uploads\/2019\/07\/geral271.jpg?resize=450%2C300&amp;ssl=1 450w, https:\/\/i0.wp.com\/tvnovelas.com.br\/news\/wp-content\/uploads\/2019\/07\/geral271.jpg?resize=360%2C240&amp;ssl=1 360w\" sizes=\"auto, (max-width: 500px) 100vw, 500px\" \/><\/a><\/p>\n<p>\u201cEu estava sentado dentro do restaurante. Muitos colegas n\u00e3o conseguiram (sair). Minha equipe de manuten\u00e7\u00e3o morreu toda, praticamente\u201d. Esse depoimento dram\u00e1tico do t\u00e9cnico em mec\u00e2nica Edivaldo Moreira, trabalhador da mineradora Vale S\/A, foi ouvido pela Comiss\u00e3o do Trabalho, da Previd\u00eancia e da Assist\u00eancia Social, em audi\u00eancia p\u00fablica realizada na Assembleia Legislativa de Minas Gerais (ALMG), nesta quinta-feira (11\/7\/19).<\/p>\n<p>Edivaldo Moreira \u00e9 exemplo de casos de funcion\u00e1rios da Vale que escaparam do rompimento da Barragem B1, na Mina C\u00f3rrego do Feij\u00e3o, em Brumadinho (MG), em 25 de janeiro, que contam que vem sendo obrigados pela empresa a atuar no apoio \u00e0 busca dos corpos, ou partes de corpos, de seus companheiros que faleceram na trag\u00e9dia. Averiguar esse desvio de fun\u00e7\u00e3o foi o objetivo da audi\u00eancia p\u00fablica, requerida pela deputada Beatriz Cerqueira (PT).<\/p>\n<p>\u201cTivemos um colega nosso que estava operando uma m\u00e1quina e ele partiu o corpo de um colega de trabalho\u201d, afirmou Vander da Silva Bento, tamb\u00e9m funcion\u00e1rio da Vale que atua na fun\u00e7\u00e3o de orientador operacional, j\u00e1 tendo inclusive realizado treinamento aos bombeiros que atuam na busca aos corpos.<\/p>\n<p>O operador de m\u00e1quinas que partiu o corpo de um trabalhador falecido, segundo Vander, j\u00e1 estava tomando rem\u00e9dios para atenuar o sofrimento psicol\u00f3gico decorrente da trag\u00e9dia. Depois do que aconteceu na busca, foi afastado da atividade e substitu\u00eddo.<\/p>\n<p>De acordo com o depoimento dos trabalhadores, advogado e representantes do Minist\u00e9rio P\u00fablico, ouvidos nesta quinta, esse desvio de fun\u00e7\u00e3o dos trabalhadores, no apoio \u00e0 busca de corpos, vem ocorrendo sem que os oper\u00e1rios da Vale recebam treinamento, equipamento, medica\u00e7\u00e3o, alimenta\u00e7\u00e3o e higieniza\u00e7\u00e3o adequados, compar\u00e1veis aos que os bombeiros recebem para atuar no mesmo ambiente, a chamada \u201czona quente\u201d, que foi inundada pela lama de rejeitos de min\u00e9rio.<\/p>\n<p>De acordo com o advogado Luciano Pereira, que representa a Federa\u00e7\u00e3o dos Trabalhadores nas Ind\u00fastrias Extrativas do Estado de Minas Gerais (Ftiemg), uma audi\u00eancia de concilia\u00e7\u00e3o j\u00e1 aconteceu em 9 de julho, na 5\u00aa Vara do Trabalho de Betim (Regi\u00e3o Metropolitana de Belo Horizonte), para discutir especificamente a situa\u00e7\u00e3o desses trabalhadores da Vale que s\u00e3o obrigados a participar da busca dos corpos de seus colegas.<\/p>\n<p>Outra quest\u00e3o destacada pelos participantes da audi\u00eancia p\u00fablica \u00e9 a garantia de estabilidade no emprego para os trabalhadores da Vale. At\u00e9 agora, segundo o advogado Luciano Pereira, a Vale s\u00f3 garante a manuten\u00e7\u00e3o dos empregos de seus funcion\u00e1rios at\u00e9 dezembro de 2019, acenando com a possibilidade de estender esse prazo apenas at\u00e9 abril de 2020.<\/p>\n<p>A procuradora do Trabalho Luciana Coutinho, que atua no grupo especial criado pelo Minist\u00e9rio P\u00fablico para cuidar do caso do rompimento da barragem de Brumadinho, disse que a institui\u00e7\u00e3o reivindica um m\u00ednimo de tr\u00eas anos de estabilidade para os trabalhadores da Vale que atuam na Mina C\u00f3rrego do Feij\u00e3o.<br \/>\n*ALMG Imprensa<\/p>\n","protected":false},"excerpt":{"rendered":"<p>\u201cEu estava sentado dentro do restaurante. Muitos colegas n\u00e3o conseguiram (sair). Minha equipe de manuten\u00e7\u00e3o morreu toda, praticamente\u201d. Esse depoimento dram\u00e1tico do t\u00e9cnico em mec\u00e2nica Edivaldo Moreira, trabalhador da mineradora Vale S\/A, foi ouvido pela Comiss\u00e3o do Trabalho, da Previd\u00eancia e da Assist\u00eancia Social, em audi\u00eancia p\u00fablica realizada na Assembleia Legislativa de Minas Gerais (ALMG),&#8230;<\/p>\n","protected":false},"author":1,"featured_media":4048,"comment_status":"closed","ping_status":"closed","sticky":false,"template":"","format":"standard","meta":{"_monsterinsights_skip_tracking":false,"_monsterinsights_sitenote_active":false,"_monsterinsights_sitenote_note":"","_monsterinsights_sitenote_category":0,"magazine_newspaper_sidebar_layout":"","footnotes":"","jetpack_publicize_message":"","jetpack_publicize_feature_enabled":true,"jetpack_social_post_already_shared":false,"jetpack_social_options":{"image_generator_settings":{"template":"highway","default_image_id":0,"font":"","enabled":false},"version":2}},"categories":[1],"tags":[378,47,116,475,48],"class_list":["post-4047","post","type-post","status-publish","format-standard","has-post-thumbnail","hentry","category-blog","tag-almg","tag-barragens","tag-brumadinho","tag-corrego-do-feijao","tag-vale"],"aioseo_notices":[],"jetpack_publicize_connections":[],"jetpack_featured_media_url":"https:\/\/i0.wp.com\/tvnovelas.com.br\/news\/wp-content\/uploads\/2019\/07\/geral271.jpg?fit=500%2C334&ssl=1","jetpack_sharing_enabled":true,"jetpack_likes_enabled":true,"jetpack-related-posts":[],"jetpack_shortlink":"https:\/\/wp.me\/pfB4mB-13h","_links":{"self":[{"href":"https:\/\/tvnovelas.com.br\/news\/wp-json\/wp\/v2\/posts\/4047","targetHints":{"allow":["GET"]}}],"collection":[{"href":"https:\/\/tvnovelas.com.br\/news\/wp-json\/wp\/v2\/posts"}],"about":[{"href":"https:\/\/tvnovelas.com.br\/news\/wp-json\/wp\/v2\/types\/post"}],"author":[{"embeddable":true,"href":"https:\/\/tvnovelas.com.br\/news\/wp-json\/wp\/v2\/users\/1"}],"replies":[{"embeddable":true,"href":"https:\/\/tvnovelas.com.br\/news\/wp-json\/wp\/v2\/comments?post=4047"}],"version-history":[{"count":2,"href":"https:\/\/tvnovelas.com.br\/news\/wp-json\/wp\/v2\/posts\/4047\/revisions"}],"predecessor-version":[{"id":4051,"href":"https:\/\/tvnovelas.com.br\/news\/wp-json\/wp\/v2\/posts\/4047\/revisions\/4051"}],"wp:featuredmedia":[{"embeddable":true,"href":"https:\/\/tvnovelas.com.br\/news\/wp-json\/wp\/v2\/media\/4048"}],"wp:attachment":[{"href":"https:\/\/tvnovelas.com.br\/news\/wp-json\/wp\/v2\/media?parent=4047"}],"wp:term":[{"taxonomy":"category","embeddable":true,"href":"https:\/\/tvnovelas.com.br\/news\/wp-json\/wp\/v2\/categories?post=4047"},{"taxonomy":"post_tag","embeddable":true,"href":"https:\/\/tvnovelas.com.br\/news\/wp-json\/wp\/v2\/tags?post=4047"}],"curies":[{"name":"wp","href":"https:\/\/api.w.org\/{rel}","templated":true}]}}