{"id":3902,"date":"2019-07-08T15:32:24","date_gmt":"2019-07-08T18:32:24","guid":{"rendered":"https:\/\/tvnovelas.com.br\/news\/mundo\/?p=3902"},"modified":"2019-07-08T15:32:24","modified_gmt":"2019-07-08T18:32:24","slug":"comeca-temporada-de-passeios-turisticos-para-avistar-baleias-no-espirito-santo","status":"publish","type":"post","link":"https:\/\/tvnovelas.com.br\/news\/comeca-temporada-de-passeios-turisticos-para-avistar-baleias-no-espirito-santo\/","title":{"rendered":"Come\u00e7a temporada de passeios tur\u00edsticos para avistar baleias no Esp\u00edrito Santo"},"content":{"rendered":"<p><a href=\"https:\/\/i0.wp.com\/tvnovelas.com.br\/news\/mundo\/wp-content\/uploads\/2019\/07\/geral243.jpg?ssl=1\"><img data-recalc-dims=\"1\" loading=\"lazy\" decoding=\"async\" src=\"https:\/\/i0.wp.com\/tvnovelas.com.br\/news\/mundo\/wp-content\/uploads\/2019\/07\/geral243.jpg?resize=640%2C426&#038;ssl=1\" alt=\"\" width=\"640\" height=\"426\" class=\"alignnone size-full wp-image-3903\" srcset=\"https:\/\/i0.wp.com\/tvnovelas.com.br\/news\/wp-content\/uploads\/2019\/07\/geral243.jpg?w=760&amp;ssl=1 760w, https:\/\/i0.wp.com\/tvnovelas.com.br\/news\/wp-content\/uploads\/2019\/07\/geral243.jpg?resize=600%2C399&amp;ssl=1 600w, https:\/\/i0.wp.com\/tvnovelas.com.br\/news\/wp-content\/uploads\/2019\/07\/geral243.jpg?resize=300%2C200&amp;ssl=1 300w, https:\/\/i0.wp.com\/tvnovelas.com.br\/news\/wp-content\/uploads\/2019\/07\/geral243.jpg?resize=450%2C300&amp;ssl=1 450w, https:\/\/i0.wp.com\/tvnovelas.com.br\/news\/wp-content\/uploads\/2019\/07\/geral243.jpg?resize=360%2C240&amp;ssl=1 360w\" sizes=\"auto, (max-width: 640px) 100vw, 640px\" \/><\/a><a href=\"https:\/\/i0.wp.com\/tvnovelas.com.br\/news\/mundo\/wp-content\/uploads\/2019\/07\/geral243.jpg?ssl=1\"><img data-recalc-dims=\"1\" loading=\"lazy\" decoding=\"async\" src=\"https:\/\/i0.wp.com\/tvnovelas.com.br\/news\/mundo\/wp-content\/uploads\/2019\/07\/geral243.jpg?resize=640%2C426&#038;ssl=1\" alt=\"Foto de salto de baleia em alto mar\" width=\"640\" height=\"426\" class=\"alignnone wp-image-3903 size-full\" title=\"(Leonardo Mer\u00e7on\/Instituto \u00daltimos Ref\u00fagios\/Amigos da Jubarte)\" srcset=\"https:\/\/i0.wp.com\/tvnovelas.com.br\/news\/wp-content\/uploads\/2019\/07\/geral243.jpg?w=760&amp;ssl=1 760w, https:\/\/i0.wp.com\/tvnovelas.com.br\/news\/wp-content\/uploads\/2019\/07\/geral243.jpg?resize=600%2C399&amp;ssl=1 600w, https:\/\/i0.wp.com\/tvnovelas.com.br\/news\/wp-content\/uploads\/2019\/07\/geral243.jpg?resize=300%2C200&amp;ssl=1 300w, https:\/\/i0.wp.com\/tvnovelas.com.br\/news\/wp-content\/uploads\/2019\/07\/geral243.jpg?resize=450%2C300&amp;ssl=1 450w, https:\/\/i0.wp.com\/tvnovelas.com.br\/news\/wp-content\/uploads\/2019\/07\/geral243.jpg?resize=360%2C240&amp;ssl=1 360w\" sizes=\"auto, (max-width: 640px) 100vw, 640px\" \/><\/a><\/p>\n<p>A temporada de avistamento das baleias Jubarte no Esp\u00edrito Santo j\u00e1 come\u00e7ou e vai at\u00e9 o m\u00eas de outubro. Com embarca\u00e7\u00f5es regulamentadas pela Capitania dos Portos e equipes treinadas, os passeios tur\u00edsticos saem da capital Vit\u00f3ria aos finais de semana e feriados, quando houver condi\u00e7\u00f5es clim\u00e1ticas favor\u00e1veis, e contam com a presen\u00e7a de pesquisadores do Projeto Baleia Jubarte. A expectativa \u00e9 de que cerca de 25 mil baleias passem pelo litoral capixaba at\u00e9 a segunda quinzena de outubro.<\/p>\n<p>Duas embarca\u00e7\u00f5es est\u00e3o regulamentadas pela Capitania dos Portos e com equipes treinadas para que os passeios aconte\u00e7am com seguran\u00e7a para os turistas e as baleias, sempre respeitando o ambiente marinho e a preserva\u00e7\u00e3o da esp\u00e9cie. As embarca\u00e7\u00f5es, com capacidade para 30 e 22 passageiros, partem do P\u00eder Cais do Pescador, na Enseada do Su\u00e1. Os passeios duram, em m\u00e9dia, cinco horas (ida e volta), com perman\u00eancia de at\u00e9 tr\u00eas horas para contempla\u00e7\u00e3o das baleias.<\/p>\n<p>Famosas pelos seus saltos, as esp\u00e9cies podem ser vistas de 10 a 20 milhas n\u00e1uticas (entre 20 a 40 quil\u00f4metros) de dist\u00e2ncia da costa da capital capixaba. No momento do embarque, os turistas recebem orienta\u00e7\u00f5es sobre as normas de avistagem, navega\u00e7\u00e3o e seguran\u00e7a. Al\u00e9m das recomenda\u00e7\u00f5es, \u00e9 entregue aos passageiros o Guia de Vida Marinha onde mostra, por meio de imagens registradas pela equipe de pesquisa Jubarte \u2013 Lab, que al\u00e9m dos cet\u00e1ceos, baleias e golfinhos, \u00e9 poss\u00edvel avistar tartarugas e aves marinhas como o albatroz, trinta r\u00e9is e outras esp\u00e9cies que habitam a costa capixaba.<\/p>\n<p>Durante todo o m\u00eas de junho foram realizadas capacita\u00e7\u00f5es dos demais profissionais da cadeia produtiva do turismo de Vit\u00f3ria envolvidos com as expedi\u00e7\u00f5es. O secret\u00e1rio de Estado de Turismo, Dorval Uliana, destacou o protagonismo do Esp\u00edrito Santo no turismo de observa\u00e7\u00e3o de baleias. \u201cTrata-se de um grande ativo capaz de gerar emprego e renda para diversos segmentos, fazendo com que a atividade seja bem-sucedida e realizada de forma sustent\u00e1vel social e ambientalmente\u201d, afirmou.<\/p>\n<p>Segundo dados do Observat\u00f3rio do Turismo da Prefeitura de Vit\u00f3ria e do Instituto Ecomares, na temporada de 2018, entre os meses de junho e novembro, 893 turistas, a bordo de 38 expedi\u00e7\u00f5es, tiveram a oportunidade de observar as baleias que visitaram o litoral capixaba. Durante o per\u00edodo, foram realizadas oito expedi\u00e7\u00f5es de pesquisa e monitoramento, com m\u00e9dia de avistamento de 10 baleias por embarque.<br \/>\n<em>*Fonte: Minist\u00e9rio do Turismo<\/em><\/p>\n","protected":false},"excerpt":{"rendered":"<p>A temporada de avistamento das baleias Jubarte no Esp\u00edrito Santo j\u00e1 come\u00e7ou e vai at\u00e9 o m\u00eas de outubro. Com embarca\u00e7\u00f5es regulamentadas pela Capitania dos Portos e equipes treinadas, os passeios tur\u00edsticos saem da capital Vit\u00f3ria aos finais de semana e feriados, quando houver condi\u00e7\u00f5es clim\u00e1ticas favor\u00e1veis, e contam com a presen\u00e7a de pesquisadores do&#8230;<\/p>\n","protected":false},"author":1,"featured_media":3903,"comment_status":"closed","ping_status":"closed","sticky":false,"template":"","format":"standard","meta":{"_monsterinsights_skip_tracking":false,"_monsterinsights_sitenote_active":false,"_monsterinsights_sitenote_note":"","_monsterinsights_sitenote_category":0,"magazine_newspaper_sidebar_layout":"","footnotes":"","jetpack_publicize_message":"","jetpack_publicize_feature_enabled":true,"jetpack_social_post_already_shared":false,"jetpack_social_options":{"image_generator_settings":{"template":"highway","default_image_id":0,"font":"","enabled":false},"version":2}},"categories":[65],"tags":[436,437,438,337,20],"class_list":["post-3902","post","type-post","status-publish","format-standard","has-post-thumbnail","hentry","category-turismo-e-lazer","tag-baleias","tag-espirito-santo","tag-mar","tag-praias","tag-turismo"],"aioseo_notices":[],"jetpack_publicize_connections":[],"jetpack_featured_media_url":"https:\/\/i0.wp.com\/tvnovelas.com.br\/news\/wp-content\/uploads\/2019\/07\/geral243.jpg?fit=760%2C506&ssl=1","jetpack_sharing_enabled":true,"jetpack_likes_enabled":true,"jetpack-related-posts":[],"jetpack_shortlink":"https:\/\/wp.me\/pfB4mB-10W","_links":{"self":[{"href":"https:\/\/tvnovelas.com.br\/news\/wp-json\/wp\/v2\/posts\/3902","targetHints":{"allow":["GET"]}}],"collection":[{"href":"https:\/\/tvnovelas.com.br\/news\/wp-json\/wp\/v2\/posts"}],"about":[{"href":"https:\/\/tvnovelas.com.br\/news\/wp-json\/wp\/v2\/types\/post"}],"author":[{"embeddable":true,"href":"https:\/\/tvnovelas.com.br\/news\/wp-json\/wp\/v2\/users\/1"}],"replies":[{"embeddable":true,"href":"https:\/\/tvnovelas.com.br\/news\/wp-json\/wp\/v2\/comments?post=3902"}],"version-history":[{"count":1,"href":"https:\/\/tvnovelas.com.br\/news\/wp-json\/wp\/v2\/posts\/3902\/revisions"}],"predecessor-version":[{"id":3904,"href":"https:\/\/tvnovelas.com.br\/news\/wp-json\/wp\/v2\/posts\/3902\/revisions\/3904"}],"wp:featuredmedia":[{"embeddable":true,"href":"https:\/\/tvnovelas.com.br\/news\/wp-json\/wp\/v2\/media\/3903"}],"wp:attachment":[{"href":"https:\/\/tvnovelas.com.br\/news\/wp-json\/wp\/v2\/media?parent=3902"}],"wp:term":[{"taxonomy":"category","embeddable":true,"href":"https:\/\/tvnovelas.com.br\/news\/wp-json\/wp\/v2\/categories?post=3902"},{"taxonomy":"post_tag","embeddable":true,"href":"https:\/\/tvnovelas.com.br\/news\/wp-json\/wp\/v2\/tags?post=3902"}],"curies":[{"name":"wp","href":"https:\/\/api.w.org\/{rel}","templated":true}]}}