{"id":3887,"date":"2019-07-08T12:34:34","date_gmt":"2019-07-08T15:34:34","guid":{"rendered":"https:\/\/tvnovelas.com.br\/news\/mundo\/?p=3887"},"modified":"2019-07-08T12:37:25","modified_gmt":"2019-07-08T15:37:25","slug":"ibge-abre-inscricao-para-400-vagas-de-analista-censitario","status":"publish","type":"post","link":"https:\/\/tvnovelas.com.br\/news\/ibge-abre-inscricao-para-400-vagas-de-analista-censitario\/","title":{"rendered":"IBGE abre inscri\u00e7\u00e3o para 400 vagas de Analista Censit\u00e1rio"},"content":{"rendered":"<h2 style=\"text-align: center;\">S\u00e3o 400 vagas tempor\u00e1rias para trabalhar no Censo Demogr\u00e1fico, em 20 \u00e1reas de n\u00edvel superior.<\/h2>\n<p><a href=\"https:\/\/i0.wp.com\/tvnovelas.com.br\/news\/mundo\/wp-content\/uploads\/2019\/07\/geral242.jpg?ssl=1\"><img data-recalc-dims=\"1\" loading=\"lazy\" decoding=\"async\" src=\"https:\/\/i0.wp.com\/tvnovelas.com.br\/news\/mundo\/wp-content\/uploads\/2019\/07\/geral242.jpg?resize=600%2C320&#038;ssl=1\" alt=\"Foto de recenseadora\" width=\"600\" height=\"320\" class=\"alignnone wp-image-3890 size-full\" title=\"(Foto: Licia Rubinstein\/Ag\u00eancia IBGE Not\u00edcias)\" srcset=\"https:\/\/i0.wp.com\/tvnovelas.com.br\/news\/wp-content\/uploads\/2019\/07\/geral242.jpg?w=600&amp;ssl=1 600w, https:\/\/i0.wp.com\/tvnovelas.com.br\/news\/wp-content\/uploads\/2019\/07\/geral242.jpg?resize=300%2C160&amp;ssl=1 300w\" sizes=\"auto, (max-width: 600px) 100vw, 600px\" \/><\/a><\/p>\n<p>S\u00e3o 400 vagas tempor\u00e1rias para trabalhar no Censo Demogr\u00e1fico, em 20 \u00e1reas de conhecimento de n\u00edvel superior. As inscri\u00e7\u00f5es estar\u00e3o abertas de 8 a 23 de julho e as provas est\u00e3o previstas para 1\u00ba de setembro.<\/p>\n<p>Os contratados ter\u00e3o direito aos aux\u00edlios Alimenta\u00e7\u00e3o, Transporte e Pr\u00e9-escolar, assim como a f\u00e9rias e 13\u00ba sal\u00e1rio proporcionais, de acordo com a legisla\u00e7\u00e3o que regulamenta este tipo de contrata\u00e7\u00e3o. A remunera\u00e7\u00e3o mensal prevista \u00e9 de R$ 4.200,00.<\/p>\n<p>O per\u00edodo m\u00e1ximo da contrata\u00e7\u00e3o \u00e9 de 12 (doze) meses. Os contratos ter\u00e3o vig\u00eancia de 30 (trinta) dias, podendo ser sucessivamente prorrogados por igual per\u00edodo, de acordo com a necessidade do trabalho e\/ou disponibilidade de recursos or\u00e7ament\u00e1rios. O desempenho dos contratados ser\u00e1 avaliado mensalmente.<\/p>\n<p>A jornada de trabalho ser\u00e1 de 40 horas semanais, sendo 8 horas di\u00e1rias. S\u00e3o oferecidas 400 vagas tempor\u00e1rias, em 20 \u00e1reas de conhecimento de n\u00edvel superior. H\u00e1 vagas para todas as 27 unidades da federa\u00e7\u00e3o, mas a maior parte delas \u00e9 para o Rio de Janeiro, onde est\u00e1 a sede do IBGE. O quadro completo das vagas, por UFs e \u00e1reas de conhecimento, est\u00e1 no link \u00e0 direita. As pessoas com defici\u00eancia ter\u00e3o direito ao m\u00ednimo 5% das vagas, de acordo com a legisla\u00e7\u00e3o em vigor e as normas do edital. Veja na tabela abaixo a rela\u00e7\u00e3o das \u00e1reas de conhecimento e as respectivas vagas:<\/p>\n<p>&nbsp;<\/p>\n<p><a href=\"https:\/\/i0.wp.com\/tvnovelas.com.br\/news\/mundo\/wp-content\/uploads\/2019\/07\/geral240.jpg?ssl=1\"><img data-recalc-dims=\"1\" loading=\"lazy\" decoding=\"async\" src=\"https:\/\/i0.wp.com\/tvnovelas.com.br\/news\/mundo\/wp-content\/uploads\/2019\/07\/geral240.jpg?resize=640%2C512&#038;ssl=1\" alt=\"Quadro de vagas\" width=\"640\" height=\"512\" class=\"aligncenter wp-image-3888 size-full\" srcset=\"https:\/\/i0.wp.com\/tvnovelas.com.br\/news\/wp-content\/uploads\/2019\/07\/geral240.jpg?w=650&amp;ssl=1 650w, https:\/\/i0.wp.com\/tvnovelas.com.br\/news\/wp-content\/uploads\/2019\/07\/geral240.jpg?resize=600%2C480&amp;ssl=1 600w, https:\/\/i0.wp.com\/tvnovelas.com.br\/news\/wp-content\/uploads\/2019\/07\/geral240.jpg?resize=300%2C240&amp;ssl=1 300w\" sizes=\"auto, (max-width: 640px) 100vw, 640px\" \/><\/a><\/p>\n<p>&nbsp;<\/p>\n<p>Os principais requisitos a serem atendidos pelos candidatos s\u00e3o: a) ter nacionalidade brasileira ou portuguesa e, nesse caso, estar amparado pelo estatuto de igualdade entre brasileiros e portugueses; b) estar em dia com as obriga\u00e7\u00f5es eleitorais; c) estar em pleno gozo de seus direitos pol\u00edticos; d) estar em dia com as obriga\u00e7\u00f5es militares, em caso de candidato brasileiro do sexo masculino; e) ter idade m\u00ednima de dezoito anos completos, na data de contrata\u00e7\u00e3o; f) n\u00e3o ser servidor da Administra\u00e7\u00e3o direta ou indireta da Uni\u00e3o, dos Estados, do Distrito Federal e dos Munic\u00edpios, bem como empregado ou servidor de suas subsidi\u00e1rias e controladas, ainda que aposentado; g) n\u00e3o ter sido contratado pelo IBGE nos \u00faltimos 24 (vinte e quatro) meses para servi\u00e7o tempor\u00e1rio; h) possuir aptid\u00e3o f\u00edsica e mental para o exerc\u00edcio das suas atribui\u00e7\u00f5es; i) n\u00e3o ser s\u00f3cio-gerente ou administrador de sociedades privadas. Os requisitos e a documenta\u00e7\u00e3o necess\u00e1ria est\u00e3o estabelecidos no edital, que deve ser lido atentamente pelos candidatos.<\/p>\n<p>As inscri\u00e7\u00f5es poder\u00e3o ser feitas pela internet, no site <a href=\"http:\/\/www.institutoaocp.org.br\/\" rel=\"noopener noreferrer\" target=\"_blank\">www.institutoaocp.org.br<\/a>. Para evitar contratempos, os candidatos devem ler e seguir atentamente as determina\u00e7\u00f5es do edital. A taxa \u00e9 de R$ 64,00 e as inscri\u00e7\u00f5es somente ser\u00e3o validadas ap\u00f3s a confirma\u00e7\u00e3o do respectivo pagamento. As pessoas pretas ou pardas ter\u00e3o direito a 20% das vagas, de acordo com a legisla\u00e7\u00e3o em vigor.<\/p>\n<p>As provas est\u00e3o previstas para 1\u00ba de setembro de 2019. O cronograma completo est\u00e1 no edital e deve ser lido atentamente pelos candidatos. Ser\u00e3o 60 quest\u00f5es objetivas em tr\u00eas disciplinas: l\u00edngua portuguesa, conhecimentos espec\u00edficos e racioc\u00ednio l\u00f3gico, com exce\u00e7\u00e3o das \u00e1reas de conhecimento de M\u00e9todos Quantitativos e Letras, que ter\u00e3o duas disciplinas cada (l\u00edngua portuguesa e conhecimentos espec\u00edficos e racioc\u00ednio l\u00f3gico e conhecimentos espec\u00edficos, respectivamente) conforme descrito no edital. Veja o cronograma das principais etapas do processo seletivo na tabela a seguir:<br \/>\n<a href=\"https:\/\/i0.wp.com\/tvnovelas.com.br\/news\/mundo\/wp-content\/uploads\/2019\/07\/geral241.jpg?ssl=1\"><img data-recalc-dims=\"1\" loading=\"lazy\" decoding=\"async\" src=\"https:\/\/i0.wp.com\/tvnovelas.com.br\/news\/mundo\/wp-content\/uploads\/2019\/07\/geral241-300x102.jpg?resize=300%2C102&#038;ssl=1\" alt=\"Quadro com o cronograma do concurso\" width=\"300\" height=\"102\" class=\"size-medium wp-image-3889 aligncenter\" srcset=\"https:\/\/i0.wp.com\/tvnovelas.com.br\/news\/wp-content\/uploads\/2019\/07\/geral241.jpg?resize=300%2C102&amp;ssl=1 300w, https:\/\/i0.wp.com\/tvnovelas.com.br\/news\/wp-content\/uploads\/2019\/07\/geral241.jpg?resize=600%2C204&amp;ssl=1 600w, https:\/\/i0.wp.com\/tvnovelas.com.br\/news\/wp-content\/uploads\/2019\/07\/geral241.jpg?w=693&amp;ssl=1 693w\" sizes=\"auto, (max-width: 300px) 100vw, 300px\" \/><\/a><br \/>\n<strong>Leia tamb\u00e9m:<\/strong><br \/>\n<a href=\"https:\/\/agenciadenoticias.ibge.gov.br\/agencia-sala-de-imprensa\/2013-agencia-de-noticias\/releases\/24980-ibge-publica-edital-para-analista-censitario.html\" rel=\"noopener noreferrer\" target=\"_blank\">IBGE publica edital para Analista Censit\u00e1rio<\/a><br \/>\n<a href=\"https:\/\/www.ibge.gov.br\/estatisticas\/sociais\/populacao\/22827-censo-2020-censo4.html\" rel=\"noopener noreferrer\" target=\"_blank\">Quadro de vagas por UF &#8211; Censo 2020<\/a><\/p>\n","protected":false},"excerpt":{"rendered":"<p>S\u00e3o 400 vagas tempor\u00e1rias para trabalhar no Censo Demogr\u00e1fico, em 20 \u00e1reas de n\u00edvel superior. S\u00e3o 400 vagas tempor\u00e1rias para trabalhar no Censo Demogr\u00e1fico, em 20 \u00e1reas de conhecimento de n\u00edvel superior. As inscri\u00e7\u00f5es estar\u00e3o abertas de 8 a 23 de julho e as provas est\u00e3o previstas para 1\u00ba de setembro. Os contratados ter\u00e3o direito&#8230;<\/p>\n","protected":false},"author":1,"featured_media":3890,"comment_status":"closed","ping_status":"closed","sticky":false,"template":"","format":"standard","meta":{"_monsterinsights_skip_tracking":false,"_monsterinsights_sitenote_active":false,"_monsterinsights_sitenote_note":"","_monsterinsights_sitenote_category":0,"magazine_newspaper_sidebar_layout":"","footnotes":"","jetpack_publicize_message":"","jetpack_publicize_feature_enabled":true,"jetpack_social_post_already_shared":false,"jetpack_social_options":{"image_generator_settings":{"template":"highway","default_image_id":0,"font":"","enabled":false},"version":2}},"categories":[1],"tags":[359,434,262],"class_list":["post-3887","post","type-post","status-publish","format-standard","has-post-thumbnail","hentry","category-blog","tag-censo-2020","tag-concurso-publico","tag-ibge"],"aioseo_notices":[],"jetpack_publicize_connections":[],"jetpack_featured_media_url":"https:\/\/i0.wp.com\/tvnovelas.com.br\/news\/wp-content\/uploads\/2019\/07\/geral242.jpg?fit=600%2C320&ssl=1","jetpack_sharing_enabled":true,"jetpack_likes_enabled":true,"jetpack-related-posts":[],"jetpack_shortlink":"https:\/\/wp.me\/pfB4mB-10H","_links":{"self":[{"href":"https:\/\/tvnovelas.com.br\/news\/wp-json\/wp\/v2\/posts\/3887","targetHints":{"allow":["GET"]}}],"collection":[{"href":"https:\/\/tvnovelas.com.br\/news\/wp-json\/wp\/v2\/posts"}],"about":[{"href":"https:\/\/tvnovelas.com.br\/news\/wp-json\/wp\/v2\/types\/post"}],"author":[{"embeddable":true,"href":"https:\/\/tvnovelas.com.br\/news\/wp-json\/wp\/v2\/users\/1"}],"replies":[{"embeddable":true,"href":"https:\/\/tvnovelas.com.br\/news\/wp-json\/wp\/v2\/comments?post=3887"}],"version-history":[{"count":2,"href":"https:\/\/tvnovelas.com.br\/news\/wp-json\/wp\/v2\/posts\/3887\/revisions"}],"predecessor-version":[{"id":3892,"href":"https:\/\/tvnovelas.com.br\/news\/wp-json\/wp\/v2\/posts\/3887\/revisions\/3892"}],"wp:featuredmedia":[{"embeddable":true,"href":"https:\/\/tvnovelas.com.br\/news\/wp-json\/wp\/v2\/media\/3890"}],"wp:attachment":[{"href":"https:\/\/tvnovelas.com.br\/news\/wp-json\/wp\/v2\/media?parent=3887"}],"wp:term":[{"taxonomy":"category","embeddable":true,"href":"https:\/\/tvnovelas.com.br\/news\/wp-json\/wp\/v2\/categories?post=3887"},{"taxonomy":"post_tag","embeddable":true,"href":"https:\/\/tvnovelas.com.br\/news\/wp-json\/wp\/v2\/tags?post=3887"}],"curies":[{"name":"wp","href":"https:\/\/api.w.org\/{rel}","templated":true}]}}