{"id":3815,"date":"2019-07-05T15:43:25","date_gmt":"2019-07-05T18:43:25","guid":{"rendered":"https:\/\/tvnovelas.com.br\/news\/mundo\/?p=3815"},"modified":"2019-07-05T15:43:25","modified_gmt":"2019-07-05T18:43:25","slug":"sao-paulo-registra-recorde-de-chuva-em-24-horas-para-o-mes-de-julho","status":"publish","type":"post","link":"https:\/\/tvnovelas.com.br\/news\/sao-paulo-registra-recorde-de-chuva-em-24-horas-para-o-mes-de-julho\/","title":{"rendered":"S\u00e3o Paulo registra recorde de chuva em 24 horas para o m\u00eas de julho"},"content":{"rendered":"<p><a href=\"https:\/\/i0.wp.com\/tvnovelas.com.br\/news\/mundo\/wp-content\/uploads\/2019\/07\/geral220.jpg?ssl=1\"><img data-recalc-dims=\"1\" loading=\"lazy\" decoding=\"async\" src=\"https:\/\/i0.wp.com\/tvnovelas.com.br\/news\/mundo\/wp-content\/uploads\/2019\/07\/geral220.jpg?resize=500%2C333&#038;ssl=1\" alt=\"\" width=\"500\" height=\"333\" class=\"alignnone wp-image-3816 size-full\" title=\"Rovena Rosa\/Ag\u00eancia Brasil\" srcset=\"https:\/\/i0.wp.com\/tvnovelas.com.br\/news\/wp-content\/uploads\/2019\/07\/geral220.jpg?w=500&amp;ssl=1 500w, https:\/\/i0.wp.com\/tvnovelas.com.br\/news\/wp-content\/uploads\/2019\/07\/geral220.jpg?resize=300%2C200&amp;ssl=1 300w, https:\/\/i0.wp.com\/tvnovelas.com.br\/news\/wp-content\/uploads\/2019\/07\/geral220.jpg?resize=450%2C300&amp;ssl=1 450w, https:\/\/i0.wp.com\/tvnovelas.com.br\/news\/wp-content\/uploads\/2019\/07\/geral220.jpg?resize=360%2C240&amp;ssl=1 360w\" sizes=\"auto, (max-width: 500px) 100vw, 500px\" \/><\/a><\/p>\n<p style=\"text-align: right;\"><em>Ag\u00eancia Brasil<\/em><\/p>\n<p>O lento deslocamento de uma frente fria sobre o estado de S\u00e3o Paulo provocou chuva de moderada a forte durante v\u00e1rias horas, especialmente na faixa centro-leste e nordeste do estado, \u00e1rea em que fica a capital paulista. A converg\u00eancia dos ventos quentes e \u00famidos de noroeste e o ar frio de sul intensificaram a instabilidade sobre a capital.<\/p>\n<p>Segundo informa\u00e7\u00f5es do Instituto Nacional de Meteorologia (INMET) na esta\u00e7\u00e3o meteorol\u00f3gica do Mirante de Santana, o acumulado de chuva de 24 horas medido entre \u00e0s 9h de quinta-feira (4) at\u00e9 \u00e0s 9h desta sexta-feira (5) foi de 123,6 mm, um recorde absoluto de toda a s\u00e9rie hist\u00f3rica para o m\u00eas de julho em 76 anos de observa\u00e7\u00e3o. O maior volume anterior havia sido verificado em 3 de julho de 1976 com 70,8 mm.<\/p>\n<p>Entre quarta e quinta-feira \u00faltimas foram registrados 22,4 mm de chuva, sendo que o total acumulado foi de 146 mm, depois de um per\u00edodo de 28 dias sem chuva. Segundo o INMET, a m\u00e9dia hist\u00f3rica para o m\u00eas de julho (1943-2018) \u00e9 de 43 mm, ou seja, j\u00e1 choveu mais do que tr\u00eas vezes a m\u00e9dia do m\u00eas.<\/p>\n<p>Considerando a s\u00e9rie absoluta em todos os meses de chuva, o registro de 123,6 mm de chuva em 24 horas foi o quarto maior da s\u00e9rie hist\u00f3rica, perdendo apenas para 21\/12\/1988 com 151,8mm; 140,4 mm em 25\/05\/2005 e 127,4mm em 12\/01\/1949.<\/p>\n<p>A chuva, al\u00e9m de cont\u00ednua, foi bastante homog\u00eanea na capital. A esta\u00e7\u00e3o autom\u00e1tica do Inmet, localizada no Sesc-Interlagos, zona sul da capital, registrou um total de 132,2 mm desde o in\u00edcio do evento de chuva que come\u00e7ou na madrugada de quinta-feira (4).<\/p>\n<p>A tend\u00eancia indica que a chuva deve cessar nas pr\u00f3ximas horas, \u00e0 medida em que uma forte massa de ar polar vai deixar o tempo gelado e mais seco sobre o estado.<\/p>\n<p>Na capital, as temperaturas m\u00ednimas previstas neste final de semana ficam ao redor dos 5\u00b0C. Segue em vigor o alerta de onda frio at\u00e9 a pr\u00f3xima segunda-feira (8).<\/p>\n<p>Na ter\u00e7a-feira (9), feriado estadual, S\u00e3o Paulo deve registrar m\u00ednima de 7\u00b0C e m\u00e1xima de 18\u00b0C, sem previs\u00e3o de chuvas.<\/p>\n","protected":false},"excerpt":{"rendered":"<p>Ag\u00eancia Brasil O lento deslocamento de uma frente fria sobre o estado de S\u00e3o Paulo provocou chuva de moderada a forte durante v\u00e1rias horas, especialmente na faixa centro-leste e nordeste do estado, \u00e1rea em que fica a capital paulista. A converg\u00eancia dos ventos quentes e \u00famidos de noroeste e o ar frio de sul intensificaram&#8230;<\/p>\n","protected":false},"author":1,"featured_media":3816,"comment_status":"closed","ping_status":"closed","sticky":false,"template":"","format":"standard","meta":{"_monsterinsights_skip_tracking":false,"_monsterinsights_sitenote_active":false,"_monsterinsights_sitenote_note":"","_monsterinsights_sitenote_category":0,"magazine_newspaper_sidebar_layout":"","footnotes":"","jetpack_publicize_message":"","jetpack_publicize_feature_enabled":true,"jetpack_social_post_already_shared":false,"jetpack_social_options":{"image_generator_settings":{"template":"highway","default_image_id":0,"font":"","enabled":false},"version":2}},"categories":[1],"tags":[406,390,391,386],"class_list":["post-3815","post","type-post","status-publish","format-standard","has-post-thumbnail","hentry","category-blog","tag-chuva","tag-inmet","tag-previsao-do-tempo","tag-sao-paulo"],"aioseo_notices":[],"jetpack_publicize_connections":[],"jetpack_featured_media_url":"https:\/\/i0.wp.com\/tvnovelas.com.br\/news\/wp-content\/uploads\/2019\/07\/geral220.jpg?fit=500%2C333&ssl=1","jetpack_sharing_enabled":true,"jetpack_likes_enabled":true,"jetpack-related-posts":[],"jetpack_shortlink":"https:\/\/wp.me\/pfB4mB-Zx","_links":{"self":[{"href":"https:\/\/tvnovelas.com.br\/news\/wp-json\/wp\/v2\/posts\/3815","targetHints":{"allow":["GET"]}}],"collection":[{"href":"https:\/\/tvnovelas.com.br\/news\/wp-json\/wp\/v2\/posts"}],"about":[{"href":"https:\/\/tvnovelas.com.br\/news\/wp-json\/wp\/v2\/types\/post"}],"author":[{"embeddable":true,"href":"https:\/\/tvnovelas.com.br\/news\/wp-json\/wp\/v2\/users\/1"}],"replies":[{"embeddable":true,"href":"https:\/\/tvnovelas.com.br\/news\/wp-json\/wp\/v2\/comments?post=3815"}],"version-history":[{"count":1,"href":"https:\/\/tvnovelas.com.br\/news\/wp-json\/wp\/v2\/posts\/3815\/revisions"}],"predecessor-version":[{"id":3817,"href":"https:\/\/tvnovelas.com.br\/news\/wp-json\/wp\/v2\/posts\/3815\/revisions\/3817"}],"wp:featuredmedia":[{"embeddable":true,"href":"https:\/\/tvnovelas.com.br\/news\/wp-json\/wp\/v2\/media\/3816"}],"wp:attachment":[{"href":"https:\/\/tvnovelas.com.br\/news\/wp-json\/wp\/v2\/media?parent=3815"}],"wp:term":[{"taxonomy":"category","embeddable":true,"href":"https:\/\/tvnovelas.com.br\/news\/wp-json\/wp\/v2\/categories?post=3815"},{"taxonomy":"post_tag","embeddable":true,"href":"https:\/\/tvnovelas.com.br\/news\/wp-json\/wp\/v2\/tags?post=3815"}],"curies":[{"name":"wp","href":"https:\/\/api.w.org\/{rel}","templated":true}]}}