{"id":3752,"date":"2019-07-04T09:24:09","date_gmt":"2019-07-04T12:24:09","guid":{"rendered":"https:\/\/tvnovelas.com.br\/news\/mundo\/?p=3752"},"modified":"2019-07-04T09:28:12","modified_gmt":"2019-07-04T12:28:12","slug":"defesa-civil-alerta-para-onda-de-frio-intenso-no-sul-e-partes-do-sudeste-e-centro-oeste","status":"publish","type":"post","link":"https:\/\/tvnovelas.com.br\/news\/defesa-civil-alerta-para-onda-de-frio-intenso-no-sul-e-partes-do-sudeste-e-centro-oeste\/","title":{"rendered":"Defesa Civil alerta para onda de frio intenso no Sul e partes do Sudeste e Centro-Oeste"},"content":{"rendered":"<h2 style=\"text-align: center;\">\u00d3rg\u00e3o recomenda aten\u00e7\u00e3o especial com popula\u00e7\u00e3o mais vulner\u00e1vel, como enfermos, moradores de rua, idosos e crian\u00e7as<\/h2>\n<p><a href=\"https:\/\/i0.wp.com\/tvnovelas.com.br\/news\/mundo\/wp-content\/uploads\/2019\/07\/geral205.jpg?ssl=1\"><img data-recalc-dims=\"1\" loading=\"lazy\" decoding=\"async\" src=\"https:\/\/i0.wp.com\/tvnovelas.com.br\/news\/mundo\/wp-content\/uploads\/2019\/07\/geral205.jpg?resize=600%2C344&#038;ssl=1\" alt=\"Frio inverno\" width=\"600\" height=\"344\" class=\"alignnone wp-image-3753 size-full\" title=\"(Foto: MDR)\" srcset=\"https:\/\/i0.wp.com\/tvnovelas.com.br\/news\/wp-content\/uploads\/2019\/07\/geral205.jpg?w=600&amp;ssl=1 600w, https:\/\/i0.wp.com\/tvnovelas.com.br\/news\/wp-content\/uploads\/2019\/07\/geral205.jpg?resize=300%2C172&amp;ssl=1 300w\" sizes=\"auto, (max-width: 600px) 100vw, 600px\" \/><\/a><\/p>\n<p>O Minist\u00e9rio do Desenvolvimento Regional (MDR), por meio do Centro Nacional de Gerenciamento de Riscos e Desastres (Cenad), alerta para uma onda de frio nos pr\u00f3ximos dias nos estados da regi\u00e3o Sul, al\u00e9m de S\u00e3o Paulo, Minas Gerais e Mato Grosso do Sul.<\/p>\n<p>Segundo o \u00f3rg\u00e3o da Secretaria Nacional de Prote\u00e7\u00e3o e Defesa Civil (Sedec), a chegada de uma frente fria nesta quarta (3) ao Sul do Pa\u00eds trar\u00e1 a incurs\u00e3o de uma massa de ar polar bastante intensa, que avan\u00e7ar\u00e1 para toda a regi\u00e3o e partes do Sudeste e Centro-Oeste, chegando at\u00e9 o Norte do Pa\u00eds. \u00c9 esperada a queda de temperatura acentuada nessas regi\u00f5es e condi\u00e7\u00f5es de frio intenso.<\/p>\n<p>As temperaturas mais baixas ser\u00e3o registradas nas \u00e1reas de serra e planalto no Rio Grande do Sul, Santa Catarina e Paran\u00e1, com temperaturas em torno de -5\u00ba C nas manh\u00e3s de quinta-feira (4) at\u00e9 domingo (7). Nos estados de S\u00e3o Paulo, Minas Gerais e Mato Grosso do Sul, o frio mais intenso deve ocorrer no final de semana, com m\u00ednimas de aproximadamente 5\u00ba C nas primeiras horas dos dias.<\/p>\n<p><strong>\u00c1reas a serem atingidas<\/strong><br \/>\nEstados da regi\u00e3o Sul, S\u00e3o Paulo, Minas Gerais e Mato Grosso do Sul, com \u00eanfase em \u00e1reas mais altas. Haver\u00e1, contudo, decl\u00ednio acentuado de temperatura em grande parte do Centro-Oeste e sul da regi\u00e3o Norte.<\/p>\n<p><strong>Temperaturas esperadas<\/strong><br \/>\nAs menores temperaturas ser\u00e3o registradas nas \u00e1reas de serra no Sul do Pa\u00eds, com possibilidade de chegar a -5\u00ba C. Em outras localidades da regi\u00e3o, de 0 e 5\u00ba C no in\u00edcio da manh\u00e3. J\u00e1 em S\u00e3o Paulo, Minas Gerais e Mato Grosso do Sul, as temperaturas ser\u00e3o em torno de 5\u00ba C nas \u00e1reas mais frias.<\/p>\n<p><strong>Per\u00edodo<\/strong><br \/>\nNa regi\u00e3o Sul, as condi\u00e7\u00f5es cr\u00edticas ser\u00e3o registradas at\u00e9 domingo (7), com pico de frio entre quinta-feira e s\u00e1bado. No Sudeste e demais \u00e1reas, as temperaturas mais baixas ser\u00e3o no final de semana, esperando-se aumento gradual a partir de segunda-feira, 8 de julho.<\/p>\n<p><strong>Recomenda\u00e7\u00f5es<\/strong><br \/>\nAten\u00e7\u00e3o especial com a popula\u00e7\u00e3o mais vulner\u00e1vel, como enfermos, moradores de rua, idosos e crian\u00e7as. \u00c9 essencial manter-se bem agasalhado, beber bastante \u00e1gua e evitar locais fechados e de grande circula\u00e7\u00e3o de pessoas, al\u00e9m da higiene frequente das m\u00e3os. Essas medidas s\u00e3o de grande import\u00e2ncia na preven\u00e7\u00e3o de gripe, resfriados, pneumonia e demais doen\u00e7as respirat\u00f3rias, mantendo ainda mais cuidado com crian\u00e7as e idosos &#8211; mais suscet\u00edveis \u00e0s doen\u00e7as agravadas pelo frio. Nas noites com temperaturas mais baixas, recomenda-se, tamb\u00e9m, abrigar animais dom\u00e9sticos.<br \/>\nFontes: Minist\u00e9rio do Desenvolvimento Regional, com informa\u00e7\u00f5es do Instituto Nacional de Meteorologia (INMET), Centro de Previs\u00e3o de Tempo e Estudos Clim\u00e1ticos (CPTEC) e Defesas Civis dos Estados mencionados.<br \/>\n<em><strong>Fontes<\/strong>: Minist\u00e9rio do Desenvolvimento Regional, com informa\u00e7\u00f5es do Instituto Nacional de Meteorologia (INMET), Centro de Previs\u00e3o de Tempo e Estudos Clim\u00e1ticos (CPTEC) e Defesas Civis dos Estados mencionados<\/em><\/p>\n","protected":false},"excerpt":{"rendered":"<p>\u00d3rg\u00e3o recomenda aten\u00e7\u00e3o especial com popula\u00e7\u00e3o mais vulner\u00e1vel, como enfermos, moradores de rua, idosos e crian\u00e7as O Minist\u00e9rio do Desenvolvimento Regional (MDR), por meio do Centro Nacional de Gerenciamento de Riscos e Desastres (Cenad), alerta para uma onda de frio nos pr\u00f3ximos dias nos estados da regi\u00e3o Sul, al\u00e9m de S\u00e3o Paulo, Minas Gerais e&#8230;<\/p>\n","protected":false},"author":1,"featured_media":3753,"comment_status":"closed","ping_status":"closed","sticky":false,"template":"","format":"standard","meta":{"_monsterinsights_skip_tracking":false,"_monsterinsights_sitenote_active":false,"_monsterinsights_sitenote_note":"","_monsterinsights_sitenote_category":0,"magazine_newspaper_sidebar_layout":"","footnotes":"","jetpack_publicize_message":"","jetpack_publicize_feature_enabled":true,"jetpack_social_post_already_shared":false,"jetpack_social_options":{"image_generator_settings":{"template":"highway","default_image_id":0,"font":"","enabled":false},"version":2}},"categories":[1],"tags":[392,390,391],"class_list":["post-3752","post","type-post","status-publish","format-standard","has-post-thumbnail","hentry","category-blog","tag-frente-fria","tag-inmet","tag-previsao-do-tempo"],"aioseo_notices":[],"jetpack_publicize_connections":[],"jetpack_featured_media_url":"https:\/\/i0.wp.com\/tvnovelas.com.br\/news\/wp-content\/uploads\/2019\/07\/geral205.jpg?fit=600%2C344&ssl=1","jetpack_sharing_enabled":true,"jetpack_likes_enabled":true,"jetpack-related-posts":[],"jetpack_shortlink":"https:\/\/wp.me\/pfB4mB-Yw","_links":{"self":[{"href":"https:\/\/tvnovelas.com.br\/news\/wp-json\/wp\/v2\/posts\/3752","targetHints":{"allow":["GET"]}}],"collection":[{"href":"https:\/\/tvnovelas.com.br\/news\/wp-json\/wp\/v2\/posts"}],"about":[{"href":"https:\/\/tvnovelas.com.br\/news\/wp-json\/wp\/v2\/types\/post"}],"author":[{"embeddable":true,"href":"https:\/\/tvnovelas.com.br\/news\/wp-json\/wp\/v2\/users\/1"}],"replies":[{"embeddable":true,"href":"https:\/\/tvnovelas.com.br\/news\/wp-json\/wp\/v2\/comments?post=3752"}],"version-history":[{"count":3,"href":"https:\/\/tvnovelas.com.br\/news\/wp-json\/wp\/v2\/posts\/3752\/revisions"}],"predecessor-version":[{"id":3756,"href":"https:\/\/tvnovelas.com.br\/news\/wp-json\/wp\/v2\/posts\/3752\/revisions\/3756"}],"wp:featuredmedia":[{"embeddable":true,"href":"https:\/\/tvnovelas.com.br\/news\/wp-json\/wp\/v2\/media\/3753"}],"wp:attachment":[{"href":"https:\/\/tvnovelas.com.br\/news\/wp-json\/wp\/v2\/media?parent=3752"}],"wp:term":[{"taxonomy":"category","embeddable":true,"href":"https:\/\/tvnovelas.com.br\/news\/wp-json\/wp\/v2\/categories?post=3752"},{"taxonomy":"post_tag","embeddable":true,"href":"https:\/\/tvnovelas.com.br\/news\/wp-json\/wp\/v2\/tags?post=3752"}],"curies":[{"name":"wp","href":"https:\/\/api.w.org\/{rel}","templated":true}]}}