{"id":3693,"date":"2019-07-03T10:20:52","date_gmt":"2019-07-03T13:20:52","guid":{"rendered":"https:\/\/tvnovelas.com.br\/news\/mundo\/?p=3693"},"modified":"2019-07-03T10:24:13","modified_gmt":"2019-07-03T13:24:13","slug":"confianca-do-consumidor-cai-outra-vez-aponta-pesquisa-do-ibope","status":"publish","type":"post","link":"https:\/\/tvnovelas.com.br\/news\/confianca-do-consumidor-cai-outra-vez-aponta-pesquisa-do-ibope\/","title":{"rendered":"Confian\u00e7a do consumidor cai outra vez, aponta pesquisa do Ibope"},"content":{"rendered":"<h2 style=\"text-align: center;\">A maior queda do \u00edndice de confian\u00e7a foi registrada entre consumidores com renda at\u00e9 at\u00e9 1 sal\u00e1rio m\u00ednimo.<\/h2>\n<p><a href=\"https:\/\/i0.wp.com\/tvnovelas.com.br\/news\/mundo\/wp-content\/uploads\/2019\/07\/geral191.jpg?ssl=1\"><img data-recalc-dims=\"1\" loading=\"lazy\" decoding=\"async\" src=\"https:\/\/i0.wp.com\/tvnovelas.com.br\/news\/mundo\/wp-content\/uploads\/2019\/07\/geral191.jpg?resize=350%2C230&#038;ssl=1\" alt=\"imagem ilustrativa\" width=\"350\" height=\"230\" class=\"size-full wp-image-3694 alignright\" srcset=\"https:\/\/i0.wp.com\/tvnovelas.com.br\/news\/wp-content\/uploads\/2019\/07\/geral191.jpg?w=350&amp;ssl=1 350w, https:\/\/i0.wp.com\/tvnovelas.com.br\/news\/wp-content\/uploads\/2019\/07\/geral191.jpg?resize=300%2C197&amp;ssl=1 300w\" sizes=\"auto, (max-width: 350px) 100vw, 350px\" \/><\/a>O INEC (\u00cdndice Nacional de Expectativa do Consumidor) recuou de 48,4 pontos em abril de 2019 para 47,0 pontos em junho. A queda \u00e9 a segunda consecutiva, que afastou o \u00edndice da linha divis\u00f3ria de 50 pontos, mostrando maior falta de confian\u00e7a do consumidor. O \u00edndice \u00e9 da pesquisa do Ibope feita para a CNI, nos dias 20 a 23 de junho, e divulgada nesta ter\u00e7a-feira (02).<\/p>\n<p>Apesar da queda, o \u00edndice ainda se encontra acima da m\u00e9dia hist\u00f3rica de 46,1 pontos. O \u00edndice \u00e9 tamb\u00e9m 6,7 pontos superior ao registrado em junho passado; ressalte-se, contudo, que o \u00edndice daquele m\u00eas havia sido impactado pela paralisa\u00e7\u00e3o dos caminhoneiros, no final do m\u00eas anterior.<\/p>\n<p>O INEC \u00e9 menor na regi\u00e3o Nordeste \u2013 o \u00edndice, inclu\u00adsive, est\u00e1 abaixo da m\u00e9dia hist\u00f3rica para a regi\u00e3o. O mesmo ocorre com aqueles com renda familiar at\u00e9 um sal\u00e1rio m\u00ednimo.<\/p>\n<p>&#10022;Piora das expectativas e situa\u00e7\u00e3o financeira<br \/>\nTodos os \u00edndices que comp\u00f5em o INEC pioraram entre abril e junho de 2019. O \u00edndice de endividamento cresceu de 49,0 para 51,0 pontos, ou seja, mostrava queda e agora mostra um aumento do endividamento dos consumidores. Quanto \u00e0 renda, que antes tamb\u00e9m apresentava uma pequena expectativa de aumento em 50,5 pontos, agora se situa ligeiramente abaixo da linha divis\u00f3ria em 49,7 pontos, mostrando relativa estabilidade das expectativas. Tamb\u00e9m se destaca a piora da avalia\u00e7\u00e3o quanto evolu\u00e7\u00e3o futura do desemprego. De 54,7 pontos, o \u00edndice subiu para 56,4 pontos, aumento de 1,8 ponto.<\/p>\n<p>&#10022;Segunda queda consecutiva da confian\u00e7a para todas as faixas et\u00e1rias<br \/>\nO INEC recuou novamente para todas as faixas et\u00e1rias consideradas entre junho e abril de 2019. A maior queda foi registrada entre os adultos de 35 a 44 anos (queda de 2,7 pontos). Na compara\u00e7\u00e3o com junho de 2018, todos os \u00edndices apresentaram significativa melhora, uma vez que a confian\u00e7a naquele m\u00eas havia sido afetada pela greve dos caminhoneiros ocorrida no m\u00eas anterior.<\/p>\n<p>&#10022;Queda da confian\u00e7a \u00e9 maior entre os mais instru\u00eddos<br \/>\nO INEC tamb\u00e9m recuou para todos os graus de instru\u00e7\u00e3o, sobretudo dentre aqueles com ensino superior, que apresentaram uma queda de 2,1 pontos. As quedas observadas s\u00e3o maiores para os grupos com maior grau de instru\u00e7\u00e3o \u2013 ensino m\u00e9dio e superior.<\/p>\n<p>&#10022;Maior queda da confian\u00e7a nas faixas de renda mais baixas<br \/>\nNa compara\u00e7\u00e3o com abril, a maior queda do INEC foi registrada dentre o grupo com at\u00e9 1 sal\u00e1rio m\u00ednimo. O \u00edndice de junho deste grupo tamb\u00e9m se encontra abaixo de sua m\u00e9dia hist\u00f3rica, sendo a \u00fanica faixa que apresentou este resultado. Ressalte-se ainda que o grupo de renda familiar entre 2 a 5 sal\u00e1rios m\u00ednimos passou a mostrar falta de confian\u00e7a \u2013 o \u00edndice recuou de 50,4 pontos para 48,8 pontos. Somente a faixa mais alta, acima de 5 sal\u00e1rios m\u00ednimos, ainda mostra confian\u00e7a (\u00edndice acima de 50 pontos).<\/p>\n<p>&#10022;Popula\u00e7\u00e3o do Norte\/Centro-oeste e Nordeste est\u00e3o mais pessimistas<br \/>\nA maior queda do INEC entre as regi\u00f5es foi registrada no Norte\/Centro-Oeste, de 3,1 pontos (50,8 para 47,7 pontos); os consumidores da regi\u00e3o passaram a mostrar falta de confian\u00e7a. A regi\u00e3o Nordeste, com uma nova queda, se distanciou mais uma vez de sua m\u00e9dia hist\u00f3rica, chegando a 45,3 pontos (1,7 ponto abaixo da m\u00e9dia).<\/p>\n<p>A pesquisa &#8220;\u00cdndice Nacional de Expectativa do Consumidor &#8211; Junho 2019&#8221; foi feita pelo Ibope para a CNI no per\u00edodo de 20 a 23 de junho. Foram realizadas 2.000 entrevistas em126 munic\u00edpios.<\/p>\n","protected":false},"excerpt":{"rendered":"<p>A maior queda do \u00edndice de confian\u00e7a foi registrada entre consumidores com renda at\u00e9 at\u00e9 1 sal\u00e1rio m\u00ednimo. O INEC (\u00cdndice Nacional de Expectativa do Consumidor) recuou de 48,4 pontos em abril de 2019 para 47,0 pontos em junho. A queda \u00e9 a segunda consecutiva, que afastou o \u00edndice da linha divis\u00f3ria de 50 pontos,&#8230;<\/p>\n","protected":false},"author":1,"featured_media":3694,"comment_status":"closed","ping_status":"closed","sticky":false,"template":"","format":"standard","meta":{"_monsterinsights_skip_tracking":false,"_monsterinsights_sitenote_active":false,"_monsterinsights_sitenote_note":"","_monsterinsights_sitenote_category":0,"magazine_newspaper_sidebar_layout":"","footnotes":"","jetpack_publicize_message":"","jetpack_publicize_feature_enabled":true,"jetpack_social_post_already_shared":false,"jetpack_social_options":{"image_generator_settings":{"template":"highway","default_image_id":0,"font":"","enabled":false},"version":2}},"categories":[1],"tags":[],"class_list":["post-3693","post","type-post","status-publish","format-standard","has-post-thumbnail","hentry","category-blog"],"aioseo_notices":[],"jetpack_publicize_connections":[],"jetpack_featured_media_url":"https:\/\/i0.wp.com\/tvnovelas.com.br\/news\/wp-content\/uploads\/2019\/07\/geral191.jpg?fit=350%2C230&ssl=1","jetpack_sharing_enabled":true,"jetpack_likes_enabled":true,"jetpack-related-posts":[],"jetpack_shortlink":"https:\/\/wp.me\/pfB4mB-Xz","_links":{"self":[{"href":"https:\/\/tvnovelas.com.br\/news\/wp-json\/wp\/v2\/posts\/3693","targetHints":{"allow":["GET"]}}],"collection":[{"href":"https:\/\/tvnovelas.com.br\/news\/wp-json\/wp\/v2\/posts"}],"about":[{"href":"https:\/\/tvnovelas.com.br\/news\/wp-json\/wp\/v2\/types\/post"}],"author":[{"embeddable":true,"href":"https:\/\/tvnovelas.com.br\/news\/wp-json\/wp\/v2\/users\/1"}],"replies":[{"embeddable":true,"href":"https:\/\/tvnovelas.com.br\/news\/wp-json\/wp\/v2\/comments?post=3693"}],"version-history":[{"count":1,"href":"https:\/\/tvnovelas.com.br\/news\/wp-json\/wp\/v2\/posts\/3693\/revisions"}],"predecessor-version":[{"id":3695,"href":"https:\/\/tvnovelas.com.br\/news\/wp-json\/wp\/v2\/posts\/3693\/revisions\/3695"}],"wp:featuredmedia":[{"embeddable":true,"href":"https:\/\/tvnovelas.com.br\/news\/wp-json\/wp\/v2\/media\/3694"}],"wp:attachment":[{"href":"https:\/\/tvnovelas.com.br\/news\/wp-json\/wp\/v2\/media?parent=3693"}],"wp:term":[{"taxonomy":"category","embeddable":true,"href":"https:\/\/tvnovelas.com.br\/news\/wp-json\/wp\/v2\/categories?post=3693"},{"taxonomy":"post_tag","embeddable":true,"href":"https:\/\/tvnovelas.com.br\/news\/wp-json\/wp\/v2\/tags?post=3693"}],"curies":[{"name":"wp","href":"https:\/\/api.w.org\/{rel}","templated":true}]}}