{"id":369,"date":"2017-07-28T16:49:08","date_gmt":"2017-07-28T19:49:08","guid":{"rendered":"https:\/\/tvnovelas.com.br\/news\/mundo\/?p=369"},"modified":"2017-07-28T16:49:23","modified_gmt":"2017-07-28T19:49:23","slug":"contas-de-energia-de-agosto-traz-bandeira-vermelha","status":"publish","type":"post","link":"https:\/\/tvnovelas.com.br\/news\/contas-de-energia-de-agosto-traz-bandeira-vermelha\/","title":{"rendered":"Contas de energia de agosto traz bandeira vermelha"},"content":{"rendered":"<p><img data-recalc-dims=\"1\" loading=\"lazy\" decoding=\"async\" class=\"alignnone wp-image-370 size-full\" src=\"https:\/\/i0.wp.com\/tvnovelas.com.br\/news\/mundo\/wp-content\/uploads\/2017\/07\/ultimas28072017_contadeluz.jpg?resize=420%2C236&#038;ssl=1\" alt=\"Imagem ilustrativa de conta de luz\" width=\"420\" height=\"236\" srcset=\"https:\/\/i0.wp.com\/tvnovelas.com.br\/news\/wp-content\/uploads\/2017\/07\/ultimas28072017_contadeluz.jpg?w=420&amp;ssl=1 420w, https:\/\/i0.wp.com\/tvnovelas.com.br\/news\/wp-content\/uploads\/2017\/07\/ultimas28072017_contadeluz.jpg?resize=300%2C169&amp;ssl=1 300w, https:\/\/i0.wp.com\/tvnovelas.com.br\/news\/wp-content\/uploads\/2017\/07\/ultimas28072017_contadeluz.jpg?resize=150%2C84&amp;ssl=1 150w\" sizes=\"auto, (max-width: 420px) 100vw, 420px\" \/><br \/>\nA bandeira tarif\u00e1ria a ser aplicada nas contas de energia el\u00e9trica em agosto ser\u00e1 vermelha, patamar 1, com acr\u00e9scimo de R$ 3 a cada 100 quilowatts-hora (kWh) consumidos. Segundo a Ag\u00eancia Nacional de Energia El\u00e9trica (Aneel), o fator que determinou o acionamento da bandeira vermelha foi o aumento do custo de gera\u00e7\u00e3o de energia el\u00e9trica. Em julho, foi aplicada a tarifa amarela \u00e0s contas.<br \/>\nEm nota, a Aneel justificou nesta sexta-feira, dia 28, que, segundo o relat\u00f3rio do Programa Mensal de Opera\u00e7\u00e3o do Operador Nacional do Sistema (ONS), o valor da usina t\u00e9rmica mais cara em opera\u00e7\u00e3o, a Usina Termel\u00e9trica Bahia 1, \u00e9 de R$ 513,51 megawatts-hora (MWh). \u201cComo o sinal para o consumo \u00e9 vermelho, os consumidores devem intensificar o uso eficiente de energia el\u00e9trica e combater os desperd\u00edcios\u201d, informou a ag\u00eancia.<br \/>\nFonte: Ag\u00eancia Brasil<\/p>\n<h3>Coment\u00e1rio<\/h3>\n<div class=\"fb-comments\" data-href=\"https:\/\/tvnovelas.com.br\/news\/mundo\/noticias\/369\" data-width=\"100%\" data-numposts=\"10\"><\/div>\n","protected":false},"excerpt":{"rendered":"<p>A bandeira tarif\u00e1ria a ser aplicada nas contas de energia el\u00e9trica em agosto ser\u00e1 vermelha, patamar 1, com acr\u00e9scimo de R$ 3 a cada 100 quilowatts-hora (kWh) consumidos. Segundo a Ag\u00eancia Nacional de Energia El\u00e9trica (Aneel), o fator que determinou o acionamento da bandeira vermelha foi o aumento do custo de gera\u00e7\u00e3o de energia el\u00e9trica&#8230;.<\/p>\n","protected":false},"author":1,"featured_media":0,"comment_status":"closed","ping_status":"closed","sticky":false,"template":"","format":"standard","meta":{"_monsterinsights_skip_tracking":false,"_monsterinsights_sitenote_active":false,"_monsterinsights_sitenote_note":"","_monsterinsights_sitenote_category":0,"magazine_newspaper_sidebar_layout":"","footnotes":"","jetpack_publicize_message":"","jetpack_publicize_feature_enabled":true,"jetpack_social_post_already_shared":false,"jetpack_social_options":{"image_generator_settings":{"template":"highway","default_image_id":0,"font":"","enabled":false},"version":2}},"categories":[1],"tags":[15,16],"class_list":["post-369","post","type-post","status-publish","format-standard","hentry","category-blog","tag-economia","tag-geral"],"aioseo_notices":[],"jetpack_publicize_connections":[],"jetpack_featured_media_url":"","jetpack_sharing_enabled":true,"jetpack_likes_enabled":true,"jetpack-related-posts":[],"jetpack_shortlink":"https:\/\/wp.me\/pfB4mB-5X","_links":{"self":[{"href":"https:\/\/tvnovelas.com.br\/news\/wp-json\/wp\/v2\/posts\/369","targetHints":{"allow":["GET"]}}],"collection":[{"href":"https:\/\/tvnovelas.com.br\/news\/wp-json\/wp\/v2\/posts"}],"about":[{"href":"https:\/\/tvnovelas.com.br\/news\/wp-json\/wp\/v2\/types\/post"}],"author":[{"embeddable":true,"href":"https:\/\/tvnovelas.com.br\/news\/wp-json\/wp\/v2\/users\/1"}],"replies":[{"embeddable":true,"href":"https:\/\/tvnovelas.com.br\/news\/wp-json\/wp\/v2\/comments?post=369"}],"version-history":[{"count":2,"href":"https:\/\/tvnovelas.com.br\/news\/wp-json\/wp\/v2\/posts\/369\/revisions"}],"predecessor-version":[{"id":372,"href":"https:\/\/tvnovelas.com.br\/news\/wp-json\/wp\/v2\/posts\/369\/revisions\/372"}],"wp:attachment":[{"href":"https:\/\/tvnovelas.com.br\/news\/wp-json\/wp\/v2\/media?parent=369"}],"wp:term":[{"taxonomy":"category","embeddable":true,"href":"https:\/\/tvnovelas.com.br\/news\/wp-json\/wp\/v2\/categories?post=369"},{"taxonomy":"post_tag","embeddable":true,"href":"https:\/\/tvnovelas.com.br\/news\/wp-json\/wp\/v2\/tags?post=369"}],"curies":[{"name":"wp","href":"https:\/\/api.w.org\/{rel}","templated":true}]}}