{"id":3683,"date":"2019-07-03T09:16:01","date_gmt":"2019-07-03T12:16:01","guid":{"rendered":"https:\/\/tvnovelas.com.br\/news\/mundo\/?p=3683"},"modified":"2019-07-03T09:16:01","modified_gmt":"2019-07-03T12:16:01","slug":"ministro-suspende-processos-que-envolva-discussao-de-norma-coletiva-que-restringe-direito-trabalhista","status":"publish","type":"post","link":"https:\/\/tvnovelas.com.br\/news\/ministro-suspende-processos-que-envolva-discussao-de-norma-coletiva-que-restringe-direito-trabalhista\/","title":{"rendered":"Ministro suspende processos que envolva discuss\u00e3o de norma coletiva que restringe direito trabalhista"},"content":{"rendered":"<p><a href=\"https:\/\/i0.wp.com\/tvnovelas.com.br\/news\/mundo\/wp-content\/uploads\/2019\/06\/eral91.jpg?ssl=1\"><img data-recalc-dims=\"1\" loading=\"lazy\" decoding=\"async\" src=\"https:\/\/i0.wp.com\/tvnovelas.com.br\/news\/mundo\/wp-content\/uploads\/2019\/06\/eral91.jpg?resize=600%2C320&#038;ssl=1\" alt=\"\" width=\"600\" height=\"320\" class=\"alignnone size-full wp-image-3284\" srcset=\"https:\/\/i0.wp.com\/tvnovelas.com.br\/news\/wp-content\/uploads\/2019\/06\/eral91.jpg?w=600&amp;ssl=1 600w, https:\/\/i0.wp.com\/tvnovelas.com.br\/news\/wp-content\/uploads\/2019\/06\/eral91.jpg?resize=300%2C160&amp;ssl=1 300w\" sizes=\"auto, (max-width: 600px) 100vw, 600px\" \/><\/a><\/p>\n<p>O ministro Gilmar Mendes, do Supremo Tribunal Federal, determinou a suspens\u00e3o nacional de todos os processos que envolvam a discuss\u00e3o sobre a validade de norma coletiva que limite ou restrinja direito trabalhista n\u00e3o assegurado constitucionalmente. A decis\u00e3o foi proferida no Recurso Extraordin\u00e1rio com Agravo (ARE) 1121633, interposto contra a Minera\u00e7\u00e3o Serra Grande S\/A, de Goi\u00e1s, em que se discute a validade de cl\u00e1usula de acordo coletivo que prev\u00ea o fornecimento de transporte para deslocamento dos empregados ao trabalho (horas in itinere) e a supress\u00e3o do pagamento do tempo de percurso.<\/p>\n<p>No processo de origem, o Tribunal Regional do Trabalho da 18\u00aa Regi\u00e3o (Goi\u00e1s) entendeu que, apesar de haver previs\u00e3o no acordo coletivo, a mineradora est\u00e1 situada em local de dif\u00edcil acesso e o hor\u00e1rio do transporte p\u00fablico era incompat\u00edvel com a jornada de trabalho, o que confere ao empregado o direito ao pagamento dos minutos como horas in itinere. O Tribunal Superior do Trabalho (TST) manteve a decis\u00e3o e negou seguimento ao recurso extraordin\u00e1rio, motivando a interposi\u00e7\u00e3o do agravo ao STF pela mineradora.<\/p>\n<p>Em maio passado, o Plen\u00e1rio Virtual do STF, por unanimidade, reconheceu a exist\u00eancia de repercuss\u00e3o geral da quest\u00e3o constitucional discutida no ARE e n\u00e3o reafirmou a jurisprud\u00eancia quanto \u00e0 mat\u00e9ria, submetendo-a a julgamento no Plen\u00e1rio f\u00edsico.<\/p>\n<p>Novo recorte<br \/>\nAp\u00f3s a decis\u00e3o do Plen\u00e1rio Virtual, a Confedera\u00e7\u00e3o Nacional da Ind\u00fastria (CNI) requereu sua admiss\u00e3o no processo na condi\u00e7\u00e3o de amicus curiae e a suspens\u00e3o das a\u00e7\u00f5es que versam sobre o tema. Ao decidir pela suspens\u00e3o de todos os processos, o ministro Gilmar Mendes observou que, at\u00e9 o reconhecimento da repercuss\u00e3o geral (Tema 1.046), muitas a\u00e7\u00f5es sobre a mesma mat\u00e9ria foram julgadas improcedentes mediante a aplica\u00e7\u00e3o do entendimento sobre a possibilidade da redu\u00e7\u00e3o de direitos por meio de negocia\u00e7\u00e3o coletiva e a inaplicabilidade do princ\u00edpio da irrenunciabilidade dos direitos trabalhistas ao direito coletivo do trabalho. Esse entendimento foi firmado no julgamento, em 2015, do Recurso Extraordin\u00e1rio (RE) 590415, que tratava da validade de cl\u00e1usula de ren\u00fancia em plano de dispensa incentivada.<\/p>\n<p>\u201cUma vez recortada nova tem\u00e1tica constitucional (semelhante \u00e0 anterior) para julgamento, e n\u00e3o aplicado o precedente no Plen\u00e1rio Virtual desta Suprema Corte, existe o justo receio de que as categorias sejam novamente inseridas em uma conjuntura de inseguran\u00e7a jur\u00eddica, com o enfraquecimento do instituto das negocia\u00e7\u00f5es coletivas\u201d, assinalou Gilmar Mendes. \u201cPor isso, admito a CNI como amicus curiae e determino a suspens\u00e3o de todos os processos pendentes, individuais ou coletivos, que versem sobre a quest\u00e3o e tramitem no territ\u00f3rio nacional, nos termos do artigo 1.035, par\u00e1grafo 5\u00ba, do CPC, uma vez que o plen\u00e1rio virtual do STF reconheceu a repercuss\u00e3o geral do tema\u201d, concluiu.<\/p>\n","protected":false},"excerpt":{"rendered":"<p>O ministro Gilmar Mendes, do Supremo Tribunal Federal, determinou a suspens\u00e3o nacional de todos os processos que envolvam a discuss\u00e3o sobre a validade de norma coletiva que limite ou restrinja direito trabalhista n\u00e3o assegurado constitucionalmente. A decis\u00e3o foi proferida no Recurso Extraordin\u00e1rio com Agravo (ARE) 1121633, interposto contra a Minera\u00e7\u00e3o Serra Grande S\/A, de Goi\u00e1s,&#8230;<\/p>\n","protected":false},"author":1,"featured_media":3284,"comment_status":"closed","ping_status":"closed","sticky":false,"template":"","format":"standard","meta":{"_monsterinsights_skip_tracking":false,"_monsterinsights_sitenote_active":false,"_monsterinsights_sitenote_note":"","_monsterinsights_sitenote_category":0,"magazine_newspaper_sidebar_layout":"","footnotes":"","jetpack_publicize_message":"","jetpack_publicize_feature_enabled":true,"jetpack_social_post_already_shared":false,"jetpack_social_options":{"image_generator_settings":{"template":"highway","default_image_id":0,"font":"","enabled":false},"version":2}},"categories":[68],"tags":[375,374,206],"class_list":["post-3683","post","type-post","status-publish","format-standard","has-post-thumbnail","hentry","category-justica","tag-direito-trabalhista","tag-gilmar-mendes","tag-stf"],"aioseo_notices":[],"jetpack_publicize_connections":[],"jetpack_featured_media_url":"https:\/\/i0.wp.com\/tvnovelas.com.br\/news\/wp-content\/uploads\/2019\/06\/eral91.jpg?fit=600%2C320&ssl=1","jetpack_sharing_enabled":true,"jetpack_likes_enabled":true,"jetpack-related-posts":[],"jetpack_shortlink":"https:\/\/wp.me\/pfB4mB-Xp","_links":{"self":[{"href":"https:\/\/tvnovelas.com.br\/news\/wp-json\/wp\/v2\/posts\/3683","targetHints":{"allow":["GET"]}}],"collection":[{"href":"https:\/\/tvnovelas.com.br\/news\/wp-json\/wp\/v2\/posts"}],"about":[{"href":"https:\/\/tvnovelas.com.br\/news\/wp-json\/wp\/v2\/types\/post"}],"author":[{"embeddable":true,"href":"https:\/\/tvnovelas.com.br\/news\/wp-json\/wp\/v2\/users\/1"}],"replies":[{"embeddable":true,"href":"https:\/\/tvnovelas.com.br\/news\/wp-json\/wp\/v2\/comments?post=3683"}],"version-history":[{"count":1,"href":"https:\/\/tvnovelas.com.br\/news\/wp-json\/wp\/v2\/posts\/3683\/revisions"}],"predecessor-version":[{"id":3684,"href":"https:\/\/tvnovelas.com.br\/news\/wp-json\/wp\/v2\/posts\/3683\/revisions\/3684"}],"wp:featuredmedia":[{"embeddable":true,"href":"https:\/\/tvnovelas.com.br\/news\/wp-json\/wp\/v2\/media\/3284"}],"wp:attachment":[{"href":"https:\/\/tvnovelas.com.br\/news\/wp-json\/wp\/v2\/media?parent=3683"}],"wp:term":[{"taxonomy":"category","embeddable":true,"href":"https:\/\/tvnovelas.com.br\/news\/wp-json\/wp\/v2\/categories?post=3683"},{"taxonomy":"post_tag","embeddable":true,"href":"https:\/\/tvnovelas.com.br\/news\/wp-json\/wp\/v2\/tags?post=3683"}],"curies":[{"name":"wp","href":"https:\/\/api.w.org\/{rel}","templated":true}]}}