{"id":3677,"date":"2019-07-03T08:46:50","date_gmt":"2019-07-03T11:46:50","guid":{"rendered":"https:\/\/tvnovelas.com.br\/news\/mundo\/?p=3677"},"modified":"2019-07-03T08:47:34","modified_gmt":"2019-07-03T11:47:34","slug":"moro-diz-na-camara-que-conversas-entre-juizes-promotores-e-advogados-sao-triviais","status":"publish","type":"post","link":"https:\/\/tvnovelas.com.br\/news\/moro-diz-na-camara-que-conversas-entre-juizes-promotores-e-advogados-sao-triviais\/","title":{"rendered":"Moro diz na C\u00e3mara que conversas entre ju\u00edzes, promotores e advogados s\u00e3o triviais"},"content":{"rendered":"<p><a href=\"https:\/\/i0.wp.com\/tvnovelas.com.br\/news\/mundo\/wp-content\/uploads\/2019\/07\/geral188.jpg?ssl=1\"><img data-recalc-dims=\"1\" loading=\"lazy\" decoding=\"async\" src=\"https:\/\/i0.wp.com\/tvnovelas.com.br\/news\/mundo\/wp-content\/uploads\/2019\/07\/geral188.jpg?resize=500%2C333&#038;ssl=1\" alt=\"Foto do ministro Moro na C\u00e2mara\" width=\"500\" height=\"333\" class=\"alignnone wp-image-3678 size-full\" title=\"(Foto: Pablo Valadares\/C\u00e2mara dos Deputados)\" srcset=\"https:\/\/i0.wp.com\/tvnovelas.com.br\/news\/wp-content\/uploads\/2019\/07\/geral188.jpg?w=500&amp;ssl=1 500w, https:\/\/i0.wp.com\/tvnovelas.com.br\/news\/wp-content\/uploads\/2019\/07\/geral188.jpg?resize=300%2C200&amp;ssl=1 300w, https:\/\/i0.wp.com\/tvnovelas.com.br\/news\/wp-content\/uploads\/2019\/07\/geral188.jpg?resize=450%2C300&amp;ssl=1 450w, https:\/\/i0.wp.com\/tvnovelas.com.br\/news\/wp-content\/uploads\/2019\/07\/geral188.jpg?resize=360%2C240&amp;ssl=1 360w\" sizes=\"auto, (max-width: 500px) 100vw, 500px\" \/><\/a><\/p>\n<p>O ministro da Justi\u00e7a e Seguran\u00e7a P\u00fablica, Sergio Moro, reafirmou nesta ter\u00e7a-feira (2), que \u201cs\u00e3o coisas absolutamente triviais no cen\u00e1rio jur\u00eddico\u201d brasileiro conversas entre ju\u00edzes, membros do Minist\u00e9rio P\u00fablico e advogados. Moro este na C\u00e2mara dos Deputados e foi ouvido por tr\u00eas comiss\u00f5es: Constitui\u00e7\u00e3o e Justi\u00e7a (CCJ); de Trabalho, Administra\u00e7\u00e3o e Servi\u00e7o P\u00fablico; de Direitos Humanos e Minorias.<\/p>\n<p>\u201cVamos esclarecer que, na tradi\u00e7\u00e3o jur\u00eddica brasileira, \u00e9 comum que ju\u00edzes falem com procuradores, \u00e9 comum que ju\u00edzes falem com advogados\u201d, afirmou. \u201cIsso s\u00e3o coisas absolutamente triviais dentro do cen\u00e1rio jur\u00eddico\u201d, acrescentou ao reiterar o que j\u00e1 havia falado no Senado, no m\u00eas passado.<\/p>\n<p>O ministro disse que consultou alguns colegas estrangeiros, e tamb\u00e9m obteve afirma\u00e7\u00f5es de pessoas estrangeiras, que tamb\u00e9m n\u00e3o vislumbraram qualquer maior ilicitude no conte\u00fado que foi divulgado pelo site de not\u00edcias The Intercept Brasil.<\/p>\n<p>O ministro reiterou que n\u00e3o reconhece o conte\u00fado das mensagens veiculadas pela imprensa e que elas podem ter sido adulteradas. Para ele, at\u00e9 o momento, as conversas atribu\u00eddas a ele \u201cs\u00e3o um bal\u00e3o vazio cheio de nada\u201d.<\/p>\n<p>Ao abrir a audi\u00eancia, o ministro argumentou ainda que a invas\u00e3o de celulares de autoridades para obter mensagens faz parte de uma &#8220;tentativa criminosa de invalidar condena\u00e7\u00f5es&#8221; da Opera\u00e7\u00e3o Lava Jato.<\/p>\n<p>\u201cA minha opini\u00e3o, e aqui \u00e9 uma opini\u00e3o informal, \u00e9 que algu\u00e9m com muitos recursos est\u00e1 por tr\u00e1s dessas invas\u00f5es e que objetivo principal seria invalidar condena\u00e7\u00f5es da Opera\u00e7\u00e3o Lava Jato e impedir novas investiga\u00e7\u00f5es. Seria algu\u00e9m com recursos, porque n\u00e3o \u00e9 tentativa de ataque a um celular, mas tentativa de ataque a v\u00e1rios, em alguns casos talvez com sucesso, o que n\u00e3o parece corresponder \u00e0 atividade de um adolescente com espinhas na frente do computador\u201d, ressaltou.<\/p>\n<p>Os deputados queriam esclarecimentos sobre o conte\u00fado revelado pelo site de not\u00edcias The Intercept Brasil, que trouxe mensagens supostamente trocadas entre Moro, ent\u00e3o juiz federal, e o coordenador da for\u00e7a-tarefa da Lava Jato em Curitiba, o procurador Deltan Dallagnol. Al\u00e9m de mensagens entre outros procuradores membros da for\u00e7a-tarefa.<\/p>\n<p>Moro afirmou que n\u00e3o dirige nenhuma investiga\u00e7\u00e3o da Pol\u00edcia Federal sobre eventual ataque hacker aos celulares dele e de procuradores da Lava Jato e que apenas acompanha o caso como v\u00edtima. \u201cMinha opini\u00e3o \u00e9 que algu\u00e9m com muitos recursos est\u00e1 por tr\u00e1s das invas\u00f5es. O que existe \u00e9 uma tentativa criminosa de invalidar condena\u00e7\u00f5es e evitar novas investiga\u00e7\u00f5es\u201d, declarou.<\/p>\n<p>Segundo o ministro, n\u00e3o \u00e9 poss\u00edvel recordar-se das mensagens divulgadas porque ele deletou o aplicativo Telegram em 2017. \u201cN\u00e3o reconhe\u00e7o, mais uma vez, a autenticidade de um material que n\u00e3o tenho. O que se tem presente \u00e9 que n\u00e3o tem nada ali de conte\u00fado il\u00edcito [nas mensagens]\u201d, disse Moro.<br \/>\n<em>*Com informa\u00e7\u00f5es de Ag\u00eancia Brasil e Ag\u00eancia C\u00e2mara Not\u00edcias<\/em><\/p>\n","protected":false},"excerpt":{"rendered":"<p>O ministro da Justi\u00e7a e Seguran\u00e7a P\u00fablica, Sergio Moro, reafirmou nesta ter\u00e7a-feira (2), que \u201cs\u00e3o coisas absolutamente triviais no cen\u00e1rio jur\u00eddico\u201d brasileiro conversas entre ju\u00edzes, membros do Minist\u00e9rio P\u00fablico e advogados. Moro este na C\u00e2mara dos Deputados e foi ouvido por tr\u00eas comiss\u00f5es: Constitui\u00e7\u00e3o e Justi\u00e7a (CCJ); de Trabalho, Administra\u00e7\u00e3o e Servi\u00e7o P\u00fablico; de Direitos&#8230;<\/p>\n","protected":false},"author":1,"featured_media":3678,"comment_status":"closed","ping_status":"closed","sticky":false,"template":"","format":"standard","meta":{"_monsterinsights_skip_tracking":false,"_monsterinsights_sitenote_active":false,"_monsterinsights_sitenote_note":"","_monsterinsights_sitenote_category":0,"magazine_newspaper_sidebar_layout":"","footnotes":"","jetpack_publicize_message":"","jetpack_publicize_feature_enabled":true,"jetpack_social_post_already_shared":false,"jetpack_social_options":{"image_generator_settings":{"template":"highway","default_image_id":0,"font":"","enabled":false},"version":2}},"categories":[1],"tags":[],"class_list":["post-3677","post","type-post","status-publish","format-standard","has-post-thumbnail","hentry","category-blog"],"aioseo_notices":[],"jetpack_publicize_connections":[],"jetpack_featured_media_url":"https:\/\/i0.wp.com\/tvnovelas.com.br\/news\/wp-content\/uploads\/2019\/07\/geral188.jpg?fit=500%2C333&ssl=1","jetpack_sharing_enabled":true,"jetpack_likes_enabled":true,"jetpack-related-posts":[],"jetpack_shortlink":"https:\/\/wp.me\/pfB4mB-Xj","_links":{"self":[{"href":"https:\/\/tvnovelas.com.br\/news\/wp-json\/wp\/v2\/posts\/3677","targetHints":{"allow":["GET"]}}],"collection":[{"href":"https:\/\/tvnovelas.com.br\/news\/wp-json\/wp\/v2\/posts"}],"about":[{"href":"https:\/\/tvnovelas.com.br\/news\/wp-json\/wp\/v2\/types\/post"}],"author":[{"embeddable":true,"href":"https:\/\/tvnovelas.com.br\/news\/wp-json\/wp\/v2\/users\/1"}],"replies":[{"embeddable":true,"href":"https:\/\/tvnovelas.com.br\/news\/wp-json\/wp\/v2\/comments?post=3677"}],"version-history":[{"count":1,"href":"https:\/\/tvnovelas.com.br\/news\/wp-json\/wp\/v2\/posts\/3677\/revisions"}],"predecessor-version":[{"id":3679,"href":"https:\/\/tvnovelas.com.br\/news\/wp-json\/wp\/v2\/posts\/3677\/revisions\/3679"}],"wp:featuredmedia":[{"embeddable":true,"href":"https:\/\/tvnovelas.com.br\/news\/wp-json\/wp\/v2\/media\/3678"}],"wp:attachment":[{"href":"https:\/\/tvnovelas.com.br\/news\/wp-json\/wp\/v2\/media?parent=3677"}],"wp:term":[{"taxonomy":"category","embeddable":true,"href":"https:\/\/tvnovelas.com.br\/news\/wp-json\/wp\/v2\/categories?post=3677"},{"taxonomy":"post_tag","embeddable":true,"href":"https:\/\/tvnovelas.com.br\/news\/wp-json\/wp\/v2\/tags?post=3677"}],"curies":[{"name":"wp","href":"https:\/\/api.w.org\/{rel}","templated":true}]}}