{"id":3655,"date":"2019-07-02T13:19:13","date_gmt":"2019-07-02T16:19:13","guid":{"rendered":"https:\/\/tvnovelas.com.br\/news\/mundo\/?p=3655"},"modified":"2019-07-02T13:19:13","modified_gmt":"2019-07-02T16:19:13","slug":"pgr-e-contra-recurso-apresentado-pela-defesa-de-lula","status":"publish","type":"post","link":"https:\/\/tvnovelas.com.br\/news\/pgr-e-contra-recurso-apresentado-pela-defesa-de-lula\/","title":{"rendered":"PGR \u00e9 contra recurso apresentado pela defesa de Lula"},"content":{"rendered":"<h2 style=\"text-align: center;\">Raquel Dodge sustenta que \u00e9 do juiz de 1\u00ba grau a decis\u00e3o sobre suspender processo para possibilitar an\u00e1lise das provas<\/h2>\n<p><a href=\"https:\/\/i0.wp.com\/tvnovelas.com.br\/news\/mundo\/wp-content\/uploads\/2019\/07\/geral183.jpg?ssl=1\"><img data-recalc-dims=\"1\" loading=\"lazy\" decoding=\"async\" src=\"https:\/\/i0.wp.com\/tvnovelas.com.br\/news\/mundo\/wp-content\/uploads\/2019\/07\/geral183.jpg?resize=350%2C233&#038;ssl=1\" alt=\"Foto o pr\u00e9dio da PGR\" width=\"350\" height=\"233\" class=\"alignright wp-image-3656 size-full\" title=\"Foto: Ant\u00f4nio Augusto\/ Secom\/PGR\" srcset=\"https:\/\/i0.wp.com\/tvnovelas.com.br\/news\/wp-content\/uploads\/2019\/07\/geral183.jpg?w=350&amp;ssl=1 350w, https:\/\/i0.wp.com\/tvnovelas.com.br\/news\/wp-content\/uploads\/2019\/07\/geral183.jpg?resize=300%2C200&amp;ssl=1 300w\" sizes=\"auto, (max-width: 350px) 100vw, 350px\" \/><\/a>Em manifesta\u00e7\u00e3o enviada ao Supremo Tribunal Federal (STF), nesta segunda-feira (1\u00ba), a procuradora-geral da Rep\u00fablica, Raquel Dodge, posicionou-se contra recurso apresentado pela defesa do ex-presidente Luiz In\u00e1cio Lula da Silva. Os advogados recorreram da decis\u00e3o do ministro Edson Fachin, que negou solicita\u00e7\u00e3o para suspender a a\u00e7\u00e3o penal. De acordo com os defensores de Lula, a suspens\u00e3o do processo em andamento na primeira inst\u00e2ncia \u00e9 necess\u00e1ria para que se possa fazer a an\u00e1lise dos elementos de provas juntados na a\u00e7\u00e3o penal. Para a PGR, o agravo regimental deve ser desprovido.<\/p>\n<p>No documento enviado ao relator do caso, ministro Edson Fachin, a PGR destaca que a S\u00famula Vinculante 14, jurisprud\u00eancia na qual a defesa baseou o pedido, n\u00e3o prev\u00ea possibilidade de suspender o tr\u00e2mite de a\u00e7\u00e3o penal \u2013 por meio de pedido feito em Reclama\u00e7\u00e3o \u2013 para que a parte possa examinar o conte\u00fado dos elementos cujo acesso lhe foi permitido. Raquel Dodge avalia que acolher o pedido representaria a supress\u00e3o de inst\u00e2ncia, j\u00e1 que cabe ao juiz natural, o da primeira inst\u00e2ncia, decidir sobre a possibilidade e dirimir a controv\u00e9rsia. \u201cCabe \u00e0 defesa requerer a concess\u00e3o de prazo para analisar e se manifestar sobre os referidos elementos de convic\u00e7\u00e3o diretamente ao ju\u00edzo perante o qual tramita a a\u00e7\u00e3o penal, que estar\u00e1 melhor municiado de informa\u00e7\u00f5es para decidir a quest\u00e3o\u201d, conclui a procuradora-geral.<\/p>\n","protected":false},"excerpt":{"rendered":"<p>Raquel Dodge sustenta que \u00e9 do juiz de 1\u00ba grau a decis\u00e3o sobre suspender processo para possibilitar an\u00e1lise das provas Em manifesta\u00e7\u00e3o enviada ao Supremo Tribunal Federal (STF), nesta segunda-feira (1\u00ba), a procuradora-geral da Rep\u00fablica, Raquel Dodge, posicionou-se contra recurso apresentado pela defesa do ex-presidente Luiz In\u00e1cio Lula da Silva. Os advogados recorreram da decis\u00e3o&#8230;<\/p>\n","protected":false},"author":1,"featured_media":3656,"comment_status":"closed","ping_status":"closed","sticky":false,"template":"","format":"standard","meta":{"_monsterinsights_skip_tracking":false,"_monsterinsights_sitenote_active":false,"_monsterinsights_sitenote_note":"","_monsterinsights_sitenote_category":0,"magazine_newspaper_sidebar_layout":"","footnotes":"","jetpack_publicize_message":"","jetpack_publicize_feature_enabled":true,"jetpack_social_post_already_shared":false,"jetpack_social_options":{"image_generator_settings":{"template":"highway","default_image_id":0,"font":"","enabled":false},"version":2}},"categories":[68],"tags":[228,205,203,204,206],"class_list":["post-3655","post","type-post","status-publish","format-standard","has-post-thumbnail","hentry","category-justica","tag-justica","tag-lula","tag-pgr","tag-raquel-dodge","tag-stf"],"aioseo_notices":[],"jetpack_publicize_connections":[],"jetpack_featured_media_url":"https:\/\/i0.wp.com\/tvnovelas.com.br\/news\/wp-content\/uploads\/2019\/07\/geral183.jpg?fit=350%2C233&ssl=1","jetpack_sharing_enabled":true,"jetpack_likes_enabled":true,"jetpack-related-posts":[],"jetpack_shortlink":"https:\/\/wp.me\/pfB4mB-WX","_links":{"self":[{"href":"https:\/\/tvnovelas.com.br\/news\/wp-json\/wp\/v2\/posts\/3655","targetHints":{"allow":["GET"]}}],"collection":[{"href":"https:\/\/tvnovelas.com.br\/news\/wp-json\/wp\/v2\/posts"}],"about":[{"href":"https:\/\/tvnovelas.com.br\/news\/wp-json\/wp\/v2\/types\/post"}],"author":[{"embeddable":true,"href":"https:\/\/tvnovelas.com.br\/news\/wp-json\/wp\/v2\/users\/1"}],"replies":[{"embeddable":true,"href":"https:\/\/tvnovelas.com.br\/news\/wp-json\/wp\/v2\/comments?post=3655"}],"version-history":[{"count":1,"href":"https:\/\/tvnovelas.com.br\/news\/wp-json\/wp\/v2\/posts\/3655\/revisions"}],"predecessor-version":[{"id":3657,"href":"https:\/\/tvnovelas.com.br\/news\/wp-json\/wp\/v2\/posts\/3655\/revisions\/3657"}],"wp:featuredmedia":[{"embeddable":true,"href":"https:\/\/tvnovelas.com.br\/news\/wp-json\/wp\/v2\/media\/3656"}],"wp:attachment":[{"href":"https:\/\/tvnovelas.com.br\/news\/wp-json\/wp\/v2\/media?parent=3655"}],"wp:term":[{"taxonomy":"category","embeddable":true,"href":"https:\/\/tvnovelas.com.br\/news\/wp-json\/wp\/v2\/categories?post=3655"},{"taxonomy":"post_tag","embeddable":true,"href":"https:\/\/tvnovelas.com.br\/news\/wp-json\/wp\/v2\/tags?post=3655"}],"curies":[{"name":"wp","href":"https:\/\/api.w.org\/{rel}","templated":true}]}}