{"id":3579,"date":"2019-07-01T08:48:08","date_gmt":"2019-07-01T11:48:08","guid":{"rendered":"https:\/\/tvnovelas.com.br\/news\/mundo\/?p=3579"},"modified":"2019-07-01T08:50:21","modified_gmt":"2019-07-01T11:50:21","slug":"prazos-processuais-ficam-suspensos-no-stf-de-2-a-31-de-julho","status":"publish","type":"post","link":"https:\/\/tvnovelas.com.br\/news\/prazos-processuais-ficam-suspensos-no-stf-de-2-a-31-de-julho\/","title":{"rendered":"Prazos processuais ficam suspensos no STF e STJ de 2 a 31 de julho"},"content":{"rendered":"<p>Os prazos processuais no Supremo Tribunal Federal (STF) e no Supremo Tribunal de Justi\u00e7a ficam suspensos no per\u00edodo de 2 a 31 de julho, devido ao recesso forense, e ficam automaticamente prorrogados para o dia 1\u00ba de agosto.<\/p>\n<p>O atendimento ao p\u00fablico externo e o expediente da Secretaria do Tribunal durante este per\u00edodo ser\u00e1 das 13h \u00e0s 18h.<\/p>\n","protected":false},"excerpt":{"rendered":"<p>Os prazos processuais no Supremo Tribunal Federal (STF) e no Supremo Tribunal de Justi\u00e7a ficam suspensos no per\u00edodo de 2 a 31 de julho, devido ao recesso forense, e ficam automaticamente prorrogados para o dia 1\u00ba de agosto. O atendimento ao p\u00fablico externo e o expediente da Secretaria do Tribunal durante este per\u00edodo ser\u00e1 das&#8230;<\/p>\n","protected":false},"author":1,"featured_media":3284,"comment_status":"closed","ping_status":"closed","sticky":false,"template":"","format":"standard","meta":{"_monsterinsights_skip_tracking":false,"_monsterinsights_sitenote_active":false,"_monsterinsights_sitenote_note":"","_monsterinsights_sitenote_category":0,"magazine_newspaper_sidebar_layout":"","footnotes":"","jetpack_publicize_message":"","jetpack_publicize_feature_enabled":true,"jetpack_social_post_already_shared":false,"jetpack_social_options":{"image_generator_settings":{"template":"highway","default_image_id":0,"font":"","enabled":false},"version":2}},"categories":[68],"tags":[228,206],"class_list":["post-3579","post","type-post","status-publish","format-standard","has-post-thumbnail","hentry","category-justica","tag-justica","tag-stf"],"aioseo_notices":[],"jetpack_publicize_connections":[],"jetpack_featured_media_url":"https:\/\/i0.wp.com\/tvnovelas.com.br\/news\/wp-content\/uploads\/2019\/06\/eral91.jpg?fit=600%2C320&ssl=1","jetpack_sharing_enabled":true,"jetpack_likes_enabled":true,"jetpack-related-posts":[],"jetpack_shortlink":"https:\/\/wp.me\/pfB4mB-VJ","_links":{"self":[{"href":"https:\/\/tvnovelas.com.br\/news\/wp-json\/wp\/v2\/posts\/3579","targetHints":{"allow":["GET"]}}],"collection":[{"href":"https:\/\/tvnovelas.com.br\/news\/wp-json\/wp\/v2\/posts"}],"about":[{"href":"https:\/\/tvnovelas.com.br\/news\/wp-json\/wp\/v2\/types\/post"}],"author":[{"embeddable":true,"href":"https:\/\/tvnovelas.com.br\/news\/wp-json\/wp\/v2\/users\/1"}],"replies":[{"embeddable":true,"href":"https:\/\/tvnovelas.com.br\/news\/wp-json\/wp\/v2\/comments?post=3579"}],"version-history":[{"count":2,"href":"https:\/\/tvnovelas.com.br\/news\/wp-json\/wp\/v2\/posts\/3579\/revisions"}],"predecessor-version":[{"id":3581,"href":"https:\/\/tvnovelas.com.br\/news\/wp-json\/wp\/v2\/posts\/3579\/revisions\/3581"}],"wp:featuredmedia":[{"embeddable":true,"href":"https:\/\/tvnovelas.com.br\/news\/wp-json\/wp\/v2\/media\/3284"}],"wp:attachment":[{"href":"https:\/\/tvnovelas.com.br\/news\/wp-json\/wp\/v2\/media?parent=3579"}],"wp:term":[{"taxonomy":"category","embeddable":true,"href":"https:\/\/tvnovelas.com.br\/news\/wp-json\/wp\/v2\/categories?post=3579"},{"taxonomy":"post_tag","embeddable":true,"href":"https:\/\/tvnovelas.com.br\/news\/wp-json\/wp\/v2\/tags?post=3579"}],"curies":[{"name":"wp","href":"https:\/\/api.w.org\/{rel}","templated":true}]}}