{"id":3567,"date":"2019-06-30T12:26:52","date_gmt":"2019-06-30T15:26:52","guid":{"rendered":"https:\/\/tvnovelas.com.br\/news\/mundo\/?p=3567"},"modified":"2019-06-30T12:26:52","modified_gmt":"2019-06-30T15:26:52","slug":"dezenove-praias-e-marinas-do-brasil-sao-indicados-para-certificacao-internacional","status":"publish","type":"post","link":"https:\/\/tvnovelas.com.br\/news\/dezenove-praias-e-marinas-do-brasil-sao-indicados-para-certificacao-internacional\/","title":{"rendered":"Dezenove praias e marinas do Brasil s\u00e3o indicados para certifica\u00e7\u00e3o internacional"},"content":{"rendered":"<p> Em reuni\u00e3o realizada quinta-feira (27), no Minist\u00e9rio do Turismo, em Bras\u00edlia, os integrantes do j\u00fari nacional do Programa Bandeira Azul recomendaram a certifica\u00e7\u00e3o internacional de 13 praias e seis marinas que atenderam aos pr\u00e9-requisitos do projeto. Al\u00e9m de atestar a qualidade da \u00e1gua com exames peri\u00f3dicos de balneabilidade, infraestrutura, seguran\u00e7a e acessibilidade, as candidaturas apresentaram uma s\u00e9rie de compromissos das comunidades com o meio ambiente e a sustentabilidade dos destinos tur\u00edsticos durante a temporada 2019\/2020.<\/p>\n<p>A coordenadora-geral de Sustentabilidade e Turismo Respons\u00e1vel do Minist\u00e9rio do Turismo, Gabrielle Andrade, que integra o j\u00fari, comemorou a amplia\u00e7\u00e3o do programa para al\u00e9m do Sul e Sudeste, onde se concentra a maior parte das praias e marinas certificadas desde 2005. Na temporada passada, 15 indica\u00e7\u00f5es foram aprovadas em todo o Brasil. \u201cA amplia\u00e7\u00e3o do n\u00famero de candidaturas ao j\u00fari internacional \u00e9 muito importante e demonstra o interesse dos gestores municipais em qualificar a oferta de praias como atrativos tur\u00edsticos diferenciados e pautadas pelo turismo sustent\u00e1vel\u201d, afirmou.<\/p>\n<p>Os nomes das 13 praias e seis marinas s\u00f3 v\u00e3o ser divulgados em outubro, ap\u00f3s a aprecia\u00e7\u00e3o do j\u00fari internacional, que vai se reunir em Copenhague, na Dinamarca, no m\u00eas de setembro. Os destinos brasileiros que forem contemplados com a certifica\u00e7\u00e3o poder\u00e3o hastear a Bandeira Azul j\u00e1 em 1\u00ba de novembro, podendo usufruir da certifica\u00e7\u00e3o durante toda a temporada de ver\u00e3o. Alguns destinos, principalmente do Nordeste onde o sol brilha o ano inteiro, pleitearam a certifica\u00e7\u00e3o anual. As marinas contempladas pelo programa tamb\u00e9m hasteiam a bandeira o ano todo.<\/p>\n<p>O turismo de lazer, incluindo as praias, \u00e9 a principal motiva\u00e7\u00e3o dos turistas estrangeiros que visitam o Brasil. A coordenadora do programa, Leana Bernardi, do Instituto Ambientes em Rede, de Santa Catarina, lembrou que a certifica\u00e7\u00e3o Bandeira Azul j\u00e1 est\u00e1 presente em 45 pa\u00edses e qualifica esse espa\u00e7o tamb\u00e9m na costa brasileira. \u201cPara o turista europeu, a Bandeira Azul \u00e9 um grande diferencial. Quando o turista brasileiro conhecer mais a import\u00e2ncia de uma praia com a certifica\u00e7\u00e3o ser\u00e1 um ponto cada vez mais significativo para o turismo dom\u00e9stico\u201d, disse.<\/p>\n<p>Al\u00e9m do Minist\u00e9rio do Turismo, integram o j\u00fari do programa no Brasil os minist\u00e9rios da Educa\u00e7\u00e3o e do Meio Ambiente, a Secretaria do Patrim\u00f4nio da Uni\u00e3o, a Associa\u00e7\u00e3o N\u00e1utica Brasileira, a Ag\u00eancia Brasileira de Gerenciamento Costeiro, a Funda\u00e7\u00e3o SOS Mata Atl\u00e2ntica e a Sociedade Brasileira de Salvamento Aqu\u00e1tico.<\/p>\n<p>O programa Bandeira Azul incentiva autoridades locais, gestores de praia, de marinas e operadores de barcos de turismo sustent\u00e1vel a buscarem padr\u00f5es elevados de gest\u00e3o em seis categorias: qualidade da \u00e1gua, gest\u00e3o ambiental, educa\u00e7\u00e3o e informa\u00e7\u00e3o ambiental, seguran\u00e7a e servi\u00e7os, responsabilidade social e opera\u00e7\u00f5es respons\u00e1veis em torno da vida selvagem.<br \/>\n*Minist\u00e9rio do Turismo<\/p>\n","protected":false},"excerpt":{"rendered":"<p>Em reuni\u00e3o realizada quinta-feira (27), no Minist\u00e9rio do Turismo, em Bras\u00edlia, os integrantes do j\u00fari nacional do Programa Bandeira Azul recomendaram a certifica\u00e7\u00e3o internacional de 13 praias e seis marinas que atenderam aos pr\u00e9-requisitos do projeto. Al\u00e9m de atestar a qualidade da \u00e1gua com exames peri\u00f3dicos de balneabilidade, infraestrutura, seguran\u00e7a e acessibilidade, as candidaturas apresentaram&#8230;<\/p>\n","protected":false},"author":1,"featured_media":3568,"comment_status":"closed","ping_status":"closed","sticky":false,"template":"","format":"standard","meta":{"_monsterinsights_skip_tracking":false,"_monsterinsights_sitenote_active":false,"_monsterinsights_sitenote_note":"","_monsterinsights_sitenote_category":0,"magazine_newspaper_sidebar_layout":"","footnotes":"","jetpack_publicize_message":"","jetpack_publicize_feature_enabled":true,"jetpack_social_post_already_shared":false,"jetpack_social_options":{"image_generator_settings":{"template":"highway","default_image_id":0,"font":"","enabled":false},"version":2}},"categories":[65],"tags":[338,337,20],"class_list":["post-3567","post","type-post","status-publish","format-standard","has-post-thumbnail","hentry","category-turismo-e-lazer","tag-certificacao","tag-praias","tag-turismo"],"aioseo_notices":[],"jetpack_publicize_connections":[],"jetpack_featured_media_url":"https:\/\/i0.wp.com\/tvnovelas.com.br\/news\/wp-content\/uploads\/2019\/06\/geral159.jpg?fit=392%2C296&ssl=1","jetpack_sharing_enabled":true,"jetpack_likes_enabled":true,"jetpack-related-posts":[],"jetpack_shortlink":"https:\/\/wp.me\/pfB4mB-Vx","_links":{"self":[{"href":"https:\/\/tvnovelas.com.br\/news\/wp-json\/wp\/v2\/posts\/3567","targetHints":{"allow":["GET"]}}],"collection":[{"href":"https:\/\/tvnovelas.com.br\/news\/wp-json\/wp\/v2\/posts"}],"about":[{"href":"https:\/\/tvnovelas.com.br\/news\/wp-json\/wp\/v2\/types\/post"}],"author":[{"embeddable":true,"href":"https:\/\/tvnovelas.com.br\/news\/wp-json\/wp\/v2\/users\/1"}],"replies":[{"embeddable":true,"href":"https:\/\/tvnovelas.com.br\/news\/wp-json\/wp\/v2\/comments?post=3567"}],"version-history":[{"count":1,"href":"https:\/\/tvnovelas.com.br\/news\/wp-json\/wp\/v2\/posts\/3567\/revisions"}],"predecessor-version":[{"id":3569,"href":"https:\/\/tvnovelas.com.br\/news\/wp-json\/wp\/v2\/posts\/3567\/revisions\/3569"}],"wp:featuredmedia":[{"embeddable":true,"href":"https:\/\/tvnovelas.com.br\/news\/wp-json\/wp\/v2\/media\/3568"}],"wp:attachment":[{"href":"https:\/\/tvnovelas.com.br\/news\/wp-json\/wp\/v2\/media?parent=3567"}],"wp:term":[{"taxonomy":"category","embeddable":true,"href":"https:\/\/tvnovelas.com.br\/news\/wp-json\/wp\/v2\/categories?post=3567"},{"taxonomy":"post_tag","embeddable":true,"href":"https:\/\/tvnovelas.com.br\/news\/wp-json\/wp\/v2\/tags?post=3567"}],"curies":[{"name":"wp","href":"https:\/\/api.w.org\/{rel}","templated":true}]}}