{"id":3483,"date":"2019-06-28T09:09:21","date_gmt":"2019-06-28T12:09:21","guid":{"rendered":"https:\/\/tvnovelas.com.br\/news\/mundo\/?p=3483"},"modified":"2019-06-28T09:09:21","modified_gmt":"2019-06-28T12:09:21","slug":"mg-tera-que-indenizar-homem-agredido-por-policial-militar","status":"publish","type":"post","link":"https:\/\/tvnovelas.com.br\/news\/mg-tera-que-indenizar-homem-agredido-por-policial-militar\/","title":{"rendered":"MG ter\u00e1 que indenizar homem agredido por policial militar"},"content":{"rendered":"<h2>Para o desembargador Carlos Henrique Perp\u00e9tuo Braga, a conduta do agente foi &#8220;violenta e desproporcional&#8221;<\/h2>\n<p><a href=\"https:\/\/i0.wp.com\/tvnovelas.com.br\/news\/mundo\/wp-content\/uploads\/2019\/06\/geral140.jpg?ssl=1\"><img data-recalc-dims=\"1\" loading=\"lazy\" decoding=\"async\" src=\"https:\/\/i0.wp.com\/tvnovelas.com.br\/news\/mundo\/wp-content\/uploads\/2019\/06\/geral140.jpg?resize=300%2C214&#038;ssl=1\" alt=\"Imagem da logo do TJMG\" width=\"300\" height=\"214\" class=\"alignnone size-full wp-image-3484\" \/><\/a><br \/>\nO Estado de Minas Gerais dever\u00e1 indenizar em R$\u00a015 mil, por danos morais, um homem que foi agredido por um policial militar, durante uma manifesta\u00e7\u00e3o de trabalhadores. A decis\u00e3o \u00e9 da 19\u00aa C\u00e2mara C\u00edvel do Tribunal de Justi\u00e7a mineiro.<\/p>\n<p>O homem narrou nos autos que em 16 de dezembro de 2016 participava de assembleia promovida pelo Sindicato dos Metal\u00fargicos de Ipatinga e Regi\u00e3o e pela\u00a0Usiminas S\/A, quando ocorriam manifesta\u00e7\u00f5es pac\u00edficas com faixas, bandeiras e carro de som.<\/p>\n<p>De acordo com o autor da a\u00e7\u00e3o, em determinado momento, ele foi repentina e violentamente agredido com golpes de bast\u00e3o pelo policial militar, o que lhe causou fratura no bra\u00e7o direito.<\/p>\n<p>Em decorr\u00eancia das les\u00f5es, afirmou, ficou cerca de 60 dias sem trabalhar e suportou intensos sofrimentos f\u00edsico e ps\u00edquico. Pediu assim que o Estado de Minas Gerais Gerais fosse condenado a indeniz\u00e1-lo por lucros cessantes e\u00a0danos morais e arcasse com os custos de tratamento psicol\u00f3gico.<\/p>\n<p>Em sua defesa, o estado sustentou que o agente agiu no cumprimento de um dever legal, a fim de estabelecer a ordem e organizar o tr\u00e2nsito no local dos fatos, n\u00e3o se caracterizando nenhum ato il\u00edcito a ser indenizado.<\/p>\n<p>Alegou ainda\u00a0que n\u00e3o estava comprovada a rela\u00e7\u00e3o de causalidade entre a conduta estatal e os danos alegados pelo autor.<\/p>\n<p>Para o desembargador Carlos Henrique Perp\u00e9tuo Braga, a conduta do agente foi &#8220;violenta e desproporcional&#8221;  e ofendeu\u00a0a honra e a imagem do autor da a\u00e7\u00e3o, &#8220;que apanhou em via p\u00fablica, na presen\u00e7a de centenas de pessoas&#8221;.<\/p>\n","protected":false},"excerpt":{"rendered":"<p>Para o desembargador Carlos Henrique Perp\u00e9tuo Braga, a conduta do agente foi &#8220;violenta e desproporcional&#8221; O Estado de Minas Gerais dever\u00e1 indenizar em R$\u00a015 mil, por danos morais, um homem que foi agredido por um policial militar, durante uma manifesta\u00e7\u00e3o de trabalhadores. A decis\u00e3o \u00e9 da 19\u00aa C\u00e2mara C\u00edvel do Tribunal de Justi\u00e7a mineiro. O&#8230;<\/p>\n","protected":false},"author":1,"featured_media":3484,"comment_status":"closed","ping_status":"closed","sticky":false,"template":"","format":"standard","meta":{"_monsterinsights_skip_tracking":false,"_monsterinsights_sitenote_active":false,"_monsterinsights_sitenote_note":"","_monsterinsights_sitenote_category":0,"magazine_newspaper_sidebar_layout":"","footnotes":"","jetpack_publicize_message":"","jetpack_publicize_feature_enabled":true,"jetpack_social_post_already_shared":false,"jetpack_social_options":{"image_generator_settings":{"template":"highway","default_image_id":0,"font":"","enabled":false},"version":2}},"categories":[68],"tags":[318,199,63],"class_list":["post-3483","post","type-post","status-publish","format-standard","has-post-thumbnail","hentry","category-justica","tag-mg","tag-policia-militar","tag-tjmg"],"aioseo_notices":[],"jetpack_publicize_connections":[],"jetpack_featured_media_url":"https:\/\/i0.wp.com\/tvnovelas.com.br\/news\/wp-content\/uploads\/2019\/06\/geral140.jpg?fit=300%2C214&ssl=1","jetpack_sharing_enabled":true,"jetpack_likes_enabled":true,"jetpack-related-posts":[],"jetpack_shortlink":"https:\/\/wp.me\/pfB4mB-Ub","_links":{"self":[{"href":"https:\/\/tvnovelas.com.br\/news\/wp-json\/wp\/v2\/posts\/3483","targetHints":{"allow":["GET"]}}],"collection":[{"href":"https:\/\/tvnovelas.com.br\/news\/wp-json\/wp\/v2\/posts"}],"about":[{"href":"https:\/\/tvnovelas.com.br\/news\/wp-json\/wp\/v2\/types\/post"}],"author":[{"embeddable":true,"href":"https:\/\/tvnovelas.com.br\/news\/wp-json\/wp\/v2\/users\/1"}],"replies":[{"embeddable":true,"href":"https:\/\/tvnovelas.com.br\/news\/wp-json\/wp\/v2\/comments?post=3483"}],"version-history":[{"count":1,"href":"https:\/\/tvnovelas.com.br\/news\/wp-json\/wp\/v2\/posts\/3483\/revisions"}],"predecessor-version":[{"id":3485,"href":"https:\/\/tvnovelas.com.br\/news\/wp-json\/wp\/v2\/posts\/3483\/revisions\/3485"}],"wp:featuredmedia":[{"embeddable":true,"href":"https:\/\/tvnovelas.com.br\/news\/wp-json\/wp\/v2\/media\/3484"}],"wp:attachment":[{"href":"https:\/\/tvnovelas.com.br\/news\/wp-json\/wp\/v2\/media?parent=3483"}],"wp:term":[{"taxonomy":"category","embeddable":true,"href":"https:\/\/tvnovelas.com.br\/news\/wp-json\/wp\/v2\/categories?post=3483"},{"taxonomy":"post_tag","embeddable":true,"href":"https:\/\/tvnovelas.com.br\/news\/wp-json\/wp\/v2\/tags?post=3483"}],"curies":[{"name":"wp","href":"https:\/\/api.w.org\/{rel}","templated":true}]}}