{"id":3467,"date":"2019-06-27T18:34:01","date_gmt":"2019-06-27T21:34:01","guid":{"rendered":"https:\/\/tvnovelas.com.br\/news\/mundo\/?p=3467"},"modified":"2019-06-27T18:34:55","modified_gmt":"2019-06-27T21:34:55","slug":"ministro-do-stf-reve-decisao-e-mantem-proibicao-de-fogos-ruidosos-em-sao-paulo","status":"publish","type":"post","link":"https:\/\/tvnovelas.com.br\/news\/ministro-do-stf-reve-decisao-e-mantem-proibicao-de-fogos-ruidosos-em-sao-paulo\/","title":{"rendered":"Ministro do STF rev\u00ea decis\u00e3o e mant\u00e9m proibi\u00e7\u00e3o de fogos ruidosos em S\u00e3o Paulo"},"content":{"rendered":"<p style=\"text-align: right;\"><em>Ag\u00eancia Brasil<\/em><\/p>\n<p>O ministro do Supremo Tribunal Federal (STF) Alexandre de Moraes decidiu, hoje (27), manter a validade da lei promulgada pela prefeitura de S\u00e3o Paulo que proibiu uso de fogos de artif\u00edcio ruidosos na capital paulista. Moraes reviu sua pr\u00f3pria decis\u00e3o que suspendeu a norma em mar\u00e7o.<\/p>\n<p>Ao analisar o caso novamente, o ministro acolheu os argumentos apresentados pela prefeitura de S\u00e3o Paulo e entendeu que o objetivo da lei local foi proteger a sa\u00fade da popula\u00e7\u00e3o e dos animais. Na primeira decis\u00e3o, Moraes afirmou que a norma era inconstitucional por invadir a compet\u00eancia da Uni\u00e3o para legislar sobre a mat\u00e9ria.<\/p>\n<p>&#8220;Constato, desta forma, haver s\u00f3lida base cient\u00edfica para a restri\u00e7\u00e3o ao uso desses produtos como medida protetiva da sa\u00fade e do meio ambiente. O fato de o legislador ter restringido apenas a utiliza\u00e7\u00e3o dos fogos de artif\u00edcio de efeito sonoro ruidoso, preservando a possibilidade de uso de produtos sem estampido ou que acarretam barulho de baixa intensidade, parece, em ju\u00edzo preliminar, conciliar razoavelmente os interesses em conflito&#8221;, argumentou o ministro.<\/p>\n<p>A a\u00e7\u00e3o contra a lei foi protocolada no STF pela Associa\u00e7\u00e3o Brasileira de Pirotecnia. Segundo a entidade, a lei n\u00e3o poderia impor restri\u00e7\u00e3o aos fogos convencionais pela invas\u00e3o da compet\u00eancia da Uni\u00e3o para legislar sobre a quest\u00e3o.<\/p>\n","protected":false},"excerpt":{"rendered":"<p>Ag\u00eancia Brasil O ministro do Supremo Tribunal Federal (STF) Alexandre de Moraes decidiu, hoje (27), manter a validade da lei promulgada pela prefeitura de S\u00e3o Paulo que proibiu uso de fogos de artif\u00edcio ruidosos na capital paulista. Moraes reviu sua pr\u00f3pria decis\u00e3o que suspendeu a norma em mar\u00e7o. Ao analisar o caso novamente, o ministro&#8230;<\/p>\n","protected":false},"author":1,"featured_media":3284,"comment_status":"closed","ping_status":"closed","sticky":false,"template":"","format":"standard","meta":{"_monsterinsights_skip_tracking":false,"_monsterinsights_sitenote_active":false,"_monsterinsights_sitenote_note":"","_monsterinsights_sitenote_category":0,"magazine_newspaper_sidebar_layout":"","footnotes":"","jetpack_publicize_message":"","jetpack_publicize_feature_enabled":true,"jetpack_social_post_already_shared":false,"jetpack_social_options":{"image_generator_settings":{"template":"highway","default_image_id":0,"font":"","enabled":false},"version":2}},"categories":[256],"tags":[312,313,37,206],"class_list":["post-3467","post","type-post","status-publish","format-standard","has-post-thumbnail","hentry","category-meio-ambiente","tag-fogos","tag-pirotecnia","tag-saude","tag-stf"],"aioseo_notices":[],"jetpack_publicize_connections":[],"jetpack_featured_media_url":"https:\/\/i0.wp.com\/tvnovelas.com.br\/news\/wp-content\/uploads\/2019\/06\/eral91.jpg?fit=600%2C320&ssl=1","jetpack_sharing_enabled":true,"jetpack_likes_enabled":true,"jetpack-related-posts":[],"jetpack_shortlink":"https:\/\/wp.me\/pfB4mB-TV","_links":{"self":[{"href":"https:\/\/tvnovelas.com.br\/news\/wp-json\/wp\/v2\/posts\/3467","targetHints":{"allow":["GET"]}}],"collection":[{"href":"https:\/\/tvnovelas.com.br\/news\/wp-json\/wp\/v2\/posts"}],"about":[{"href":"https:\/\/tvnovelas.com.br\/news\/wp-json\/wp\/v2\/types\/post"}],"author":[{"embeddable":true,"href":"https:\/\/tvnovelas.com.br\/news\/wp-json\/wp\/v2\/users\/1"}],"replies":[{"embeddable":true,"href":"https:\/\/tvnovelas.com.br\/news\/wp-json\/wp\/v2\/comments?post=3467"}],"version-history":[{"count":1,"href":"https:\/\/tvnovelas.com.br\/news\/wp-json\/wp\/v2\/posts\/3467\/revisions"}],"predecessor-version":[{"id":3468,"href":"https:\/\/tvnovelas.com.br\/news\/wp-json\/wp\/v2\/posts\/3467\/revisions\/3468"}],"wp:featuredmedia":[{"embeddable":true,"href":"https:\/\/tvnovelas.com.br\/news\/wp-json\/wp\/v2\/media\/3284"}],"wp:attachment":[{"href":"https:\/\/tvnovelas.com.br\/news\/wp-json\/wp\/v2\/media?parent=3467"}],"wp:term":[{"taxonomy":"category","embeddable":true,"href":"https:\/\/tvnovelas.com.br\/news\/wp-json\/wp\/v2\/categories?post=3467"},{"taxonomy":"post_tag","embeddable":true,"href":"https:\/\/tvnovelas.com.br\/news\/wp-json\/wp\/v2\/tags?post=3467"}],"curies":[{"name":"wp","href":"https:\/\/api.w.org\/{rel}","templated":true}]}}