{"id":3464,"date":"2019-06-27T17:21:07","date_gmt":"2019-06-27T20:21:07","guid":{"rendered":"https:\/\/tvnovelas.com.br\/news\/mundo\/?p=3464"},"modified":"2019-06-27T17:21:07","modified_gmt":"2019-06-27T20:21:07","slug":"prazo-para-alistamento-militar-termina-neste-fim-de-semana","status":"publish","type":"post","link":"https:\/\/tvnovelas.com.br\/news\/prazo-para-alistamento-militar-termina-neste-fim-de-semana\/","title":{"rendered":"Prazo para alistamento militar termina neste fim de semana"},"content":{"rendered":"<p style=\"text-align: right;\"><em>Ag\u00eancia Brasil<\/em><\/p>\n<p>Termina nesta sexta-feira (28) o prazo para o alistamento militar dos jovens que completam 18 anos em 2019. As inscri\u00e7\u00f5es podem ser feitas nas Juntas do Servi\u00e7o Militar localizadas em todas as regi\u00f5es do pa\u00eds.<\/p>\n<p>H\u00e1 tamb\u00e9m a possibilidade de a inscri\u00e7\u00e3o ser feita pela internet at\u00e9 domingo (30), por <a href=\"https:\/\/www.alistamento.eb.mil.br\/\" rel=\"noopener noreferrer\" target=\"_blank\">meio do <strong>site<\/strong><\/a> www.alistamento.eb.mil.br.<\/p>\n<p>No caso da inscri\u00e7\u00e3o presencial, \u00e9 preciso apresentar certid\u00e3o de nascimento, carteira de identidade ou de motorista e de duas fotos 3&#215;4 recentes; al\u00e9m de comprovante de resid\u00eancia. Na Junta do Servi\u00e7o Militar ser\u00e1 necess\u00e1rio o preenchimento de um formul\u00e1rio para a valida\u00e7\u00e3o dos dados pessoais.<\/p>\n<p>A perda do prazo para alistamento implica pagamento de uma multa no valor de R$ 4,32. Quem n\u00e3o se alista n\u00e3o pode obter passaporte, carteira de trabalho, registro de diploma de profiss\u00f5es liberais, nem fazer matr\u00edcula ou inscri\u00e7\u00e3o em concursos p\u00fablicos.<\/p>\n<p>De acordo com o Minist\u00e9rio da Defesa, a expectativa \u00e9 de que mais de 200 mil jovens se alistem neste ano. Deste total, 90 mil ser\u00e3o incorporados em organiza\u00e7\u00f5es militares do Ex\u00e9rcito, da Marinha ou da Aeron\u00e1utica. Durante o ano de servi\u00e7o, eles ter\u00e3o direito a assist\u00eancia m\u00e9dica e odontol\u00f3gica.<\/p>\n","protected":false},"excerpt":{"rendered":"<p>Ag\u00eancia Brasil Termina nesta sexta-feira (28) o prazo para o alistamento militar dos jovens que completam 18 anos em 2019. As inscri\u00e7\u00f5es podem ser feitas nas Juntas do Servi\u00e7o Militar localizadas em todas as regi\u00f5es do pa\u00eds. H\u00e1 tamb\u00e9m a possibilidade de a inscri\u00e7\u00e3o ser feita pela internet at\u00e9 domingo (30), por meio do site&#8230;<\/p>\n","protected":false},"author":1,"featured_media":3465,"comment_status":"closed","ping_status":"closed","sticky":false,"template":"","format":"standard","meta":{"_monsterinsights_skip_tracking":false,"_monsterinsights_sitenote_active":false,"_monsterinsights_sitenote_note":"","_monsterinsights_sitenote_category":0,"magazine_newspaper_sidebar_layout":"","footnotes":"","jetpack_publicize_message":"","jetpack_publicize_feature_enabled":true,"jetpack_social_post_already_shared":false,"jetpack_social_options":{"image_generator_settings":{"template":"highway","default_image_id":0,"font":"","enabled":false},"version":2}},"categories":[1],"tags":[311],"class_list":["post-3464","post","type-post","status-publish","format-standard","has-post-thumbnail","hentry","category-blog","tag-alistamento-militar"],"aioseo_notices":[],"jetpack_publicize_connections":[],"jetpack_featured_media_url":"https:\/\/i0.wp.com\/tvnovelas.com.br\/news\/wp-content\/uploads\/2019\/06\/geral139.jpg?fit=500%2C343&ssl=1","jetpack_sharing_enabled":true,"jetpack_likes_enabled":true,"jetpack-related-posts":[],"jetpack_shortlink":"https:\/\/wp.me\/pfB4mB-TS","_links":{"self":[{"href":"https:\/\/tvnovelas.com.br\/news\/wp-json\/wp\/v2\/posts\/3464","targetHints":{"allow":["GET"]}}],"collection":[{"href":"https:\/\/tvnovelas.com.br\/news\/wp-json\/wp\/v2\/posts"}],"about":[{"href":"https:\/\/tvnovelas.com.br\/news\/wp-json\/wp\/v2\/types\/post"}],"author":[{"embeddable":true,"href":"https:\/\/tvnovelas.com.br\/news\/wp-json\/wp\/v2\/users\/1"}],"replies":[{"embeddable":true,"href":"https:\/\/tvnovelas.com.br\/news\/wp-json\/wp\/v2\/comments?post=3464"}],"version-history":[{"count":1,"href":"https:\/\/tvnovelas.com.br\/news\/wp-json\/wp\/v2\/posts\/3464\/revisions"}],"predecessor-version":[{"id":3466,"href":"https:\/\/tvnovelas.com.br\/news\/wp-json\/wp\/v2\/posts\/3464\/revisions\/3466"}],"wp:featuredmedia":[{"embeddable":true,"href":"https:\/\/tvnovelas.com.br\/news\/wp-json\/wp\/v2\/media\/3465"}],"wp:attachment":[{"href":"https:\/\/tvnovelas.com.br\/news\/wp-json\/wp\/v2\/media?parent=3464"}],"wp:term":[{"taxonomy":"category","embeddable":true,"href":"https:\/\/tvnovelas.com.br\/news\/wp-json\/wp\/v2\/categories?post=3464"},{"taxonomy":"post_tag","embeddable":true,"href":"https:\/\/tvnovelas.com.br\/news\/wp-json\/wp\/v2\/tags?post=3464"}],"curies":[{"name":"wp","href":"https:\/\/api.w.org\/{rel}","templated":true}]}}