{"id":3405,"date":"2019-06-26T16:31:43","date_gmt":"2019-06-26T19:31:43","guid":{"rendered":"https:\/\/tvnovelas.com.br\/news\/mundo\/?p=3405"},"modified":"2019-06-26T16:31:43","modified_gmt":"2019-06-26T19:31:43","slug":"cemig-e-condenada-a-indenizar-casal-que-nao-teve-festa-de-casamento-por-falta-de-energia","status":"publish","type":"post","link":"https:\/\/tvnovelas.com.br\/news\/cemig-e-condenada-a-indenizar-casal-que-nao-teve-festa-de-casamento-por-falta-de-energia\/","title":{"rendered":"Cemig \u00e9 condenada a indenizar casal que n\u00e3o teve festa de casamento por falta de energia"},"content":{"rendered":"<p>Festa de casamento programada. Rec\u00e9m-casados e convidados chegam ao local. Festa frustrada porque faltou energia el\u00e9trica. Danos morais e materiais devem ser fixados.<br \/>\nEsse \u00e9 o entendimento da turma julgadora da 8\u00aa C\u00e2mara C\u00edvel do Tribunal de Justi\u00e7a de Minas Gerais, que confirmou senten\u00e7a da 1\u00aa Vara C\u00edvel, Criminal e da Inf\u00e2ncia e da Juventude de Jo\u00e3o Pinheiro. A Cemig Distribui\u00e7\u00e3o S\/A dever\u00e1 pagar ao casal R$ 5 mil e R$ 15.950, respectivamente, corrigidos monetariamente.<br \/>\nA ent\u00e3o noiva alugou a Ch\u00e1cara C\u00f3rrego Lages e contratou o buffet Bom Apetit, ambos de Jo\u00e3o Pinheiro, para a comemora\u00e7\u00e3o do casamento. No dia da festa, constatada a falta de energia, a Cemig foi chamada, com gera\u00e7\u00e3o de protocolo de atendimento. Como a energia n\u00e3o voltou, os convidados se retiraram do local.<br \/>\nPara se negar a pagar as indeniza\u00e7\u00f5es, a empresa alegou que a interrup\u00e7\u00e3o do fornecimento de energia el\u00e9trica na unidade consumidora ocorreu por motivo de seguran\u00e7a do sistema de distribui\u00e7\u00e3o da energia na regi\u00e3o. ?O interesse p\u00fablico est\u00e1 acima do interesse individual?, afirmou. A empresa pontuou que o simples fato de ocorrer a interrup\u00e7\u00e3o de energia durante a\u00a0festa de casamento, por si s\u00f3, n\u00e3o gerou abalo moral.<br \/>\n<strong>Dignidade ofendida<\/strong><br \/>\nA desembargadora \u00c2ngela de Lourdes Rodrigues considerou que a interrup\u00e7\u00e3o no fornecimento de energia el\u00e9trica prejudicou a comemora\u00e7\u00e3o e ofendeu a dignidade da pessoa dos noivos, seus familiares e convidados. Esse dia \u00e9 a concretiza\u00e7\u00e3o de um sonho planejado com anteced\u00eancia, al\u00e9m de ser um momento no qual h\u00e1 um grande investimento financeiro e pessoal, relatou a magistrada.<br \/>\nA relatora do recurso no TJMG entendeu que a Cemig se isentaria de responsabilidade se fosse demonstrado que n\u00e3o deu causa ao dano, como a exist\u00eancia de algum fato de for\u00e7a maior ou culpa exclusiva da v\u00edtima.<br \/>\nA simples alega\u00e7\u00e3o de que a interrup\u00e7\u00e3o do servi\u00e7o de energia ocorreu por motivo de seguran\u00e7a n\u00e3o enseja o reconhecimento de culpa da concession\u00e1ria, registrou a magistrada.<br \/>\nO desembargador Carlos Roberto de Faria e o juiz convocado\u00a0F\u00e1bio Torres\u00a0acompanharam o voto da\u00a0relatora.<\/p>\n","protected":false},"excerpt":{"rendered":"<p>Festa de casamento programada. Rec\u00e9m-casados e convidados chegam ao local. Festa frustrada porque faltou energia el\u00e9trica. Danos morais e materiais devem ser fixados. Esse \u00e9 o entendimento da turma julgadora da 8\u00aa C\u00e2mara C\u00edvel do Tribunal de Justi\u00e7a de Minas Gerais, que confirmou senten\u00e7a da 1\u00aa Vara C\u00edvel, Criminal e da Inf\u00e2ncia e da Juventude&#8230;<\/p>\n","protected":false},"author":1,"featured_media":3408,"comment_status":"closed","ping_status":"closed","sticky":false,"template":"","format":"standard","meta":{"_monsterinsights_skip_tracking":false,"_monsterinsights_sitenote_active":false,"_monsterinsights_sitenote_note":"","_monsterinsights_sitenote_category":0,"magazine_newspaper_sidebar_layout":"","footnotes":"","jetpack_publicize_message":"","jetpack_publicize_feature_enabled":true,"jetpack_social_post_already_shared":false,"jetpack_social_options":{"image_generator_settings":{"template":"highway","default_image_id":0,"font":"","enabled":false},"version":2}},"categories":[1],"tags":[281,282,63],"class_list":["post-3405","post","type-post","status-publish","format-standard","has-post-thumbnail","hentry","category-blog","tag-cemig","tag-energia","tag-tjmg"],"aioseo_notices":[],"jetpack_publicize_connections":[],"jetpack_featured_media_url":"https:\/\/i0.wp.com\/tvnovelas.com.br\/news\/wp-content\/uploads\/2019\/06\/geral125-1.jpg?fit=350%2C233&ssl=1","jetpack_sharing_enabled":true,"jetpack_likes_enabled":true,"jetpack-related-posts":[],"jetpack_shortlink":"https:\/\/wp.me\/pfB4mB-SV","_links":{"self":[{"href":"https:\/\/tvnovelas.com.br\/news\/wp-json\/wp\/v2\/posts\/3405","targetHints":{"allow":["GET"]}}],"collection":[{"href":"https:\/\/tvnovelas.com.br\/news\/wp-json\/wp\/v2\/posts"}],"about":[{"href":"https:\/\/tvnovelas.com.br\/news\/wp-json\/wp\/v2\/types\/post"}],"author":[{"embeddable":true,"href":"https:\/\/tvnovelas.com.br\/news\/wp-json\/wp\/v2\/users\/1"}],"replies":[{"embeddable":true,"href":"https:\/\/tvnovelas.com.br\/news\/wp-json\/wp\/v2\/comments?post=3405"}],"version-history":[{"count":1,"href":"https:\/\/tvnovelas.com.br\/news\/wp-json\/wp\/v2\/posts\/3405\/revisions"}],"predecessor-version":[{"id":3409,"href":"https:\/\/tvnovelas.com.br\/news\/wp-json\/wp\/v2\/posts\/3405\/revisions\/3409"}],"wp:featuredmedia":[{"embeddable":true,"href":"https:\/\/tvnovelas.com.br\/news\/wp-json\/wp\/v2\/media\/3408"}],"wp:attachment":[{"href":"https:\/\/tvnovelas.com.br\/news\/wp-json\/wp\/v2\/media?parent=3405"}],"wp:term":[{"taxonomy":"category","embeddable":true,"href":"https:\/\/tvnovelas.com.br\/news\/wp-json\/wp\/v2\/categories?post=3405"},{"taxonomy":"post_tag","embeddable":true,"href":"https:\/\/tvnovelas.com.br\/news\/wp-json\/wp\/v2\/tags?post=3405"}],"curies":[{"name":"wp","href":"https:\/\/api.w.org\/{rel}","templated":true}]}}