{"id":3352,"date":"2019-06-26T08:59:25","date_gmt":"2019-06-26T11:59:25","guid":{"rendered":"https:\/\/tvnovelas.com.br\/news\/mundo\/?p=3352"},"modified":"2019-06-26T08:59:25","modified_gmt":"2019-06-26T11:59:25","slug":"inmet-divulga-previsao-para-o-inverno-em-todas-as-regioes","status":"publish","type":"post","link":"https:\/\/tvnovelas.com.br\/news\/inmet-divulga-previsao-para-o-inverno-em-todas-as-regioes\/","title":{"rendered":"Inmet divulga previs\u00e3o para o inverno em todas as regi\u00f5es"},"content":{"rendered":"<p><a href=\"https:\/\/i0.wp.com\/tvnovelas.com.br\/news\/mundo\/wp-content\/uploads\/2019\/06\/geral113.jpg?ssl=1\"><img data-recalc-dims=\"1\" loading=\"lazy\" decoding=\"async\" src=\"https:\/\/i0.wp.com\/tvnovelas.com.br\/news\/mundo\/wp-content\/uploads\/2019\/06\/geral113.jpg?resize=500%2C333&#038;ssl=1\" alt=\"Imagem ilustrativa do Inmewt\" width=\"500\" height=\"333\" class=\"alignnone size-full wp-image-3353\" srcset=\"https:\/\/i0.wp.com\/tvnovelas.com.br\/news\/wp-content\/uploads\/2019\/06\/geral113.jpg?w=500&amp;ssl=1 500w, https:\/\/i0.wp.com\/tvnovelas.com.br\/news\/wp-content\/uploads\/2019\/06\/geral113.jpg?resize=300%2C200&amp;ssl=1 300w, https:\/\/i0.wp.com\/tvnovelas.com.br\/news\/wp-content\/uploads\/2019\/06\/geral113.jpg?resize=450%2C300&amp;ssl=1 450w, https:\/\/i0.wp.com\/tvnovelas.com.br\/news\/wp-content\/uploads\/2019\/06\/geral113.jpg?resize=360%2C240&amp;ssl=1 360w\" sizes=\"auto, (max-width: 500px) 100vw, 500px\" \/><\/a><\/p>\n<p>Com o come\u00e7o do inverno no hemisf\u00e9rio Sul, desde o dia 21 de junho, o Instituto Nacional de Meteorologia (Inmet) divulgou o Progn\u00f3stico Clim\u00e1tico de Inverno 2019 indicando probabilidade superior \u00e0 50% de manuten\u00e7\u00e3o do El Ni\u00f1o no per\u00edodo. Os dados, gerados pelos principais centros meteorol\u00f3gicos internacionais, revelam que este fen\u00f4meno, caracterizado pelo aquecimento das \u00e1guas do Pac\u00edfico, dever\u00e1 se estender at\u00e9 meados da primavera, que come\u00e7a dia 23 de setembro.<\/p>\n<p>Desde meados da primavera de 2018 at\u00e9 a primeira quinzena deste m\u00eas, a anomalia de temperatura das \u00e1guas do Oceano Pac\u00edfico Equatorial vem apresentando valores acima de 0,5\u00baC, o que caracteriza um fen\u00f4meno El Ni\u00f1o de fraca intensidade, destaca o relat\u00f3rio do Inmet.<\/p>\n<p>O inverno \u00e9 caracterizado por ser o per\u00edodo menos chuvoso das regi\u00f5es Sudeste, Centro-Oeste e parte da regi\u00e3o Norte e Nordeste do Brasil. \u00c9 Caracterizado tamb\u00e9m por incurs\u00f5es de massas de ar frio oriundas do sul do continente, que provocam o decl\u00ednio acentuado das temperaturas do ar. Esta diminui\u00e7\u00e3o de temperatura, pode ocasionar forma\u00e7\u00e3o de geadas nas regi\u00f5es Sul, Sudeste e no Estado do Mato Grosso do Sul; queda de neve nas \u00e1reas serranas e planaltos da Regi\u00e3o Sul e epis\u00f3dios de friagem nos Estados de Rond\u00f4nia, Acre e no sul do Amazonas.  <\/p>\n<p>O El Ni\u00f1o, categorizado como anomalia clim\u00e1tica, repete-se em intervalos irregulares, que costumam variar entre dois e setes anos. O evento ocorre em raz\u00e3o do aquecimento anormal das \u00e1guas do Oceano Pac\u00edfico, mais precisamente em \u00e1reas pr\u00f3ximas \u00e0 costa oeste do Peru e em pa\u00edses vizinhos. Os impactos s\u00e3o variados, tendo em vista as dimens\u00f5es do territ\u00f3rio brasileiro e sua diversidade clim\u00e1tica. Em algumas \u00e1reas, produz secas extremas e, em outras, eleva as temperaturas. <\/p>\n<p><strong>Veja a previs\u00e3o por regi\u00e3o:<\/strong><\/p>\n<p>Regi\u00e3o Norte<br \/>\nA previs\u00e3o indica que durante os pr\u00f3ximos meses de julho a setembro a temperatura m\u00e9dia do ar permanecer\u00e1 dentro da m\u00e9dia e acima, principalmente no sudeste paraense. As condi\u00e7\u00f5es s\u00e3o de falta de chuvas, alta temperatura e baixa umidade relativa do ar. N\u00e3o est\u00e1 descartada a ocorr\u00eancia de eventuais epis\u00f3dios de friagens no Sul desta regi\u00e3o.<\/p>\n<p>Regi\u00e3o Nordeste<br \/>\nNa Regi\u00e3o Nordeste, o boletim do Inmet indica o predom\u00ednio de \u00e1reas com maior probabilidade de chuvas dentro ou abaixo da climatologia, principalmente sobre a costa leste, onde o per\u00edodo chuvoso aproxima-se do final. Na maior parte da regi\u00e3o, a temperatura permanecer\u00e1 pr\u00f3xima \u00e0 m\u00e9dia, enquanto que no interior inicia-se o per\u00edodo seco e a previs\u00e3o \u00e9 de temperaturas ligeiramente mais altas e baixos \u00edndices de umidade relativa, principalmente no sul do Piau\u00ed e no oeste da Bahia.<\/p>\n<p>Regi\u00e3o Centro-Oeste<br \/>\nNa Regi\u00e3o Centro-Oeste, a tend\u00eancia \u00e9 de diminui\u00e7\u00e3o da umidade relativa do ar nos pr\u00f3ximos meses, com valores di\u00e1rios que podem ficar abaixo de 30% e picos m\u00ednimos abaixo de 20%. A previs\u00e3o para o inverno indica alta probabilidade das chuvas ocorrerem dentro a ligeiramente abaixo da m\u00e9dia climatol\u00f3gica em grande parte da regi\u00e3o, com temperaturas acima da m\u00e9dia, devido \u00e0 perman\u00eancia de massas de ar seco e quente, principalmente nos meses de agosto e setembro.<\/p>\n<p>Regi\u00e3o Sudeste<br \/>\nO trimestre de junho a agosto corresponde ao per\u00edodo mais seco da regi\u00e3o, especialmente no norte de Minas Gerais. As chuvas devem permanecer dentro a ligeiramente acima da m\u00e9dia, principalmente em setembro, no sul de S\u00e3o Paulo. J\u00e1 as temperaturas devem permanecer acima da m\u00e9dia em grande parte da regi\u00e3o, podendo haver decl\u00ednio acentuado de temperatura em locais mais elevados, devido \u00e0 passagem de massas de ar frio mais continentais.<\/p>\n<p>Regi\u00e3o Sul<br \/>\nAs chuvas ocorrer\u00e3o acima da m\u00e9dia em grande parte da Regi\u00e3o Sul. A maior frequ\u00eancia das frentes frias contribuir\u00e1 para maiores varia\u00e7\u00f5es nas temperaturas ao longo deste trimestre. Por\u00e9m, as temperaturas m\u00e9dias devem permanecer acima da m\u00e9dia climatol\u00f3gica, exceto na metade sul do Rio Grande do Sul e leste de Santa Catarina, onde o inverno dever\u00e1 ocorrer dentro da normalidade com temperaturas m\u00ednimas podendo atingir valores abaixo de 0\u00baC em \u00e1reas serranas e planalto, principalmente no m\u00eas de julho.<\/p>\n","protected":false},"excerpt":{"rendered":"<p>Com o come\u00e7o do inverno no hemisf\u00e9rio Sul, desde o dia 21 de junho, o Instituto Nacional de Meteorologia (Inmet) divulgou o Progn\u00f3stico Clim\u00e1tico de Inverno 2019 indicando probabilidade superior \u00e0 50% de manuten\u00e7\u00e3o do El Ni\u00f1o no per\u00edodo. Os dados, gerados pelos principais centros meteorol\u00f3gicos internacionais, revelam que este fen\u00f4meno, caracterizado pelo aquecimento das&#8230;<\/p>\n","protected":false},"author":1,"featured_media":3353,"comment_status":"closed","ping_status":"closed","sticky":false,"template":"","format":"standard","meta":{"_monsterinsights_skip_tracking":false,"_monsterinsights_sitenote_active":false,"_monsterinsights_sitenote_note":"","_monsterinsights_sitenote_category":0,"magazine_newspaper_sidebar_layout":"","footnotes":"","jetpack_publicize_message":"","jetpack_publicize_feature_enabled":true,"jetpack_social_post_already_shared":false,"jetpack_social_options":{"image_generator_settings":{"template":"highway","default_image_id":0,"font":"","enabled":false},"version":2}},"categories":[1],"tags":[162,260,161],"class_list":["post-3352","post","type-post","status-publish","format-standard","has-post-thumbnail","hentry","category-blog","tag-el-nino","tag-inmet-previsao-do-tempo","tag-inverno"],"aioseo_notices":[],"jetpack_publicize_connections":[],"jetpack_featured_media_url":"https:\/\/i0.wp.com\/tvnovelas.com.br\/news\/wp-content\/uploads\/2019\/06\/geral113.jpg?fit=500%2C333&ssl=1","jetpack_sharing_enabled":true,"jetpack_likes_enabled":true,"jetpack-related-posts":[],"jetpack_shortlink":"https:\/\/wp.me\/pfB4mB-S4","_links":{"self":[{"href":"https:\/\/tvnovelas.com.br\/news\/wp-json\/wp\/v2\/posts\/3352","targetHints":{"allow":["GET"]}}],"collection":[{"href":"https:\/\/tvnovelas.com.br\/news\/wp-json\/wp\/v2\/posts"}],"about":[{"href":"https:\/\/tvnovelas.com.br\/news\/wp-json\/wp\/v2\/types\/post"}],"author":[{"embeddable":true,"href":"https:\/\/tvnovelas.com.br\/news\/wp-json\/wp\/v2\/users\/1"}],"replies":[{"embeddable":true,"href":"https:\/\/tvnovelas.com.br\/news\/wp-json\/wp\/v2\/comments?post=3352"}],"version-history":[{"count":1,"href":"https:\/\/tvnovelas.com.br\/news\/wp-json\/wp\/v2\/posts\/3352\/revisions"}],"predecessor-version":[{"id":3354,"href":"https:\/\/tvnovelas.com.br\/news\/wp-json\/wp\/v2\/posts\/3352\/revisions\/3354"}],"wp:featuredmedia":[{"embeddable":true,"href":"https:\/\/tvnovelas.com.br\/news\/wp-json\/wp\/v2\/media\/3353"}],"wp:attachment":[{"href":"https:\/\/tvnovelas.com.br\/news\/wp-json\/wp\/v2\/media?parent=3352"}],"wp:term":[{"taxonomy":"category","embeddable":true,"href":"https:\/\/tvnovelas.com.br\/news\/wp-json\/wp\/v2\/categories?post=3352"},{"taxonomy":"post_tag","embeddable":true,"href":"https:\/\/tvnovelas.com.br\/news\/wp-json\/wp\/v2\/tags?post=3352"}],"curies":[{"name":"wp","href":"https:\/\/api.w.org\/{rel}","templated":true}]}}