{"id":3333,"date":"2019-06-25T15:21:42","date_gmt":"2019-06-25T18:21:42","guid":{"rendered":"https:\/\/tvnovelas.com.br\/news\/mundo\/?p=3333"},"modified":"2019-06-25T15:22:10","modified_gmt":"2019-06-25T18:22:10","slug":"sacolas-plasticas-ficam-proibidas-no-rio-a-partir-de-amanha","status":"publish","type":"post","link":"https:\/\/tvnovelas.com.br\/news\/sacolas-plasticas-ficam-proibidas-no-rio-a-partir-de-amanha\/","title":{"rendered":"Sacolas pl\u00e1sticas ficam proibidas no Rio a partir de amanh\u00e3"},"content":{"rendered":"<p><a href=\"https:\/\/i0.wp.com\/tvnovelas.com.br\/news\/mundo\/wp-content\/uploads\/2019\/06\/geral105.jpg?ssl=1\"><img data-recalc-dims=\"1\" loading=\"lazy\" decoding=\"async\" src=\"https:\/\/i0.wp.com\/tvnovelas.com.br\/news\/mundo\/wp-content\/uploads\/2019\/06\/geral105.jpg?resize=500%2C333&#038;ssl=1\" alt=\"Footo ilustrativa de sacolas pl\u00e1sticas\" width=\"500\" height=\"333\" class=\"alignright wp-image-3334 size-full\" title=\"(Foto: Repodu\u00e7\u00e3o\/G!)\" srcset=\"https:\/\/i0.wp.com\/tvnovelas.com.br\/news\/wp-content\/uploads\/2019\/06\/geral105.jpg?w=500&amp;ssl=1 500w, https:\/\/i0.wp.com\/tvnovelas.com.br\/news\/wp-content\/uploads\/2019\/06\/geral105.jpg?resize=300%2C200&amp;ssl=1 300w, https:\/\/i0.wp.com\/tvnovelas.com.br\/news\/wp-content\/uploads\/2019\/06\/geral105.jpg?resize=450%2C300&amp;ssl=1 450w, https:\/\/i0.wp.com\/tvnovelas.com.br\/news\/wp-content\/uploads\/2019\/06\/geral105.jpg?resize=360%2C240&amp;ssl=1 360w\" sizes=\"auto, (max-width: 500px) 100vw, 500px\" \/><\/a><\/p>\n<p style=\"text-align: right;\"><em>Ag\u00eancia Brasil<\/em><\/p>\n<p>Os supermercados do Rio de Janeiro estar\u00e3o proibidos, a partir desta quarta-feira (26), de oferecer sacos ou sacolas pl\u00e1sticas descart\u00e1veis aos clientes. De acordo com a Lei Estadual n\u00ba 8.006\/18, publicada no dia 25 de junho do ano passado, os estabelecimentos dever\u00e3o oferecer sacolas confeccionadas com materiais recicl\u00e1veis ou biodegrad\u00e1veis. A determina\u00e7\u00e3o come\u00e7a a valer nesta quarta-feira para grandes empresas. As pequenas e micro ter\u00e3o mais seis meses para se adaptar.<\/p>\n<p>Para ajudar na conscientiza\u00e7\u00e3o da sociedade sobre o malef\u00edcio que as sacolas pl\u00e1sticas trazem para o meio ambiente e incentivar a mudan\u00e7a de h\u00e1bito no consumidor, a Associa\u00e7\u00e3o de Supermercados do Estado do Rio de Janeiro (Asserj) lan\u00e7ou hoje (25) a campanha Desplastifique J\u00e1!<\/p>\n<p>O presidente da Asserj, F\u00e1bio Queir\u00f3z, afirma que a maioria dos supermercados vai cobrar pela sacola biodegrad\u00e1vel \u201ccomo forma de desincentivar o consumo\u201d. Ainda segundo ele, a lei n\u00e3o determina a gratuidade.<\/p>\n<p>\u201cA partir de amanh\u00e3 as sacolas pl\u00e1sticas brancas, convencionais, n\u00e3o estar\u00e3o mais nas nossas lojas e ser\u00e3o substitu\u00eddas por sacolas compostas por, no m\u00ednimo, 51% de recursos renov\u00e1veis, como a cana-de-a\u00e7\u00facar, com resist\u00eancia de 4kg, 7kg ou 10kg, e que suportar\u00e3o de 20 a 50 idas ao supermercado. Mas fa\u00e7o um apelo: adote uma bolsa para ir ao supermercado, de lona, de r\u00e1fia, essa \u00e9 a solu\u00e7\u00e3o\u201d.<\/p>\n<p>Segundo Queir\u00f3z, como parte da campanha educativa e regra de transi\u00e7\u00e3o, os associados fizeram um acordo e ir\u00e3o ceder aos consumidores, de forma gratuita, as primeiras duas sacolas feitas de material recicl\u00e1vel durante o per\u00edodo de seis meses. \u201cAs sacolas novas ter\u00e3o capacidade de ir e voltar aos supermercados de 20 a 50 vezes, n\u00e3o h\u00e1 mais motivos para colocar duas sacolas numa s\u00f3 compra, para toda compra consumir sacolas pl\u00e1sticas. O importante \u00e9 a redu\u00e7\u00e3o do consumo desse item\u201d.<\/p>\n<p>Ele acredita que, com isso, seja poss\u00edvel oferecer mais promo\u00e7\u00f5es aos consumidores. \u201cA partir de amanh\u00e3, somente quem usar a sacola pl\u00e1stica pagar\u00e1 por ela, e isso tira do nosso custo operacional, fazendo com que a gente tenha mais promo\u00e7\u00f5es nas nossas lojas. O consumidor pode esperar mais promo\u00e7\u00f5es porque o custo com as sacolas pl\u00e1sticas reduzir\u00e1\u201d.<\/p>\n<p><strong>Nova proposta<\/strong><br \/>\nNa semana passada, a Assembleia Legislativa do Estado do Rio de Janeiro (Alerj) aprovou novo regramento sobre a quest\u00e3o, mas o texto ainda aguarda san\u00e7\u00e3o do governador Wilson Witzel.<\/p>\n<p>O projeto de lei n\u00ba 69\/19, de autoria do deputado Carlos Minc, prev\u00ea o recolhimento das sacolas descart\u00e1veis dos estabelecimentos comerciais, na propor\u00e7\u00e3o de 40% no prazo de um ano, e a substitui\u00e7\u00e3o delas por outras que sejam compostas de pelo menos 51% de material de fonte renov\u00e1vel, como o biopl\u00e1stico produzido de cana-de-a\u00e7\u00facar ou milho.<\/p>\n","protected":false},"excerpt":{"rendered":"<p>Ag\u00eancia Brasil Os supermercados do Rio de Janeiro estar\u00e3o proibidos, a partir desta quarta-feira (26), de oferecer sacos ou sacolas pl\u00e1sticas descart\u00e1veis aos clientes. De acordo com a Lei Estadual n\u00ba 8.006\/18, publicada no dia 25 de junho do ano passado, os estabelecimentos dever\u00e3o oferecer sacolas confeccionadas com materiais recicl\u00e1veis ou biodegrad\u00e1veis. A determina\u00e7\u00e3o come\u00e7a&#8230;<\/p>\n","protected":false},"author":1,"featured_media":3334,"comment_status":"closed","ping_status":"closed","sticky":false,"template":"","format":"standard","meta":{"_monsterinsights_skip_tracking":false,"_monsterinsights_sitenote_active":false,"_monsterinsights_sitenote_note":"","_monsterinsights_sitenote_category":0,"magazine_newspaper_sidebar_layout":"","footnotes":"","jetpack_publicize_message":"","jetpack_publicize_feature_enabled":true,"jetpack_social_post_already_shared":false,"jetpack_social_options":{"image_generator_settings":{"template":"highway","default_image_id":0,"font":"","enabled":false},"version":2}},"categories":[1],"tags":[22,253],"class_list":["post-3333","post","type-post","status-publish","format-standard","has-post-thumbnail","hentry","category-blog","tag-meio-ambiente","tag-sacolas-plasticas"],"aioseo_notices":[],"jetpack_publicize_connections":[],"jetpack_featured_media_url":"https:\/\/i0.wp.com\/tvnovelas.com.br\/news\/wp-content\/uploads\/2019\/06\/geral105.jpg?fit=500%2C333&ssl=1","jetpack_sharing_enabled":true,"jetpack_likes_enabled":true,"jetpack-related-posts":[],"jetpack_shortlink":"https:\/\/wp.me\/pfB4mB-RL","_links":{"self":[{"href":"https:\/\/tvnovelas.com.br\/news\/wp-json\/wp\/v2\/posts\/3333","targetHints":{"allow":["GET"]}}],"collection":[{"href":"https:\/\/tvnovelas.com.br\/news\/wp-json\/wp\/v2\/posts"}],"about":[{"href":"https:\/\/tvnovelas.com.br\/news\/wp-json\/wp\/v2\/types\/post"}],"author":[{"embeddable":true,"href":"https:\/\/tvnovelas.com.br\/news\/wp-json\/wp\/v2\/users\/1"}],"replies":[{"embeddable":true,"href":"https:\/\/tvnovelas.com.br\/news\/wp-json\/wp\/v2\/comments?post=3333"}],"version-history":[{"count":2,"href":"https:\/\/tvnovelas.com.br\/news\/wp-json\/wp\/v2\/posts\/3333\/revisions"}],"predecessor-version":[{"id":3336,"href":"https:\/\/tvnovelas.com.br\/news\/wp-json\/wp\/v2\/posts\/3333\/revisions\/3336"}],"wp:featuredmedia":[{"embeddable":true,"href":"https:\/\/tvnovelas.com.br\/news\/wp-json\/wp\/v2\/media\/3334"}],"wp:attachment":[{"href":"https:\/\/tvnovelas.com.br\/news\/wp-json\/wp\/v2\/media?parent=3333"}],"wp:term":[{"taxonomy":"category","embeddable":true,"href":"https:\/\/tvnovelas.com.br\/news\/wp-json\/wp\/v2\/categories?post=3333"},{"taxonomy":"post_tag","embeddable":true,"href":"https:\/\/tvnovelas.com.br\/news\/wp-json\/wp\/v2\/tags?post=3333"}],"curies":[{"name":"wp","href":"https:\/\/api.w.org\/{rel}","templated":true}]}}