{"id":3283,"date":"2019-06-24T16:05:44","date_gmt":"2019-06-24T19:05:44","guid":{"rendered":"https:\/\/tvnovelas.com.br\/news\/mundo\/?p=3283"},"modified":"2019-06-24T16:06:02","modified_gmt":"2019-06-24T19:06:02","slug":"segunda-turma-do-stf-adia-julgamento-de-habeas-corpus-de-lula","status":"publish","type":"post","link":"https:\/\/tvnovelas.com.br\/news\/segunda-turma-do-stf-adia-julgamento-de-habeas-corpus-de-lula\/","title":{"rendered":"Segunda Turma do STF adia julgamento de habeas corpus de Lula"},"content":{"rendered":"<p><a href=\"https:\/\/i0.wp.com\/tvnovelas.com.br\/news\/mundo\/wp-content\/uploads\/2019\/06\/eral91.jpg?ssl=1\"><img data-recalc-dims=\"1\" loading=\"lazy\" decoding=\"async\" src=\"https:\/\/i0.wp.com\/tvnovelas.com.br\/news\/mundo\/wp-content\/uploads\/2019\/06\/eral91.jpg?resize=600%2C320&#038;ssl=1\" alt=\"\" width=\"600\" height=\"320\" class=\"alignnone wp-image-3284 size-full\" title=\"(Foto: Jos\u00e9 Cruz\/Ag\u00eancia Brasil)\" srcset=\"https:\/\/i0.wp.com\/tvnovelas.com.br\/news\/wp-content\/uploads\/2019\/06\/eral91.jpg?w=600&amp;ssl=1 600w, https:\/\/i0.wp.com\/tvnovelas.com.br\/news\/wp-content\/uploads\/2019\/06\/eral91.jpg?resize=300%2C160&amp;ssl=1 300w\" sizes=\"auto, (max-width: 600px) 100vw, 600px\" \/><\/a><\/p>\n<p style=\"text-align: right;\"><em>Ag\u00eancia Brasil<\/em><\/p>\n<p>A Segunda Turma do Supremo Tribunal Federal (STF) retirou da pauta de julgamentos um habeas corpus (HC) em que a defesa do ex-presidente Luiz In\u00e1cio Lula da Silva pede que seja declarada a suspei\u00e7\u00e3o do ent\u00e3o juiz Sergio Moro no julgamento do caso do triplex no Guaruj\u00e1 (SP).<\/p>\n<p>O caso estava previsto para ser julgado na sess\u00e3o de nesta ter\u00e7a-feira (25), \u00faltima sess\u00e3o antes do recesso de julho na Corte. Com o adiamento, o processo s\u00f3 dever\u00e1 voltar \u00e0 pauta do colegiado em agosto, quando o tribunal voltar ao trabalho.<\/p>\n<p>No andamento do processo, n\u00e3o foi publicado o motivo do adiamento, somente a seguinte decis\u00e3o. &#8220;De ordem, certificamos que o processo foi retirado do calend\u00e1rio de julgamento do dia 25.6.2019&#8221;.<\/p>\n<p>O processo come\u00e7ou a ser julgado na Segunda Turma em dezembro de 2018, quando o relator ministro Edson Fachin e a ministra C\u00e1rmen L\u00facia votaram contra o pedido de suspei\u00e7\u00e3o. O julgamento foi suspenso por um pedido de vista do ministro Gilmar Mendes, que devolveu o HC para ser julgado nesta ter\u00e7a. Comp\u00f5em o colegiado ainda os ministros Ricardo Lewandowski e Celso de Mello.<\/p>\n<p>No in\u00edcio da tarde, a defesa de Lula pediu ao STF que a data do julgamento seja mantida. A defesa argumentou que o habeas corpus foi protocolado em novembro de 2018 para que seja reconhecida a suspei\u00e7\u00e3o do ent\u00e3o juiz Sergio Moro para processar e julgar o ex-presidente e, consequentemente, reconhecimento da nulidade de todos os atos praticados por ele na a\u00e7\u00e3o penal do tr\u00edplex, al\u00e9m de soltura do ex-presidente.<\/p>\n<p>De acordo com Cristiano Zanin, advogado do ex-presidente, Lula est\u00e1 preso h\u00e1 443 dias e os processos envolvendo r\u00e9us presos t\u00eam prioridade de julgamento.<\/p>\n<p>&#8220;Assim, diante de reportagens jornal\u00edsticas publicadas nesta data sobre eventual adiamento, requer-se sejam observadas as disposi\u00e7\u00f5es legais e regimentais acima referidas, de modo a assegurar que o julgamento do habeas corpus em quest\u00e3o seja retomado amanh\u00e3, 25\/6 &#8211; \u00faltima sess\u00e3o do primeiro semestre -, como medida de Direito e de Justi\u00e7a&#8221;, pediu a defesa.<\/p>\n<p>O argumento central da defesa \u00e9 o fato de Moro ter aceitado o convite para o cargo de ministro da Justi\u00e7a e Seguran\u00e7a P\u00fablica do governo Jair Bolsonaro. Quando foi impetrado no ano passado, e n\u00e3o trazia em seus argumentos as supostas trocas de mensagens entre o ent\u00e3o juiz e o procurador Deltan Dallagnol, coordenador da for\u00e7a-tarefa da Lava Jato, no Paran\u00e1, divulgadas pelo site The Intercept Brasil. Na semana passada, os advogados pediram que os &#8220;fatos p\u00fablicos e not\u00f3rios&#8221; sejam levados em conta pelo STF.<\/p>\n<p>Desde a publica\u00e7\u00e3o das supostas mensagens, o ministro Sergio Moro n\u00e3o reconhece a autenticidade dos di\u00e1logos e diz que as mensagens podem ter sido &#8220;editadas e manipuladas&#8221; por meio de ataques de hackers.<\/p>\n<p>Lula est\u00e1 preso desde 7 de abril do ano passado na Superintend\u00eancia da Pol\u00edcia Federal em Curitiba, ap\u00f3s ter sua condena\u00e7\u00e3o confirmada pelo Tribunal Regional Federal 4\u00aa Regi\u00e3o (TRF4), que imp\u00f4s pena de 12 anos e um m\u00eas de pris\u00e3o pelos crimes de corrup\u00e7\u00e3o passiva e lavagem de dinheiro no caso do tr\u00edplex do Guaruj\u00e1 (SP).<\/p>\n","protected":false},"excerpt":{"rendered":"<p>Ag\u00eancia Brasil A Segunda Turma do Supremo Tribunal Federal (STF) retirou da pauta de julgamentos um habeas corpus (HC) em que a defesa do ex-presidente Luiz In\u00e1cio Lula da Silva pede que seja declarada a suspei\u00e7\u00e3o do ent\u00e3o juiz Sergio Moro no julgamento do caso do triplex no Guaruj\u00e1 (SP). O caso estava previsto para&#8230;<\/p>\n","protected":false},"author":1,"featured_media":3284,"comment_status":"closed","ping_status":"closed","sticky":false,"template":"","format":"standard","meta":{"_monsterinsights_skip_tracking":false,"_monsterinsights_sitenote_active":false,"_monsterinsights_sitenote_note":"","_monsterinsights_sitenote_category":0,"magazine_newspaper_sidebar_layout":"","footnotes":"","jetpack_publicize_message":"","jetpack_publicize_feature_enabled":true,"jetpack_social_post_already_shared":false,"jetpack_social_options":{"image_generator_settings":{"template":"highway","default_image_id":0,"font":"","enabled":false},"version":2}},"categories":[68],"tags":[229,228,205,206],"class_list":["post-3283","post","type-post","status-publish","format-standard","has-post-thumbnail","hentry","category-justica","tag-habeas-corpus","tag-justica","tag-lula","tag-stf"],"aioseo_notices":[],"jetpack_publicize_connections":[],"jetpack_featured_media_url":"https:\/\/i0.wp.com\/tvnovelas.com.br\/news\/wp-content\/uploads\/2019\/06\/eral91.jpg?fit=600%2C320&ssl=1","jetpack_sharing_enabled":true,"jetpack_likes_enabled":true,"jetpack-related-posts":[],"jetpack_shortlink":"https:\/\/wp.me\/pfB4mB-QX","_links":{"self":[{"href":"https:\/\/tvnovelas.com.br\/news\/wp-json\/wp\/v2\/posts\/3283","targetHints":{"allow":["GET"]}}],"collection":[{"href":"https:\/\/tvnovelas.com.br\/news\/wp-json\/wp\/v2\/posts"}],"about":[{"href":"https:\/\/tvnovelas.com.br\/news\/wp-json\/wp\/v2\/types\/post"}],"author":[{"embeddable":true,"href":"https:\/\/tvnovelas.com.br\/news\/wp-json\/wp\/v2\/users\/1"}],"replies":[{"embeddable":true,"href":"https:\/\/tvnovelas.com.br\/news\/wp-json\/wp\/v2\/comments?post=3283"}],"version-history":[{"count":2,"href":"https:\/\/tvnovelas.com.br\/news\/wp-json\/wp\/v2\/posts\/3283\/revisions"}],"predecessor-version":[{"id":3286,"href":"https:\/\/tvnovelas.com.br\/news\/wp-json\/wp\/v2\/posts\/3283\/revisions\/3286"}],"wp:featuredmedia":[{"embeddable":true,"href":"https:\/\/tvnovelas.com.br\/news\/wp-json\/wp\/v2\/media\/3284"}],"wp:attachment":[{"href":"https:\/\/tvnovelas.com.br\/news\/wp-json\/wp\/v2\/media?parent=3283"}],"wp:term":[{"taxonomy":"category","embeddable":true,"href":"https:\/\/tvnovelas.com.br\/news\/wp-json\/wp\/v2\/categories?post=3283"},{"taxonomy":"post_tag","embeddable":true,"href":"https:\/\/tvnovelas.com.br\/news\/wp-json\/wp\/v2\/tags?post=3283"}],"curies":[{"name":"wp","href":"https:\/\/api.w.org\/{rel}","templated":true}]}}