{"id":3276,"date":"2019-06-24T12:58:35","date_gmt":"2019-06-24T15:58:35","guid":{"rendered":"https:\/\/tvnovelas.com.br\/news\/mundo\/?p=3276"},"modified":"2019-06-24T12:58:35","modified_gmt":"2019-06-24T15:58:35","slug":"turismo-os-dez-destinos-mais-procurados-em-junho-e-julho","status":"publish","type":"post","link":"https:\/\/tvnovelas.com.br\/news\/turismo-os-dez-destinos-mais-procurados-em-junho-e-julho\/","title":{"rendered":"Turismo: Os dez destinos mais procurados em junho e julho"},"content":{"rendered":"<h2>Fortaleza lidera ranking dos destinos mais procurados para os meses de junho e julho na sondagem empresarial do Minist\u00e9rio do Turismo<\/h2>\n<p><a href=\"https:\/\/i0.wp.com\/tvnovelas.com.br\/news\/mundo\/wp-content\/uploads\/2019\/06\/eral89.jpg?ssl=1\"><img data-recalc-dims=\"1\" loading=\"lazy\" decoding=\"async\" src=\"https:\/\/i0.wp.com\/tvnovelas.com.br\/news\/mundo\/wp-content\/uploads\/2019\/06\/eral89.jpg?resize=500%2C334&#038;ssl=1\" alt=\"Foto de praia de Fortaleza\" width=\"500\" height=\"334\" class=\"alignnone wp-image-3277 size-full\" title=\"(Foto: Jade Queiroz\/MTur)\" srcset=\"https:\/\/i0.wp.com\/tvnovelas.com.br\/news\/wp-content\/uploads\/2019\/06\/eral89.jpg?w=500&amp;ssl=1 500w, https:\/\/i0.wp.com\/tvnovelas.com.br\/news\/wp-content\/uploads\/2019\/06\/eral89.jpg?resize=300%2C200&amp;ssl=1 300w, https:\/\/i0.wp.com\/tvnovelas.com.br\/news\/wp-content\/uploads\/2019\/06\/eral89.jpg?resize=450%2C300&amp;ssl=1 450w, https:\/\/i0.wp.com\/tvnovelas.com.br\/news\/wp-content\/uploads\/2019\/06\/eral89.jpg?resize=360%2C240&amp;ssl=1 360w\" sizes=\"auto, (max-width: 500px) 100vw, 500px\" \/><\/a><br \/>\nPesquisa realizada pelo Minist\u00e9rio do Turismo revela os 10 destinos mais procurados em viagens nacionais nos meses de junho e julho deste ano. A sondagem foi realizada com 2 mil ag\u00eancias de viagens do pa\u00eds. Al\u00e9m disso, o estudo traz a perspectiva das empresas em rela\u00e7\u00e3o ao desempenho, faturamento, demanda de servi\u00e7os e gera\u00e7\u00e3o de empregos de maio a outubro de 2019.<\/p>\n<p>Fortaleza (CE), Macei\u00f3 (AL), Natal (RN), Gramado (RS), Rio de Janeiro (RJ), Porto Seguro (BA), Ipojuca (PE), S\u00e3o Paulo (SP), Salvador (BA) e Campos do Jord\u00e3o (SP) est\u00e3o nas 10 primeiras posi\u00e7\u00f5es, respectivamente, entre as cidades que foram mais procuradas pelos turistas nacionais para as f\u00e9rias de junho e julho.<\/p>\n<p>Na composi\u00e7\u00e3o do p\u00fablico, os casais com filhos correspondem ao maior n\u00famero (37%) dos viajantes que utilizam ag\u00eancias de viagens, seguidos dos casais, com 22%, e viagens em fam\u00edlia, com 21%. Sol e praia (49%) \u00e9 o principal destino demandado pelos turistas. Destinos culturais e com t\u00edtulos de patrim\u00f4nio hist\u00f3rico ficam com o segundo lugar (16%), enquanto viagens a trabalho (10%) e por ecoturismo (9%) ocupam a terceira e quarta posi\u00e7\u00f5es.<\/p>\n<p>Na perspectiva para os pr\u00f3ximos seis meses, 17,8% das ag\u00eancias de viagens consultadas indicaram a possibilidade de contrata\u00e7\u00e3o de novos funcion\u00e1rios. Ao serem questionadas quanto \u00e0 demanda pelos servi\u00e7os ofertados at\u00e9 outubro deste ano, cerca de 61% das empresas indicaram perspectiva de aumento na oferta de servi\u00e7os. No faturamento, tamb\u00e9m cerca de 61% das ag\u00eancias percebem um cen\u00e1rio de crescimento.<\/p>\n<p>A percep\u00e7\u00e3o \u00e9 mais otimista que nos tr\u00eas primeiros meses do ano, quando as ag\u00eancias registraram perspectiva de 7% no crescimento do n\u00famero de empregados, 36% de aumento na demanda de servi\u00e7os ofertados, e 30% no faturamento.<\/p>\n<p>Para o ministro do Turismo, Marcelo \u00c1lvaro Ant\u00f4nio, a sondagem configura um excelente balizador das pol\u00edticas p\u00fablicas que vem sendo desenvolvidas nestes cinco meses de gest\u00e3o. \u201cPrecisamos monitorar o comportamento do setor tur\u00edstico brasileiro e ver se as a\u00e7\u00f5es chegam na ponta. Os resultados demonstram uma perspectiva otimista para os meses seguintes e fundamental aos pr\u00f3ximos passos. Sinal de que estamos no caminho certo. O aumento da gera\u00e7\u00e3o de empregos \u00e9 realidade comprovada com esta pesquisa. O turismo no centro da agenda econ\u00f4mica proporciona isso\u201d, ressalta.<\/p>\n","protected":false},"excerpt":{"rendered":"<p>Fortaleza lidera ranking dos destinos mais procurados para os meses de junho e julho na sondagem empresarial do Minist\u00e9rio do Turismo Pesquisa realizada pelo Minist\u00e9rio do Turismo revela os 10 destinos mais procurados em viagens nacionais nos meses de junho e julho deste ano. A sondagem foi realizada com 2 mil ag\u00eancias de viagens do&#8230;<\/p>\n","protected":false},"author":1,"featured_media":3277,"comment_status":"closed","ping_status":"closed","sticky":false,"template":"","format":"standard","meta":{"_monsterinsights_skip_tracking":false,"_monsterinsights_sitenote_active":false,"_monsterinsights_sitenote_note":"","_monsterinsights_sitenote_category":0,"magazine_newspaper_sidebar_layout":"","footnotes":"","jetpack_publicize_message":"","jetpack_publicize_feature_enabled":true,"jetpack_social_post_already_shared":false,"jetpack_social_options":{"image_generator_settings":{"template":"highway","default_image_id":0,"font":"","enabled":false},"version":2}},"categories":[65],"tags":[224,223,20],"class_list":["post-3276","post","type-post","status-publish","format-standard","has-post-thumbnail","hentry","category-turismo-e-lazer","tag-destinos","tag-fortaleza","tag-turismo"],"aioseo_notices":[],"jetpack_publicize_connections":[],"jetpack_featured_media_url":"https:\/\/i0.wp.com\/tvnovelas.com.br\/news\/wp-content\/uploads\/2019\/06\/eral89.jpg?fit=500%2C334&ssl=1","jetpack_sharing_enabled":true,"jetpack_likes_enabled":true,"jetpack-related-posts":[],"jetpack_shortlink":"https:\/\/wp.me\/pfB4mB-QQ","_links":{"self":[{"href":"https:\/\/tvnovelas.com.br\/news\/wp-json\/wp\/v2\/posts\/3276","targetHints":{"allow":["GET"]}}],"collection":[{"href":"https:\/\/tvnovelas.com.br\/news\/wp-json\/wp\/v2\/posts"}],"about":[{"href":"https:\/\/tvnovelas.com.br\/news\/wp-json\/wp\/v2\/types\/post"}],"author":[{"embeddable":true,"href":"https:\/\/tvnovelas.com.br\/news\/wp-json\/wp\/v2\/users\/1"}],"replies":[{"embeddable":true,"href":"https:\/\/tvnovelas.com.br\/news\/wp-json\/wp\/v2\/comments?post=3276"}],"version-history":[{"count":1,"href":"https:\/\/tvnovelas.com.br\/news\/wp-json\/wp\/v2\/posts\/3276\/revisions"}],"predecessor-version":[{"id":3278,"href":"https:\/\/tvnovelas.com.br\/news\/wp-json\/wp\/v2\/posts\/3276\/revisions\/3278"}],"wp:featuredmedia":[{"embeddable":true,"href":"https:\/\/tvnovelas.com.br\/news\/wp-json\/wp\/v2\/media\/3277"}],"wp:attachment":[{"href":"https:\/\/tvnovelas.com.br\/news\/wp-json\/wp\/v2\/media?parent=3276"}],"wp:term":[{"taxonomy":"category","embeddable":true,"href":"https:\/\/tvnovelas.com.br\/news\/wp-json\/wp\/v2\/categories?post=3276"},{"taxonomy":"post_tag","embeddable":true,"href":"https:\/\/tvnovelas.com.br\/news\/wp-json\/wp\/v2\/tags?post=3276"}],"curies":[{"name":"wp","href":"https:\/\/api.w.org\/{rel}","templated":true}]}}