{"id":3161,"date":"2019-06-20T10:57:36","date_gmt":"2019-06-20T13:57:36","guid":{"rendered":"https:\/\/tvnovelas.com.br\/news\/mundo\/?p=3161"},"modified":"2019-06-20T11:30:51","modified_gmt":"2019-06-20T14:30:51","slug":"temperaturas-acima-da-media-marcam-o-inverno-em-mg-aponta-cemig","status":"publish","type":"post","link":"https:\/\/tvnovelas.com.br\/news\/temperaturas-acima-da-media-marcam-o-inverno-em-mg-aponta-cemig\/","title":{"rendered":"Temperaturas acima da m\u00e9dia marcam o inverno em MG, aponta Cemig"},"content":{"rendered":"<p><a href=\"https:\/\/i0.wp.com\/tvnovelas.com.br\/news\/mundo\/wp-content\/uploads\/2019\/06\/eral65.jpg?ssl=1\"><img data-recalc-dims=\"1\" loading=\"lazy\" decoding=\"async\" src=\"https:\/\/i0.wp.com\/tvnovelas.com.br\/news\/mundo\/wp-content\/uploads\/2019\/06\/eral65.jpg?resize=600%2C320&#038;ssl=1\" alt=\"Foto de serras de minas\" width=\"600\" height=\"320\" class=\"alignnone size-full wp-image-3162\" srcset=\"https:\/\/i0.wp.com\/tvnovelas.com.br\/news\/wp-content\/uploads\/2019\/06\/eral65.jpg?w=600&amp;ssl=1 600w, https:\/\/i0.wp.com\/tvnovelas.com.br\/news\/wp-content\/uploads\/2019\/06\/eral65.jpg?resize=300%2C160&amp;ssl=1 300w\" sizes=\"auto, (max-width: 600px) 100vw, 600px\" \/><\/a><br \/>\n\u00a0<br \/>\nO inverno come\u00e7a nesta sexta-feira (21\/6), \u00e0s 12h54. Em Minas Gerais, al\u00e9m das baixas temperaturas, a esta\u00e7\u00e3o tem como caracter\u00edstica o clima seco e a baixa incid\u00eancia de chuvas, normalmente em decorr\u00eancia do deslocamento de massas de ar frio provenientes do Polo Sul.<br \/>\n\u00a0<br \/>\nNeste ano, a esta\u00e7\u00e3o ter\u00e1 influ\u00eancia do fen\u00f4meno El Ni\u00f1o, mas com intensidade fraca, o que deve resultar em temperaturas ligeiramente acima da m\u00e9dia. No in\u00edcio de inverno, devem ocorrer os maiores desvios de temperatura, com sensa\u00e7\u00e3o t\u00e9rmica acima da m\u00e9dia em praticamente todo o estado.<br \/>\n\u00a0<br \/>\nAl\u00e9m disso, podem ocorrer, tamb\u00e9m, mudan\u00e7as relativamente r\u00e1pidas nas condi\u00e7\u00f5es de tempo, com maior probabilidade do surgimento de nevoeiros e geadas nas primeiras horas do dia nas regi\u00f5es serranas de Minas Gerais.<br \/>\n\u00a0<br \/>\nPor\u00e9m, segundo o meteorologista Arthur Chaves de Paiva Neto, da Cemig, no decorrer da esta\u00e7\u00e3o os desvios diminuem de intensidade, de modo que apenas na faixa norte e no Tri\u00e2ngulo as temperaturas ficam acima da m\u00e9dia durante todo o inverno.<br \/>\n\u00a0<br \/>\nCom rela\u00e7\u00e3o \u00e0s chuvas, Arthur Paiva lembra que \u00e9 normal que os valores sejam baixos ao longo da esta\u00e7\u00e3o, caracterizada por ser extremamente seca, chegando a um m\u00ednimo nos meses de julho e agosto. \u201cPodem ocorrer, no entanto, pancadas fortes em setembro, inclusive acompanhadas de granizo\u201d, comenta.<br \/>\n\u00a0<br \/>\n\u201cA expectativa \u00e9 que tenhamos chuvas ligeiramente abaixo da m\u00e9dia na faixa norte e no Tri\u00e2ngulo, acima da m\u00e9dia na Zona da Mata e dentro da m\u00e9dia nas demais regi\u00f5es. Setembro deve apresentar os maiores volumes de chuva, mas em agosto devem ocorrer os maiores desvios positivos, comparado com a m\u00e9dia hist\u00f3rica\u201d, acrescenta o meteorologista da Cemig.<\/p>\n","protected":false},"excerpt":{"rendered":"<p>\u00a0 O inverno come\u00e7a nesta sexta-feira (21\/6), \u00e0s 12h54. Em Minas Gerais, al\u00e9m das baixas temperaturas, a esta\u00e7\u00e3o tem como caracter\u00edstica o clima seco e a baixa incid\u00eancia de chuvas, normalmente em decorr\u00eancia do deslocamento de massas de ar frio provenientes do Polo Sul. \u00a0 Neste ano, a esta\u00e7\u00e3o ter\u00e1 influ\u00eancia do fen\u00f4meno El Ni\u00f1o,&#8230;<\/p>\n","protected":false},"author":1,"featured_media":3162,"comment_status":"closed","ping_status":"closed","sticky":false,"template":"","format":"standard","meta":{"_monsterinsights_skip_tracking":false,"_monsterinsights_sitenote_active":false,"_monsterinsights_sitenote_note":"","_monsterinsights_sitenote_category":0,"magazine_newspaper_sidebar_layout":"","footnotes":"","jetpack_publicize_message":"","jetpack_publicize_feature_enabled":true,"jetpack_social_post_already_shared":false,"jetpack_social_options":{"image_generator_settings":{"template":"highway","default_image_id":0,"font":"","enabled":false},"version":2}},"categories":[1],"tags":[],"class_list":["post-3161","post","type-post","status-publish","format-standard","has-post-thumbnail","hentry","category-blog"],"aioseo_notices":[],"jetpack_publicize_connections":[],"jetpack_featured_media_url":"https:\/\/i0.wp.com\/tvnovelas.com.br\/news\/wp-content\/uploads\/2019\/06\/eral65.jpg?fit=600%2C320&ssl=1","jetpack_sharing_enabled":true,"jetpack_likes_enabled":true,"jetpack-related-posts":[],"jetpack_shortlink":"https:\/\/wp.me\/pfB4mB-OZ","_links":{"self":[{"href":"https:\/\/tvnovelas.com.br\/news\/wp-json\/wp\/v2\/posts\/3161","targetHints":{"allow":["GET"]}}],"collection":[{"href":"https:\/\/tvnovelas.com.br\/news\/wp-json\/wp\/v2\/posts"}],"about":[{"href":"https:\/\/tvnovelas.com.br\/news\/wp-json\/wp\/v2\/types\/post"}],"author":[{"embeddable":true,"href":"https:\/\/tvnovelas.com.br\/news\/wp-json\/wp\/v2\/users\/1"}],"replies":[{"embeddable":true,"href":"https:\/\/tvnovelas.com.br\/news\/wp-json\/wp\/v2\/comments?post=3161"}],"version-history":[{"count":1,"href":"https:\/\/tvnovelas.com.br\/news\/wp-json\/wp\/v2\/posts\/3161\/revisions"}],"predecessor-version":[{"id":3163,"href":"https:\/\/tvnovelas.com.br\/news\/wp-json\/wp\/v2\/posts\/3161\/revisions\/3163"}],"wp:featuredmedia":[{"embeddable":true,"href":"https:\/\/tvnovelas.com.br\/news\/wp-json\/wp\/v2\/media\/3162"}],"wp:attachment":[{"href":"https:\/\/tvnovelas.com.br\/news\/wp-json\/wp\/v2\/media?parent=3161"}],"wp:term":[{"taxonomy":"category","embeddable":true,"href":"https:\/\/tvnovelas.com.br\/news\/wp-json\/wp\/v2\/categories?post=3161"},{"taxonomy":"post_tag","embeddable":true,"href":"https:\/\/tvnovelas.com.br\/news\/wp-json\/wp\/v2\/tags?post=3161"}],"curies":[{"name":"wp","href":"https:\/\/api.w.org\/{rel}","templated":true}]}}