{"id":3158,"date":"2019-06-20T10:36:12","date_gmt":"2019-06-20T13:36:12","guid":{"rendered":"https:\/\/tvnovelas.com.br\/news\/mundo\/?p=3158"},"modified":"2019-06-20T10:36:12","modified_gmt":"2019-06-20T13:36:12","slug":"banco-central-se-mostra-um-orgao-com-suporte-a-moeda-nacional-diz-a-fecomerciosp","status":"publish","type":"post","link":"https:\/\/tvnovelas.com.br\/news\/banco-central-se-mostra-um-orgao-com-suporte-a-moeda-nacional-diz-a-fecomerciosp\/","title":{"rendered":"Banco Central se mostra um \u00f3rg\u00e3o com suporte \u00e0 moeda nacional, diz a FecomercioSP"},"content":{"rendered":"<p><a href=\"https:\/\/i0.wp.com\/tvnovelas.com.br\/news\/mundo\/wp-content\/uploads\/2019\/06\/eral64.jpg?ssl=1\"><img data-recalc-dims=\"1\" loading=\"lazy\" decoding=\"async\" class=\"alignnone wp-image-3159 size-full\" title=\"(Foto: BCB)\" src=\"https:\/\/i0.wp.com\/tvnovelas.com.br\/news\/mundo\/wp-content\/uploads\/2019\/06\/eral64.jpg?resize=600%2C320&#038;ssl=1\" alt=\"Foto do pr\u00e9dio do Banco Central\" width=\"600\" height=\"320\" srcset=\"https:\/\/i0.wp.com\/tvnovelas.com.br\/news\/wp-content\/uploads\/2019\/06\/eral64.jpg?w=600&amp;ssl=1 600w, https:\/\/i0.wp.com\/tvnovelas.com.br\/news\/wp-content\/uploads\/2019\/06\/eral64.jpg?resize=300%2C160&amp;ssl=1 300w\" sizes=\"auto, (max-width: 600px) 100vw, 600px\" \/><\/a><\/p>\n<p>Segundo a Federa\u00e7\u00e3o, a manuten\u00e7\u00e3o da taxa de juros foi uma decis\u00e3o s\u00e1bia e deve manter o equil\u00edbrio ao longo do primeiro semestre de 2019<\/p>\n<p>Ap\u00f3s a manuten\u00e7\u00e3o da taxa Selic em 6,5%, a Federa\u00e7\u00e3o do Com\u00e9rcio de Bens, Servi\u00e7os e Turismo do Estado de S\u00e3o Paulo (FecomercioSP) disse que o Banco Central tem se mostrado um \u00f3rg\u00e3o de suporte \u00e0 moeda nacional, independente do governo federal, e aprova a decis\u00e3o de manter o contexto geral das din\u00e2micas pol\u00edtica e econ\u00f4mica do Pa\u00eds.<\/p>\n<p>Para a Entidade, a decis\u00e3o foi s\u00e1bia e aponta um BC n\u00e3o influenciado pela empolga\u00e7\u00e3o do in\u00edcio do ano, tampouco pelo ambiente conturbado dos \u00faltimos meses, e deve manter o equil\u00edbrio ao longo deste primeiro semestre.<\/p>\n<p>O \u00cdndice de Pre\u00e7os ao Consumidor Amplo (IPCA) acumulado em 12 meses registrou alta e chegou a 4,94% em abril, mas voltou a cair para 4,66% em maio, e ainda tem chances de nova queda em junho. O ambiente externo se acalmou, contudo, as atividades econ\u00f4micas do Brasil ainda est\u00e3o abaixo das expectativas em decorr\u00eancia da alta do desemprego.<\/p>\n<p>Segundo a FecomercioSP, com o avan\u00e7o da Reforma da Previd\u00eancia no Congresso e a probabilidade de aprova\u00e7\u00e3o ainda em 2019, h\u00e1 a possibilidade de quedas dos juros no fim do ano, fazendo com que a Selic possa ficar abaixo dos 6% em dezembro. \u00c9 importante ressaltar que a Entidade apoia o processo de redu\u00e7\u00e3o de juros diante de um cen\u00e1rio econ\u00f4mico mais tranquilo, com a infla\u00e7\u00e3o controlada.<\/p>\n","protected":false},"excerpt":{"rendered":"<p>Segundo a Federa\u00e7\u00e3o, a manuten\u00e7\u00e3o da taxa de juros foi uma decis\u00e3o s\u00e1bia e deve manter o equil\u00edbrio ao longo do primeiro semestre de 2019 Ap\u00f3s a manuten\u00e7\u00e3o da taxa Selic em 6,5%, a Federa\u00e7\u00e3o do Com\u00e9rcio de Bens, Servi\u00e7os e Turismo do Estado de S\u00e3o Paulo (FecomercioSP) disse que o Banco Central tem se&#8230;<\/p>\n","protected":false},"author":1,"featured_media":3159,"comment_status":"closed","ping_status":"closed","sticky":false,"template":"","format":"standard","meta":{"_monsterinsights_skip_tracking":false,"_monsterinsights_sitenote_active":false,"_monsterinsights_sitenote_note":"","_monsterinsights_sitenote_category":0,"magazine_newspaper_sidebar_layout":"","footnotes":"","jetpack_publicize_message":"","jetpack_publicize_feature_enabled":true,"jetpack_social_post_already_shared":false,"jetpack_social_options":{"image_generator_settings":{"template":"highway","default_image_id":0,"font":"","enabled":false},"version":2}},"categories":[1],"tags":[174,180,16],"class_list":["post-3158","post","type-post","status-publish","format-standard","has-post-thumbnail","hentry","category-blog","tag-banco-central","tag-fecomerciosp","tag-geral"],"aioseo_notices":[],"jetpack_publicize_connections":[],"jetpack_featured_media_url":"https:\/\/i0.wp.com\/tvnovelas.com.br\/news\/wp-content\/uploads\/2019\/06\/eral64.jpg?fit=600%2C320&ssl=1","jetpack_sharing_enabled":true,"jetpack_likes_enabled":true,"jetpack-related-posts":[],"jetpack_shortlink":"https:\/\/wp.me\/pfB4mB-OW","_links":{"self":[{"href":"https:\/\/tvnovelas.com.br\/news\/wp-json\/wp\/v2\/posts\/3158","targetHints":{"allow":["GET"]}}],"collection":[{"href":"https:\/\/tvnovelas.com.br\/news\/wp-json\/wp\/v2\/posts"}],"about":[{"href":"https:\/\/tvnovelas.com.br\/news\/wp-json\/wp\/v2\/types\/post"}],"author":[{"embeddable":true,"href":"https:\/\/tvnovelas.com.br\/news\/wp-json\/wp\/v2\/users\/1"}],"replies":[{"embeddable":true,"href":"https:\/\/tvnovelas.com.br\/news\/wp-json\/wp\/v2\/comments?post=3158"}],"version-history":[{"count":1,"href":"https:\/\/tvnovelas.com.br\/news\/wp-json\/wp\/v2\/posts\/3158\/revisions"}],"predecessor-version":[{"id":3160,"href":"https:\/\/tvnovelas.com.br\/news\/wp-json\/wp\/v2\/posts\/3158\/revisions\/3160"}],"wp:featuredmedia":[{"embeddable":true,"href":"https:\/\/tvnovelas.com.br\/news\/wp-json\/wp\/v2\/media\/3159"}],"wp:attachment":[{"href":"https:\/\/tvnovelas.com.br\/news\/wp-json\/wp\/v2\/media?parent=3158"}],"wp:term":[{"taxonomy":"category","embeddable":true,"href":"https:\/\/tvnovelas.com.br\/news\/wp-json\/wp\/v2\/categories?post=3158"},{"taxonomy":"post_tag","embeddable":true,"href":"https:\/\/tvnovelas.com.br\/news\/wp-json\/wp\/v2\/tags?post=3158"}],"curies":[{"name":"wp","href":"https:\/\/api.w.org\/{rel}","templated":true}]}}