{"id":3094,"date":"2019-06-19T10:39:02","date_gmt":"2019-06-19T13:39:02","guid":{"rendered":"https:\/\/tvnovelas.com.br\/news\/mundo\/?p=3094"},"modified":"2019-06-19T10:39:02","modified_gmt":"2019-06-19T13:39:02","slug":"deer-mg-restringe-veiculos-de-carga-no-feriado-de-corpus-christi","status":"publish","type":"post","link":"https:\/\/tvnovelas.com.br\/news\/deer-mg-restringe-veiculos-de-carga-no-feriado-de-corpus-christi\/","title":{"rendered":"DEER-MG restringe ve\u00edculos de carga no feriado de Corpus Christi"},"content":{"rendered":"<h2>Motoristas que n\u00e3o respeitarem as restri\u00e7\u00f5es est\u00e3o sujeitos \u00e0s penalidades previstas no C\u00f3digo de Tr\u00e2nsito<\/h2>\n<p><a href=\"https:\/\/i0.wp.com\/tvnovelas.com.br\/news\/mundo\/wp-content\/uploads\/2019\/06\/eral50.jpg?ssl=1\"><img data-recalc-dims=\"1\" loading=\"lazy\" decoding=\"async\" class=\"alignnone wp-image-3095 size-full\" title=\"(Foto\/arquivo\/DER)\" src=\"https:\/\/i0.wp.com\/tvnovelas.com.br\/news\/mundo\/wp-content\/uploads\/2019\/06\/eral50.jpg?resize=600%2C320&#038;ssl=1\" alt=\"Foto de caminh\u00e3o de cara\" width=\"600\" height=\"320\" srcset=\"https:\/\/i0.wp.com\/tvnovelas.com.br\/news\/wp-content\/uploads\/2019\/06\/eral50.jpg?w=600&amp;ssl=1 600w, https:\/\/i0.wp.com\/tvnovelas.com.br\/news\/wp-content\/uploads\/2019\/06\/eral50.jpg?resize=300%2C160&amp;ssl=1 300w\" sizes=\"auto, (max-width: 600px) 100vw, 600px\" \/><\/a><\/p>\n<p style=\"text-align: right;\"><em>Ag\u00eancia Minas<\/em><\/p>\n<p>O Departamento de Edifica\u00e7\u00f5es e Estradas de Rodagem (DEER\/MG) vai restringir o tr\u00e1fego de ve\u00edculos de grande porte nas rodovias de pista simples, durante o feriad\u00e3o de Corpus Chrisrti, &#8220;em fun\u00e7\u00e3o do aumento significativo do fluxo de ve\u00edculos e para garantir a seguran\u00e7a dos usu\u00e1rios&#8221;.<\/p>\n<p>A medida seguir\u00e1 o seguinte cronograma:<br \/>\n&#8211; 20\/6\/2019 (quinta-feira): das 6h \u00e0s 12h<br \/>\n&#8211; 23\/6\/2019 (domingo): das 16h \u00e0s 22h<\/p>\n<p>Nesses dias e hor\u00e1rios, estar\u00e3o proibidos de circular os ve\u00edculos de carga tipo bitrens, treminh\u00f5es e rodotrens (com mais de duas unidades, sendo uma tratora e as demais tracionadas e comprimento entre 19,8 e 30 metros); cegonheiras (com duas unidades e de 22,4 metros de comprimento); cargas indivis\u00edveis (que excedam as medidas regulamentadas) e, ainda, ve\u00edculos com at\u00e9 duas unidades, acima de 2,6 metros de largura ou mais de 4,4 metros de altura ou acima de 18,6 metros de comprimento, portando ou n\u00e3o Autoriza\u00e7\u00e3o Especial de Tr\u00e2nsito (AET).<\/p>\n<p>Os motoristas de ve\u00edculos de grande porte que n\u00e3o respeitarem as restri\u00e7\u00f5es estar\u00e3o sujeitos \u00e0s penalidades previstas no C\u00f3digo de Tr\u00e2nsito Brasileiro (art. 187-I, da Lei Federal n\u00ba 9.503, de 1997), com perda de quatro pontos na carteira, multa de R$ 130,16 e reten\u00e7\u00e3o do ve\u00edculo at\u00e9 o t\u00e9rmino do hor\u00e1rio limite.<\/p>\n<p>Radares<\/p>\n<p>Al\u00e9m disso, o DEER\/MG informou que mant\u00e9m em opera\u00e7\u00e3o 454 radares fixos nas rodovias estaduais, de forma a inibir excessos de velocidade.<\/p>\n","protected":false},"excerpt":{"rendered":"<p>Motoristas que n\u00e3o respeitarem as restri\u00e7\u00f5es est\u00e3o sujeitos \u00e0s penalidades previstas no C\u00f3digo de Tr\u00e2nsito Ag\u00eancia Minas O Departamento de Edifica\u00e7\u00f5es e Estradas de Rodagem (DEER\/MG) vai restringir o tr\u00e1fego de ve\u00edculos de grande porte nas rodovias de pista simples, durante o feriad\u00e3o de Corpus Chrisrti, &#8220;em fun\u00e7\u00e3o do aumento significativo do fluxo de ve\u00edculos&#8230;<\/p>\n","protected":false},"author":1,"featured_media":3095,"comment_status":"closed","ping_status":"closed","sticky":false,"template":"","format":"standard","meta":{"_monsterinsights_skip_tracking":false,"_monsterinsights_sitenote_active":false,"_monsterinsights_sitenote_note":"","_monsterinsights_sitenote_category":0,"magazine_newspaper_sidebar_layout":"","footnotes":"","jetpack_publicize_message":"","jetpack_publicize_feature_enabled":true,"jetpack_social_post_already_shared":false,"jetpack_social_options":{"image_generator_settings":{"template":"highway","default_image_id":0,"font":"","enabled":false},"version":2}},"categories":[1],"tags":[127,160,159],"class_list":["post-3094","post","type-post","status-publish","format-standard","has-post-thumbnail","hentry","category-blog","tag-corpus-christi","tag-estrada","tag-feriadao"],"aioseo_notices":[],"jetpack_publicize_connections":[],"jetpack_featured_media_url":"https:\/\/i0.wp.com\/tvnovelas.com.br\/news\/wp-content\/uploads\/2019\/06\/eral50.jpg?fit=600%2C320&ssl=1","jetpack_sharing_enabled":true,"jetpack_likes_enabled":true,"jetpack-related-posts":[],"jetpack_shortlink":"https:\/\/wp.me\/pfB4mB-NU","_links":{"self":[{"href":"https:\/\/tvnovelas.com.br\/news\/wp-json\/wp\/v2\/posts\/3094","targetHints":{"allow":["GET"]}}],"collection":[{"href":"https:\/\/tvnovelas.com.br\/news\/wp-json\/wp\/v2\/posts"}],"about":[{"href":"https:\/\/tvnovelas.com.br\/news\/wp-json\/wp\/v2\/types\/post"}],"author":[{"embeddable":true,"href":"https:\/\/tvnovelas.com.br\/news\/wp-json\/wp\/v2\/users\/1"}],"replies":[{"embeddable":true,"href":"https:\/\/tvnovelas.com.br\/news\/wp-json\/wp\/v2\/comments?post=3094"}],"version-history":[{"count":1,"href":"https:\/\/tvnovelas.com.br\/news\/wp-json\/wp\/v2\/posts\/3094\/revisions"}],"predecessor-version":[{"id":3096,"href":"https:\/\/tvnovelas.com.br\/news\/wp-json\/wp\/v2\/posts\/3094\/revisions\/3096"}],"wp:featuredmedia":[{"embeddable":true,"href":"https:\/\/tvnovelas.com.br\/news\/wp-json\/wp\/v2\/media\/3095"}],"wp:attachment":[{"href":"https:\/\/tvnovelas.com.br\/news\/wp-json\/wp\/v2\/media?parent=3094"}],"wp:term":[{"taxonomy":"category","embeddable":true,"href":"https:\/\/tvnovelas.com.br\/news\/wp-json\/wp\/v2\/categories?post=3094"},{"taxonomy":"post_tag","embeddable":true,"href":"https:\/\/tvnovelas.com.br\/news\/wp-json\/wp\/v2\/tags?post=3094"}],"curies":[{"name":"wp","href":"https:\/\/api.w.org\/{rel}","templated":true}]}}