{"id":2907,"date":"2019-06-15T16:41:52","date_gmt":"2019-06-15T19:41:52","guid":{"rendered":"https:\/\/tvnovelas.com.br\/news\/mundo\/?p=2907"},"modified":"2019-06-15T16:41:52","modified_gmt":"2019-06-15T19:41:52","slug":"vale-retoma-os-passeios-de-trem-entre-ouro-preto-e-mariana","status":"publish","type":"post","link":"https:\/\/tvnovelas.com.br\/news\/vale-retoma-os-passeios-de-trem-entre-ouro-preto-e-mariana\/","title":{"rendered":"Vale retoma os passeios de trem entre Ouro Preto e Mariana"},"content":{"rendered":"<p><a href=\"https:\/\/i0.wp.com\/tvnovelas.com.br\/news\/mundo\/wp-content\/uploads\/2019\/06\/eral14.jpg?ssl=1\"><img data-recalc-dims=\"1\" loading=\"lazy\" decoding=\"async\" class=\"alignnone wp-image-2908 size-full\" title=\"(Foto: Vale)\" src=\"https:\/\/i0.wp.com\/tvnovelas.com.br\/news\/mundo\/wp-content\/uploads\/2019\/06\/eral14.jpg?resize=500%2C333&#038;ssl=1\" alt=\"Foto do trem entre Ouro Preto e Mariana\" width=\"500\" height=\"333\" srcset=\"https:\/\/i0.wp.com\/tvnovelas.com.br\/news\/wp-content\/uploads\/2019\/06\/eral14.jpg?w=500&amp;ssl=1 500w, https:\/\/i0.wp.com\/tvnovelas.com.br\/news\/wp-content\/uploads\/2019\/06\/eral14.jpg?resize=300%2C200&amp;ssl=1 300w, https:\/\/i0.wp.com\/tvnovelas.com.br\/news\/wp-content\/uploads\/2019\/06\/eral14.jpg?resize=450%2C300&amp;ssl=1 450w\" sizes=\"auto, (max-width: 500px) 100vw, 500px\" \/><\/a><\/p>\n<p>O Trem da Vale, que liga as cidades mineiras de Ouro Preto e Mariana, voltou a funcionar. Os passeios, que foram interrompidos em mar\u00e7o deste ano para a realiza\u00e7\u00e3o de atividades de manuten\u00e7\u00e3o, foram retomados neste s\u00e1bado, 15 de junho.<\/p>\n<p>As viagens acontecem de quinta a domingo e em feriados nacionais, com sa\u00eddas de Ouro Preto \u00e0s 10h e 14h30 e de Mariana \u00e0s 13h e 16h, de acordo com os dias da semana.<\/p>\n<p>A programa\u00e7\u00e3o completa e as tarifas para os passeios est\u00e3o dispon\u00edveis em <a href=\"http:\/\/www.vale.com\/tremdavale\">www.vale.com\/tremdavale<\/a>. Para saber mais, ligue para o Al\u00f4 Ferrovias no telefone 0800 285 7000.<\/p>\n","protected":false},"excerpt":{"rendered":"<p>O Trem da Vale, que liga as cidades mineiras de Ouro Preto e Mariana, voltou a funcionar. Os passeios, que foram interrompidos em mar\u00e7o deste ano para a realiza\u00e7\u00e3o de atividades de manuten\u00e7\u00e3o, foram retomados neste s\u00e1bado, 15 de junho. As viagens acontecem de quinta a domingo e em feriados nacionais, com sa\u00eddas de Ouro&#8230;<\/p>\n","protected":false},"author":1,"featured_media":2908,"comment_status":"closed","ping_status":"closed","sticky":false,"template":"","format":"standard","meta":{"_monsterinsights_skip_tracking":false,"_monsterinsights_sitenote_active":false,"_monsterinsights_sitenote_note":"","_monsterinsights_sitenote_category":0,"magazine_newspaper_sidebar_layout":"","footnotes":"","jetpack_publicize_message":"","jetpack_publicize_feature_enabled":true,"jetpack_social_post_already_shared":false,"jetpack_social_options":{"image_generator_settings":{"template":"highway","default_image_id":0,"font":"","enabled":false},"version":2}},"categories":[1,65],"tags":[3,73,108,20,48],"class_list":["post-2907","post","type-post","status-publish","format-standard","has-post-thumbnail","hentry","category-blog","category-turismo-e-lazer","tag-barao-de-cocais","tag-mariana","tag-ouro-preto","tag-turismo","tag-vale"],"aioseo_notices":[],"jetpack_publicize_connections":[],"jetpack_featured_media_url":"https:\/\/i0.wp.com\/tvnovelas.com.br\/news\/wp-content\/uploads\/2019\/06\/eral14.jpg?fit=500%2C333&ssl=1","jetpack_sharing_enabled":true,"jetpack_likes_enabled":true,"jetpack-related-posts":[],"jetpack_shortlink":"https:\/\/wp.me\/pfB4mB-KT","_links":{"self":[{"href":"https:\/\/tvnovelas.com.br\/news\/wp-json\/wp\/v2\/posts\/2907","targetHints":{"allow":["GET"]}}],"collection":[{"href":"https:\/\/tvnovelas.com.br\/news\/wp-json\/wp\/v2\/posts"}],"about":[{"href":"https:\/\/tvnovelas.com.br\/news\/wp-json\/wp\/v2\/types\/post"}],"author":[{"embeddable":true,"href":"https:\/\/tvnovelas.com.br\/news\/wp-json\/wp\/v2\/users\/1"}],"replies":[{"embeddable":true,"href":"https:\/\/tvnovelas.com.br\/news\/wp-json\/wp\/v2\/comments?post=2907"}],"version-history":[{"count":1,"href":"https:\/\/tvnovelas.com.br\/news\/wp-json\/wp\/v2\/posts\/2907\/revisions"}],"predecessor-version":[{"id":2909,"href":"https:\/\/tvnovelas.com.br\/news\/wp-json\/wp\/v2\/posts\/2907\/revisions\/2909"}],"wp:featuredmedia":[{"embeddable":true,"href":"https:\/\/tvnovelas.com.br\/news\/wp-json\/wp\/v2\/media\/2908"}],"wp:attachment":[{"href":"https:\/\/tvnovelas.com.br\/news\/wp-json\/wp\/v2\/media?parent=2907"}],"wp:term":[{"taxonomy":"category","embeddable":true,"href":"https:\/\/tvnovelas.com.br\/news\/wp-json\/wp\/v2\/categories?post=2907"},{"taxonomy":"post_tag","embeddable":true,"href":"https:\/\/tvnovelas.com.br\/news\/wp-json\/wp\/v2\/tags?post=2907"}],"curies":[{"name":"wp","href":"https:\/\/api.w.org\/{rel}","templated":true}]}}