{"id":253,"date":"2017-06-27T13:08:14","date_gmt":"2017-06-27T16:08:14","guid":{"rendered":"https:\/\/tvnovelas.com.br\/news\/mundo\/?p=253"},"modified":"2017-06-27T13:08:14","modified_gmt":"2017-06-27T16:08:14","slug":"exame-para-certificar-conclusao-de-ensino-medio-sera-realizado-em-outubro","status":"publish","type":"post","link":"https:\/\/tvnovelas.com.br\/news\/exame-para-certificar-conclusao-de-ensino-medio-sera-realizado-em-outubro\/","title":{"rendered":"Exame para certificar conclus\u00e3o de ensino m\u00e9dio ser\u00e1 realizado em outubro"},"content":{"rendered":"<p>O Exame Nacional para Certifica\u00e7\u00e3o de Compet\u00eancias de Jovens e Adultos (Encceja) ser\u00e1 realizado no dia 8 de outubro em todo o pa\u00eds. Neste ano, a prova tamb\u00e9m ser\u00e1 usada pelos alunos para obter o certificado de conclus\u00e3o do ensino m\u00e9dio.<br \/>\n<iframe loading=\"lazy\" width=\"560\" height=\"315\" src=\"https:\/\/www.youtube.com\/embed\/1U2pRt6pRRM\" frameborder=\"0\" allowfullscreen><\/iframe><br \/>\nAt\u00e9 o ano passado, os estudantes com mais de 18 anos poderiam usar o desempenho no Exame Nacional do Ensino M\u00e9dio (Enem) para receber o diploma do ensino m\u00e9dio. Agora, a certifica\u00e7\u00e3o ser\u00e1 feita exclusivamente pelo Encceja, que atualmente \u00e9 aplicado no Brasil e no exterior para a certifica\u00e7\u00e3o de conclus\u00e3o do ensino fundamental.<br \/>\nA inscri\u00e7\u00e3o para o Encceja ser\u00e1 gratuita e dever\u00e1 ser feita entre os dias 7 e 18 de agosto. A prova, que ser\u00e1 elaborada e aplicada pelo Instituto Nacional de Estudos e Pesquisas Educacionais An\u00edsio Teixeira (Inep), ter\u00e1 30 quest\u00f5es de m\u00faltipla escolha, com quatro alternativas de resposta. O aluno dever\u00e1 atingir pelo menos 50% de acertos em cada prova, e pelo menos 5 pontos na reda\u00e7\u00e3o. O custo estimado do Encceja \u00e9 de R$ 40 por aluno.<br \/>\nO Encceja pode ser feito por pessoas com pelo menos 15 anos, no caso da certifica\u00e7\u00e3o do ensino fundamental, e 18 anos para a certifica\u00e7\u00e3o do ensino m\u00e9dio. O Inep espera que 222 mil alunos do ensino fundamental participem da prova e 815 mil, do ensino m\u00e9dio. O exame tamb\u00e9m ser\u00e1 aplicado para presos e para brasileiros que moram no exterior.<\/p>\n<h3>Coment\u00e1rio<\/h3>\n<div class=\"fb-comments\" data-href=\"https:\/\/tvnovelas.com.br\/news\/mundo\/noticias\/253\" data-width=\"100%\" data-numposts=\"10\"><\/div>\n","protected":false},"excerpt":{"rendered":"<p>O Exame Nacional para Certifica\u00e7\u00e3o de Compet\u00eancias de Jovens e Adultos (Encceja) ser\u00e1 realizado no dia 8 de outubro em todo o pa\u00eds. Neste ano, a prova tamb\u00e9m ser\u00e1 usada pelos alunos para obter o certificado de conclus\u00e3o do ensino m\u00e9dio. At\u00e9 o ano passado, os estudantes com mais de 18 anos poderiam usar o&#8230;<\/p>\n","protected":false},"author":1,"featured_media":0,"comment_status":"closed","ping_status":"closed","sticky":false,"template":"","format":"standard","meta":{"_monsterinsights_skip_tracking":false,"_monsterinsights_sitenote_active":false,"_monsterinsights_sitenote_note":"","_monsterinsights_sitenote_category":0,"magazine_newspaper_sidebar_layout":"","footnotes":"","jetpack_publicize_message":"","jetpack_publicize_feature_enabled":true,"jetpack_social_post_already_shared":false,"jetpack_social_options":{"image_generator_settings":{"template":"highway","default_image_id":0,"font":"","enabled":false},"version":2}},"categories":[1],"tags":[],"class_list":["post-253","post","type-post","status-publish","format-standard","hentry","category-blog"],"aioseo_notices":[],"jetpack_publicize_connections":[],"jetpack_featured_media_url":"","jetpack_sharing_enabled":true,"jetpack_likes_enabled":true,"jetpack-related-posts":[],"jetpack_shortlink":"https:\/\/wp.me\/pfB4mB-45","_links":{"self":[{"href":"https:\/\/tvnovelas.com.br\/news\/wp-json\/wp\/v2\/posts\/253","targetHints":{"allow":["GET"]}}],"collection":[{"href":"https:\/\/tvnovelas.com.br\/news\/wp-json\/wp\/v2\/posts"}],"about":[{"href":"https:\/\/tvnovelas.com.br\/news\/wp-json\/wp\/v2\/types\/post"}],"author":[{"embeddable":true,"href":"https:\/\/tvnovelas.com.br\/news\/wp-json\/wp\/v2\/users\/1"}],"replies":[{"embeddable":true,"href":"https:\/\/tvnovelas.com.br\/news\/wp-json\/wp\/v2\/comments?post=253"}],"version-history":[{"count":4,"href":"https:\/\/tvnovelas.com.br\/news\/wp-json\/wp\/v2\/posts\/253\/revisions"}],"predecessor-version":[{"id":257,"href":"https:\/\/tvnovelas.com.br\/news\/wp-json\/wp\/v2\/posts\/253\/revisions\/257"}],"wp:attachment":[{"href":"https:\/\/tvnovelas.com.br\/news\/wp-json\/wp\/v2\/media?parent=253"}],"wp:term":[{"taxonomy":"category","embeddable":true,"href":"https:\/\/tvnovelas.com.br\/news\/wp-json\/wp\/v2\/categories?post=253"},{"taxonomy":"post_tag","embeddable":true,"href":"https:\/\/tvnovelas.com.br\/news\/wp-json\/wp\/v2\/tags?post=253"}],"curies":[{"name":"wp","href":"https:\/\/api.w.org\/{rel}","templated":true}]}}