{"id":2502,"date":"2019-02-28T12:15:18","date_gmt":"2019-02-28T15:15:18","guid":{"rendered":"https:\/\/tvnovelas.com.br\/news\/mundo\/?p=2502"},"modified":"2019-02-28T12:22:29","modified_gmt":"2019-02-28T15:22:29","slug":"carnaval-toma-conta-de-sabara-partir-desta-quinta","status":"publish","type":"post","link":"https:\/\/tvnovelas.com.br\/news\/carnaval-toma-conta-de-sabara-partir-desta-quinta\/","title":{"rendered":"Carnaval toma conta de Sabar\u00e1 a partir desta quinta"},"content":{"rendered":"<p>A Prefeitura de Sabar\u00e1 divulgou a programa\u00e7\u00e3o do Carnaval no munic\u00edpio, que inclui tamb\u00e9m a realiza\u00e7\u00e3o do carnaval nas regionais:  F\u00e1tima, Alvorada e Ravena. A festa nesses locais acontecer\u00e1 de s\u00e1bado a ter\u00e7a-feira.<\/p>\n<p>O Sabar\u00e1 Folia se prop\u00f5e a ser uma festa preparada para toda a fam\u00edlia. O espa\u00e7o para a terceira idade est\u00e1 garantido com a realiza\u00e7\u00e3o do j\u00e1 tradicional \u201cDesfile do Bloco da Saudade\u201d, que ocorre na sexta na pra\u00e7a Melo Viana, um baile relembrando sucessos dos carnavais do passado, encerrar\u00e1 a noite o desfile. Este ano haver\u00e1 tamb\u00e9m um baile carnavalesco no espa\u00e7o Sucata, no bairro Esplanada. A crian\u00e7ada, que j\u00e1 cai na folia no domingo no \u201cMam\u00e3e Eu Quero\u201d e na ter\u00e7a no \u201cSambalel\u00ea\u201d ganha mais uma atra\u00e7\u00e3o na segunda-feira a tarde na Pra\u00e7a Melo Viana, onde ocorrer\u00e1 um bailinho de carnaval. Os bairros Vila Santa Cruz, Pomp\u00e9u, Campinas, Esplanada e Largo Nossa Senhora do \u00d3 tamb\u00e9m cair\u00e3o na folia. \u00c9 que esses locais receber\u00e3o a visita das bandas Sabar\u00e1 Folia, Suor e Swing e Banda Santa.<\/p>\n<p>As escolas de Samba se apresentar\u00e3o no s\u00e1bado e na segunda. Em fun\u00e7\u00e3o da redu\u00e7\u00e3o das verbas, todas optaram por desfilar como Bloco Carnavalesco. <\/p>\n<p><strong>Confira a programa\u00e7\u00e3o:<\/strong><\/p>\n<p><strong>Quinta-Feira \u2013 (28\/02)<\/strong><\/p>\n<p>Centro Hist\u00f3rico<\/p>\n<p>20h \u2013 Cine \u201cEssa gente que faz o carnaval de Sabar\u00e1!\u201d (Pra\u00e7a Santa Rita)<\/p>\n<p>21h \u2013 Desfile do Bloco Afro 13 de Maio<\/p>\n<p>22h \u2013 Desfile do Bloco Caricato Meu Cumcumfurunco<\/p>\n<p><strong>Sexta-Feira \u2013 (01\/03)<\/strong><\/p>\n<p>Centro Hist\u00f3rico<\/p>\n<p>Abertura Oficial do Carnaval Sabar\u00e1 2018<\/p>\n<p>19h30 \u2013 Desfile do Bloco da Saudade<\/p>\n<p>20h30 \u2013 Desfile dos Blocos da Dureza e Bloco do Banho<\/p>\n<p>Pra\u00e7a Melo Viana<\/p>\n<p>18h \u2013 DJ Moura<\/p>\n<p>20h30 \u2013 Amigos do Samba<\/p>\n<p>23h \u2013 Swing do Tapa<\/p>\n<p>Pra\u00e7a Santa Rita<\/p>\n<p>18h \u2013 DJ Reinaldo<\/p>\n<p>21h \u2013 Cinara Ribeiro<\/p>\n<p>23h \u2013 Mistura Nossa<\/p>\n<p><strong> S\u00e1bado \u2013 (02\/03)<\/strong><\/p>\n<p>Campinas-Beira Rio<\/p>\n<p>15h \u2013 Banda Santa<\/p>\n<p> Esplanada-Largo do \u00d3<\/p>\n<p>17h \u2013 Banda Alegria<\/p>\n<p>Centro Hist\u00f3rico<\/p>\n<p>18h30 \u2013 Desfile do Bloco Unidos da Zorocarmo<\/p>\n<p>20h30 \u2013 Desfile da SR. Moralistas do Samba<\/p>\n<p>21h40 \u2013 Desfile da SR. Marl\u00facio Pereira \u2013 Rancho das Flores<\/p>\n<p>22h50 \u2013 Desfile da SR. Colibri do Campo<\/p>\n<p>00h00 \u2013 Desfile do GRES. Unidos da Vila<\/p>\n<p>Pra\u00e7a Melo Viana    <\/p>\n<p>15h \u2013 DJ Wanderson<\/p>\n<p>16h \u2013 Velha Guarda do Samba<\/p>\n<p>18h \u2013 Bloco Sol Nascente<\/p>\n<p>Pra\u00e7a Santa Rita<\/p>\n<p>16h- DJ Maikin<\/p>\n<p>18h \u2013 Bora l\u00e1<\/p>\n<p>20h \u2013 Mandruv\u00e1<\/p>\n<p>22h30 \u2013 Aerofusca<\/p>\n<p><strong>Domingo \u2013 (03\/03)<\/strong><\/p>\n<p>Centro Hist\u00f3rico<\/p>\n<p>10h \u2013 Desfile do Bloco Infantil \u201cMam\u00e3e, Eu Quero!\u201d<\/p>\n<p>12h \u2013 Desfile da Banda Alegria<\/p>\n<p>13h30 \u2013 Desfile do Bloco Carnavalesco SORENUSA<\/p>\n<p>14h30 \u2013 Desfile de Blocos Caricatos \u2013 Ranch\u00e3o, Para\u00edso dos Moralistas, Piranhas do Morro, Sapat\u00e3o, Tapa na Peteca e Clube dos XV<\/p>\n<p>19h \u2013 Banda Santa \u2013 Ruas do centro com parada na pra\u00e7a Ant\u00f4nio Albuquerque<\/p>\n<p>20h \u2013 Desfile da Sociedade Recreativa Mirins do Samba<\/p>\n<p>21h30 \u2013 Desfile do Bloco Liberais do Samba<\/p>\n<p>22h \u2013 Bloco Afro 13 de maio<\/p>\n<p>Pra\u00e7a Melo Viana<\/p>\n<p>14h \u2013 DJ Moura<\/p>\n<p>20h30\u2013 Dadau e Banda<\/p>\n<p>23h \u2013 CeJoga<\/p>\n<p>Pra\u00e7a Santa Rita<\/p>\n<p>14h \u2013 DJ Ronildo<\/p>\n<p>17h30 \u2013 Novo Encontro<\/p>\n<p>20h \u2013 Amigos do Samba<\/p>\n<p>23h \u2013 Vih Ribeiro<\/p>\n<p><strong>Segunda-Feira \u2013 (04\/03)<\/strong><\/p>\n<p>Vila Santa Cruz<\/p>\n<p>14h \u2013 Desfile da banda \u201cSuor e Swing\u201d pelas ruas do bairro<\/p>\n<p>Pomp\u00e9u<\/p>\n<p>14h \u2013 Desfile da Banda Alegria<\/p>\n<p>Associa\u00e7\u00e3o do Bairro Esplanada<\/p>\n<p>15h \u2013 \u201cBanda Santa\u201d \u2013 \u201cBaile da Saudade\u201d<\/p>\n<p>Centro Hist\u00f3rico<\/p>\n<p>16h \u2013 Desfile do Bloco AuMigos<\/p>\n<p>19h30 \u2013 Desfile do Bloco Caricato Uzomidoido<\/p>\n<p>20h30 \u2013 Desfile da SR. Colibri do Campo<\/p>\n<p>21h40 \u2013 Desfile do GRES. Unidos da Vila<\/p>\n<p>22h50 \u2013 Desfile da SR. Moralistas do Samba<\/p>\n<p>00h00 \u2013 Desfile da SR. Marl\u00facio Pereira \u2013 Rancho das Flores<\/p>\n<p>Pra\u00e7a Melo Viana   <\/p>\n<p>14h \u2013 DJ Ronildo<\/p>\n<p>15h \u2013 Fanfarra Projeto Cidad\u00e3o<\/p>\n<p>16h \u2013 Juan Leonel e Banda<\/p>\n<p>19h \u2013 Show do Bloco Sol Nascente<\/p>\n<p>Pra\u00e7a Santa Rita<\/p>\n<p>15h \u2013 DJ Wanderson<\/p>\n<p>17h30 \u2013 Mistura Nossa<\/p>\n<p>20h \u2013 Velha Guarda do Samba<\/p>\n<p>23h \u2013 CeJoga<\/p>\n<p><strong>Ter\u00e7a-Feira \u2013 (05\/03)<\/strong><\/p>\n<p>Centro Hist\u00f3rico<\/p>\n<p>11h \u2013 Desfile do Bloco Infantil \u201cSambalel\u00ea\u201d \u2013 Banda Alegria<\/p>\n<p>13h30 \u2013 Desfile do Bloco Carnavalesco SORENUSA<\/p>\n<p>14h30 \u2013 Desfile de Blocos Caricatos \u2013 Ranch\u00e3o, Piranhas do Morro, Sapat\u00e3o, Clube dos XV, Tapa na Peteca e Para\u00edso dos Moralistas<\/p>\n<p>19h \u2013 Bloco Afro 13 de maio<\/p>\n<p>20h \u2013 Desfile da Sociedade Recreativa Mirins do Samba<\/p>\n<p>21h \u2013 Bloco Liberais do Samba<\/p>\n<p>21h15 \u2013 Bloco Afro 13 de Maio<\/p>\n<p>Pra\u00e7a Melo Viana    <\/p>\n<p>14h \u2013 DJ Moura<\/p>\n<p>18h \u2013 Vira e Mexe<\/p>\n<p>20h30 \u2013 Vih Ribeiro<\/p>\n<p>23h \u2013 Adelmo e Banda<\/p>\n<p>Pra\u00e7a Santa Rita<\/p>\n<p>14h \u2013 DJ Elio<\/p>\n<p>18h \u2013 Banda Suor e Swing<\/p>\n<p>20h \u2013 Cinara Ribeiro<\/p>\n<p>22h30 \u2013 Dadau e Banda<\/p>\n<p><strong>Carnaval nas Regionais<\/strong><\/p>\n<p>De s\u00e1bado a ter\u00e7a-feira \u2013 das 20h \u00e0 01h<\/p>\n<p>Alvorada<\/p>\n<p>Local: Pra\u00e7a dos Coqueiros<\/p>\n<p>S\u00e1bado \u2013 (02\/03)<\/p>\n<p>18h \u2013 DJ Moura<\/p>\n<p>20h- Amigos do Samba<\/p>\n<p>22h30 \u2013 Ce Joga<\/p>\n<p>Domingo \u2013 (24\/02)<\/p>\n<p>18h \u2013 DJ Elio<\/p>\n<p>20h- Adelmo e Banda<\/p>\n<p>22h30- Swing da Lua<\/p>\n<p>Segunda-Feira \u2013 (04\/03)<\/p>\n<p>18h \u2013 DJ Ronildo<\/p>\n<p>20h- KiSamba Show<\/p>\n<p>22h30 \u2013 Swing do Tapa<\/p>\n<p>Ter\u00e7a-Feira \u2013 (05\/03)<\/p>\n<p>18h \u2013 DJ Maikin<\/p>\n<p>20h- Aerofusca<\/p>\n<p>22h30 \u2013 Mandruv\u00e1<\/p>\n<p>Ravena<\/p>\n<p>Local: Pra\u00e7a N. Sra. Assun\u00e7\u00e3o<\/p>\n<p>S\u00e1bado \u2013 (02\/03)<\/p>\n<p>18h \u2013 DJ Elio<\/p>\n<p>20h- Dadau e Banda<\/p>\n<p>22h30- Swing da Lua<\/p>\n<p>Domingo \u2013 (24\/02)<\/p>\n<p>18h \u2013 DJ Wanderson                          <\/p>\n<p>20h \u2013 Pega\u00e7\u00e3o<\/p>\n<p>22h30- Swing do Tapa<\/p>\n<p>Segunda-Feira \u2013 (04\/03)<\/p>\n<p>18h \u2013 DJ Moura<\/p>\n<p>20h- Samba D\u2019Black<\/p>\n<p>22h30 \u2013 Adelmo e Banda<\/p>\n<p>Ter\u00e7a-Feira \u2013 (05\/03)<\/p>\n<p>18h \u2013 DJ Ronildo<\/p>\n<p>20h- Mistura Nossa<\/p>\n<p>22h30 \u2013 Uai Que Cola<\/p>\n<p>F\u00e1tima                                                                <\/p>\n<p>Local: Pra\u00e7a do Povo.<\/p>\n<p>S\u00e1bado \u2013 (02\/03)<\/p>\n<p>18h \u2013 DJ Ronildo<\/p>\n<p>20h- Pega\u00e7\u00e3o<\/p>\n<p>22h30- Vih Ribeiro<\/p>\n<p>Domingo \u2013 (24\/02)<\/p>\n<p>18h \u2013 DJ Reinaldo                             <\/p>\n<p>20h- KiSamba Show<\/p>\n<p>22h30- Uai que Cola<\/p>\n<p>Segunda-Feira \u2013 (04\/03)<\/p>\n<p>18h \u2013 DJ Elio<\/p>\n<p>20h- Bora L\u00e1<\/p>\n<p>22h30 \u2013 Novo Encontro<\/p>\n<p>Ter\u00e7a-Feira \u2013 (05\/03)<\/p>\n<p>18h \u2013 DJ Wanderson<\/p>\n<p>20h- Samba D\u2019Black<\/p>\n<p>22h30 \u2013 Swing da Lua<\/p>\n<p><strong>Veja tamb\u00e9m:<\/strong><br \/>\n<a href=\"https:\/\/caetenews.com.br\/filmes\/\">Programa\u00e7\u00e3o atualizada dos filmes da semana na TV aberta.<\/a><br \/>\n<a href=\"http:\/\/www.tvnovelas.com.br\/esportes\">Confira tamb\u00e9m a programa\u00e7\u00e3o de futebol ao vivo na TV.\u00a0<\/a><\/p>\n<div class=\"fb-comments\" data-width=\"100%\" data-order-by=\"reverse_time\" data-numposts=\"5\"><\/div>\n","protected":false},"excerpt":{"rendered":"<p>A Prefeitura de Sabar\u00e1 divulgou a programa\u00e7\u00e3o do Carnaval no munic\u00edpio, que inclui tamb\u00e9m a realiza\u00e7\u00e3o do carnaval nas regionais: F\u00e1tima, Alvorada e Ravena. A festa nesses locais acontecer\u00e1 de s\u00e1bado a ter\u00e7a-feira. O Sabar\u00e1 Folia se prop\u00f5e a ser uma festa preparada para toda a fam\u00edlia. O espa\u00e7o para a terceira idade est\u00e1 garantido&#8230;<\/p>\n","protected":false},"author":1,"featured_media":0,"comment_status":"closed","ping_status":"closed","sticky":false,"template":"","format":"standard","meta":{"_monsterinsights_skip_tracking":false,"_monsterinsights_sitenote_active":false,"_monsterinsights_sitenote_note":"","_monsterinsights_sitenote_category":0,"magazine_newspaper_sidebar_layout":"","footnotes":"","jetpack_publicize_message":"","jetpack_publicize_feature_enabled":true,"jetpack_social_post_already_shared":false,"jetpack_social_options":{"image_generator_settings":{"template":"highway","default_image_id":0,"font":"","enabled":false},"version":2}},"categories":[1],"tags":[46],"class_list":["post-2502","post","type-post","status-publish","format-standard","hentry","category-blog","tag-carnaval"],"aioseo_notices":[],"jetpack_publicize_connections":[],"jetpack_featured_media_url":"","jetpack_sharing_enabled":true,"jetpack_likes_enabled":true,"jetpack-related-posts":[],"jetpack_shortlink":"https:\/\/wp.me\/pfB4mB-Em","_links":{"self":[{"href":"https:\/\/tvnovelas.com.br\/news\/wp-json\/wp\/v2\/posts\/2502","targetHints":{"allow":["GET"]}}],"collection":[{"href":"https:\/\/tvnovelas.com.br\/news\/wp-json\/wp\/v2\/posts"}],"about":[{"href":"https:\/\/tvnovelas.com.br\/news\/wp-json\/wp\/v2\/types\/post"}],"author":[{"embeddable":true,"href":"https:\/\/tvnovelas.com.br\/news\/wp-json\/wp\/v2\/users\/1"}],"replies":[{"embeddable":true,"href":"https:\/\/tvnovelas.com.br\/news\/wp-json\/wp\/v2\/comments?post=2502"}],"version-history":[{"count":3,"href":"https:\/\/tvnovelas.com.br\/news\/wp-json\/wp\/v2\/posts\/2502\/revisions"}],"predecessor-version":[{"id":2506,"href":"https:\/\/tvnovelas.com.br\/news\/wp-json\/wp\/v2\/posts\/2502\/revisions\/2506"}],"wp:attachment":[{"href":"https:\/\/tvnovelas.com.br\/news\/wp-json\/wp\/v2\/media?parent=2502"}],"wp:term":[{"taxonomy":"category","embeddable":true,"href":"https:\/\/tvnovelas.com.br\/news\/wp-json\/wp\/v2\/categories?post=2502"},{"taxonomy":"post_tag","embeddable":true,"href":"https:\/\/tvnovelas.com.br\/news\/wp-json\/wp\/v2\/tags?post=2502"}],"curies":[{"name":"wp","href":"https:\/\/api.w.org\/{rel}","templated":true}]}}