{"id":243,"date":"2017-06-21T13:22:02","date_gmt":"2017-06-21T16:22:02","guid":{"rendered":"https:\/\/tvnovelas.com.br\/news\/mundo\/?p=243"},"modified":"2017-06-21T13:27:58","modified_gmt":"2017-06-21T16:27:58","slug":"xi-jubileu-de-sao-joao-batista-termina-sabado","status":"publish","type":"post","link":"https:\/\/tvnovelas.com.br\/news\/xi-jubileu-de-sao-joao-batista-termina-sabado\/","title":{"rendered":"Bar\u00e3o de Cocais: XI Jubileu de S\u00e3o Jo\u00e3o Batista termina s\u00e1bado"},"content":{"rendered":"<p><figure id=\"attachment_244\" aria-describedby=\"caption-attachment-244\" style=\"width: 420px\" class=\"wp-caption alignnone\"><img data-recalc-dims=\"1\" loading=\"lazy\" decoding=\"async\" class=\"wp-image-244 size-full\" title=\"(Foto: Maxsuel Dias\/Comunica\u00e7\u00e3o PMBC)\" src=\"https:\/\/i0.wp.com\/tvnovelas.com.br\/news\/mundo\/wp-content\/uploads\/2017\/06\/ultimas21062017_barao_jubil.jpg?resize=420%2C236&#038;ssl=1\" alt=\"Foto de celebra\u00e7\u00e3o na Matriz Santu\u00e1rio nesta ter\u00e7a, dia 20\" width=\"420\" height=\"236\" srcset=\"https:\/\/i0.wp.com\/tvnovelas.com.br\/news\/wp-content\/uploads\/2017\/06\/ultimas21062017_barao_jubil.jpg?w=420&amp;ssl=1 420w, https:\/\/i0.wp.com\/tvnovelas.com.br\/news\/wp-content\/uploads\/2017\/06\/ultimas21062017_barao_jubil.jpg?resize=300%2C169&amp;ssl=1 300w, https:\/\/i0.wp.com\/tvnovelas.com.br\/news\/wp-content\/uploads\/2017\/06\/ultimas21062017_barao_jubil.jpg?resize=150%2C84&amp;ssl=1 150w\" sizes=\"auto, (max-width: 420px) 100vw, 420px\" \/><figcaption id=\"caption-attachment-244\" class=\"wp-caption-text\">Celebra\u00e7\u00e3o, nesta ter\u00e7a, dia 20<\/figcaption><\/figure><br \/>\nO Jubileu de S\u00e3o Jo\u00e3o Batista, na sua XI edi\u00e7\u00e3o, que come\u00e7ou no dia 15 de junho, terminar\u00e1 neste s\u00e1bado, dia 24, dia do padroeiro do munic\u00edpio e da par\u00f3quia, e feriado municipal. Neste dia, a cidade de Bar\u00e3o de Cocais comemora 74 anos de emancipa\u00e7\u00e3o pol\u00edtico-administrativa e 313 anos de funda\u00e7\u00e3o do antigo arraial de S\u00e3o Jo\u00e3o Batista do Pres\u00eddio do Morro Grande.<br \/>\nA programa\u00e7\u00e3o inclui homenagens ao arcebispo de Mariana, dom Geraldo Lyrio Rocha, por seus 50 anos de sacerd\u00f3cio, ao di\u00e1cono permanente Jos\u00e9 Apolin\u00e1rio dos Santos Filho, pelos seus 20 anos de diaconato, e os padres cocaienses, Jos\u00e9 Nato da Mata e Jos\u00e9 Carlos dos Santos, sobrinho di\u00e1cono Apolin\u00e1rio e vig\u00e1rio episcopal da Arquidiocese de Mariana, pelos seus 25 anos (Bodas de Prata) de ordena\u00e7\u00e3o sacerdotal. A festa do padroeiro do munic\u00edpio, S\u00e3o Jo\u00e3o Batista, que ser\u00e1 realizada no s\u00e1bado, 24, ter\u00e1, durante o dia, atividades recreativas como pau de sebo, quebra potes, luta de travesseiro e porquinho engraxado.<br \/>\n\u00c0s 5h, haver\u00e1 alvorada com a centen\u00e1ria Banda de M\u00fasica Santa Cec\u00edlia, seguida de missas \u00e0s 7h e 9h, com inten\u00e7\u00e3o dos cocaienses ausentes. \u00c0s 10h30, in\u00edcio das atividades recreativas, com encerramento \u00e1s 16h30, e acolhida de romarias das comunidades. \u00c0s 17h, ter\u00e1 a prociss\u00e3o luminosa acompanhada do andor da imagem do santo padroeiro, em madeira de lei do s\u00e9culo XVIII, percorrendo as diversas ruas da cidade, retornando \u00e0 Matriz Santu\u00e1rio de S\u00e3o Jo\u00e3o Batista do Morro Grande, primeiro projeto arquitet\u00f4nico de Aleijadinho. Logo ap\u00f3s, missa campal em frente \u00e0 Matriz Santu\u00e1rio, encerrando as festividades religiosas, com o descendimento do mastro do santo padroeiro, noite de confraterniza\u00e7\u00e3o, espet\u00e1culo pirot\u00e9cnico e show com os cantores sertanejos cocaienses Cl\u00e1udio e Lidiane.<br \/>\nNa v\u00e9spera, sexta-feira, dia 23, os fi\u00e9is atravessam pisando com os p\u00e9s descal\u00e7os, a fogueira de S\u00e3o Jo\u00e3o, no adro da Matriz Santu\u00e1rio. Haver\u00e1 concurso do Casal Caipira 2017, com premia\u00e7\u00e3o de R$ 1 mil, seguido de show com Menina do C\u00e9u.<br \/>\nO ponto alto da festa \u00e9 a queima de fogos na pra\u00e7a, riscando o c\u00e9u e dando-se por encerrada a tradicional festa religiosa do munic\u00edpio. Barraquinhas com as quitandeiras de Cocais, apresenta\u00e7\u00e3o de quadrilhas e diversos shows s\u00e3o a t\u00f4nica do XI Jubileu de S\u00e3o Jo\u00e3o Batista.<br \/>\n<strong><em>*Leonel Marques<\/em><\/strong><\/p>\n<h3>Coment\u00e1rio<\/h3>\n<div class=\"fb-comments\" data-href=\"https:\/\/tvnovelas.com.br\/news\/mundo\/noticias\/243\" data-width=\"100%\" data-numposts=\"10\"><\/div>\n","protected":false},"excerpt":{"rendered":"<p>O Jubileu de S\u00e3o Jo\u00e3o Batista, na sua XI edi\u00e7\u00e3o, que come\u00e7ou no dia 15 de junho, terminar\u00e1 neste s\u00e1bado, dia 24, dia do padroeiro do munic\u00edpio e da par\u00f3quia, e feriado municipal. Neste dia, a cidade de Bar\u00e3o de Cocais comemora 74 anos de emancipa\u00e7\u00e3o pol\u00edtico-administrativa e 313 anos de funda\u00e7\u00e3o do antigo arraial&#8230;<\/p>\n","protected":false},"author":1,"featured_media":0,"comment_status":"closed","ping_status":"closed","sticky":false,"template":"","format":"standard","meta":{"_monsterinsights_skip_tracking":false,"_monsterinsights_sitenote_active":false,"_monsterinsights_sitenote_note":"","_monsterinsights_sitenote_category":0,"magazine_newspaper_sidebar_layout":"","footnotes":"","jetpack_publicize_message":"","jetpack_publicize_feature_enabled":true,"jetpack_social_post_already_shared":false,"jetpack_social_options":{"image_generator_settings":{"template":"highway","default_image_id":0,"font":"","enabled":false},"version":2}},"categories":[1],"tags":[],"class_list":["post-243","post","type-post","status-publish","format-standard","hentry","category-blog"],"aioseo_notices":[],"jetpack_publicize_connections":[],"jetpack_featured_media_url":"","jetpack_sharing_enabled":true,"jetpack_likes_enabled":true,"jetpack-related-posts":[],"jetpack_shortlink":"https:\/\/wp.me\/pfB4mB-3V","_links":{"self":[{"href":"https:\/\/tvnovelas.com.br\/news\/wp-json\/wp\/v2\/posts\/243","targetHints":{"allow":["GET"]}}],"collection":[{"href":"https:\/\/tvnovelas.com.br\/news\/wp-json\/wp\/v2\/posts"}],"about":[{"href":"https:\/\/tvnovelas.com.br\/news\/wp-json\/wp\/v2\/types\/post"}],"author":[{"embeddable":true,"href":"https:\/\/tvnovelas.com.br\/news\/wp-json\/wp\/v2\/users\/1"}],"replies":[{"embeddable":true,"href":"https:\/\/tvnovelas.com.br\/news\/wp-json\/wp\/v2\/comments?post=243"}],"version-history":[{"count":3,"href":"https:\/\/tvnovelas.com.br\/news\/wp-json\/wp\/v2\/posts\/243\/revisions"}],"predecessor-version":[{"id":247,"href":"https:\/\/tvnovelas.com.br\/news\/wp-json\/wp\/v2\/posts\/243\/revisions\/247"}],"wp:attachment":[{"href":"https:\/\/tvnovelas.com.br\/news\/wp-json\/wp\/v2\/media?parent=243"}],"wp:term":[{"taxonomy":"category","embeddable":true,"href":"https:\/\/tvnovelas.com.br\/news\/wp-json\/wp\/v2\/categories?post=243"},{"taxonomy":"post_tag","embeddable":true,"href":"https:\/\/tvnovelas.com.br\/news\/wp-json\/wp\/v2\/tags?post=243"}],"curies":[{"name":"wp","href":"https:\/\/api.w.org\/{rel}","templated":true}]}}