{"id":2389,"date":"2019-01-16T12:17:24","date_gmt":"2019-01-16T14:17:24","guid":{"rendered":"https:\/\/tvnovelas.com.br\/news\/mundo\/?p=2389"},"modified":"2019-01-16T12:17:24","modified_gmt":"2019-01-16T14:17:24","slug":"memorial-do-vinho-de-catas-altas-recebe-tonel-do-caraca","status":"publish","type":"post","link":"https:\/\/tvnovelas.com.br\/news\/memorial-do-vinho-de-catas-altas-recebe-tonel-do-caraca\/","title":{"rendered":"Memorial do Vinho de Catas Altas recebe tonel do Cara\u00e7a"},"content":{"rendered":"<p><a href=\"https:\/\/tvnovelas.com.br\/news\/mundo\/wp-content\/uploads\/2019\/01\/ultimas160119_toneiscatasal.jpg\"><\/a><a href=\"https:\/\/i0.wp.com\/tvnovelas.com.br\/news\/mundo\/wp-content\/uploads\/2019\/01\/ultimas160119_toneiscatasal.jpg?ssl=1\"><img data-recalc-dims=\"1\" loading=\"lazy\" decoding=\"async\" class=\"alignnone wp-image-2390 size-full\" title=\"(Foto: Prefeitura de Catas Altas)\" src=\"https:\/\/i0.wp.com\/tvnovelas.com.br\/news\/mundo\/wp-content\/uploads\/2019\/01\/ultimas160119_toneiscatasal.jpg?resize=500%2C375&#038;ssl=1\" alt=\"foto de toneis doados\" width=\"500\" height=\"375\" srcset=\"https:\/\/i0.wp.com\/tvnovelas.com.br\/news\/wp-content\/uploads\/2019\/01\/ultimas160119_toneiscatasal.jpg?w=500&amp;ssl=1 500w, https:\/\/i0.wp.com\/tvnovelas.com.br\/news\/wp-content\/uploads\/2019\/01\/ultimas160119_toneiscatasal.jpg?resize=300%2C225&amp;ssl=1 300w\" sizes=\"auto, (max-width: 500px) 100vw, 500px\" \/><\/a><br \/>\nA cidade de Catas Altas recebeu na semana passada, do Santu\u00e1rio do Cara\u00e7a, a doa\u00e7\u00e3o de dois ton\u00e9is de madeira usados na adega caracense para fabrica\u00e7\u00e3o de vinhos. O ton\u00e9is, v\u00e3o fazer parte do acervo do Memorial do vinho que est\u00e1 sendo criado no munic\u00edpio e que ir\u00e1 funcionar no Centro Cultural Tenente-Coronel John Emery, descendente dos ingleses que vieram da Cornualha (Sul da Inglaterra) para trabalhar nas minas de ouro do Gongo S\u00f4co, em Bar\u00e3o de Cocais.<br \/>\nA doa\u00e7\u00e3o dos ton\u00e9is da adega caracense foi feita por interm\u00e9dio do diretor administrativo do Cara\u00e7a, padre Lu\u00eds do Valle Fund\u00e3o. O Memorial do Vinho tem como objetivo resgatar e divulgar a tradi\u00e7\u00e3o do munic\u00edpio na produ\u00e7\u00e3o de vinho, que remete ao s\u00e9culo XIX, quando as minas de ouro se esgotaram. Naquela \u00e9poca, por volta de 1868, chegou a Catas Altas, o monsenhor Manuel Mendes Pereira de Vasconcellos para ser o vig\u00e1rio do arraial. Logo ap\u00f3s a chegada ao distrito de Catas Altas, ele percebeu a aus\u00eancia de qualquer forma de cultura de subsist\u00eancia na localidade hist\u00f3rica fundada pelos bandeirantes paulista sem 1702. Ent\u00e3o ao vig\u00e1rio monsenhor Mendes orienta a popula\u00e7\u00e3o de Catas Altas a plantar videiras para produ\u00e7\u00e3o de vinho, transformando o lugar em refer\u00eancia estadual e nacional como produtor de vinho.<br \/>\nTodos os anos, no m\u00eas de maio, a Prefeitura de Catas Altas promove o Festival do Vinho, trazendo visitantes e turistas, inclusive estrangeiros que se hospedam no Santu\u00e1rio do Cara\u00e7a. Para o chefe do Departamento Municipal de Cultura, professor Eder Ayres Siqueira, o Memorial do Vinho de Catas Altas, poder\u00e1 ser visitado por alunos das escolas p\u00fablicas da regi\u00e3o do Cara\u00e7a e da comunidade catasaltense, que propiciar\u00e1 aprender um pouco sobre a produ\u00e7\u00e3o de vinho, que tanta proje\u00e7\u00e3o e divulga\u00e7\u00e3o obteve a cidade de Catas Altas, ber\u00e7o do Santu\u00e1rio do Cara\u00e7a.<br \/>\n<em><strong>*Leonel Marques<\/strong><\/em><\/p>\n<h3>Coment\u00e1rio<\/h3>\n<div class=\"fb-comments\" data-width=\"100%\" data-order-by=\"reverse_time\" data-numposts=\"3\"><\/div>\n","protected":false},"excerpt":{"rendered":"<p>A cidade de Catas Altas recebeu na semana passada, do Santu\u00e1rio do Cara\u00e7a, a doa\u00e7\u00e3o de dois ton\u00e9is de madeira usados na adega caracense para fabrica\u00e7\u00e3o de vinhos. O ton\u00e9is, v\u00e3o fazer parte do acervo do Memorial do vinho que est\u00e1 sendo criado no munic\u00edpio e que ir\u00e1 funcionar no Centro Cultural Tenente-Coronel John Emery,&#8230;<\/p>\n","protected":false},"author":1,"featured_media":0,"comment_status":"closed","ping_status":"closed","sticky":false,"template":"","format":"standard","meta":{"_monsterinsights_skip_tracking":false,"_monsterinsights_sitenote_active":false,"_monsterinsights_sitenote_note":"","_monsterinsights_sitenote_category":0,"magazine_newspaper_sidebar_layout":"","footnotes":"","jetpack_publicize_message":"","jetpack_publicize_feature_enabled":true,"jetpack_social_post_already_shared":false,"jetpack_social_options":{"image_generator_settings":{"template":"highway","default_image_id":0,"font":"","enabled":false},"version":2}},"categories":[1],"tags":[],"class_list":["post-2389","post","type-post","status-publish","format-standard","hentry","category-blog"],"aioseo_notices":[],"jetpack_publicize_connections":[],"jetpack_featured_media_url":"","jetpack_sharing_enabled":true,"jetpack_likes_enabled":true,"jetpack-related-posts":[],"jetpack_shortlink":"https:\/\/wp.me\/pfB4mB-Cx","_links":{"self":[{"href":"https:\/\/tvnovelas.com.br\/news\/wp-json\/wp\/v2\/posts\/2389","targetHints":{"allow":["GET"]}}],"collection":[{"href":"https:\/\/tvnovelas.com.br\/news\/wp-json\/wp\/v2\/posts"}],"about":[{"href":"https:\/\/tvnovelas.com.br\/news\/wp-json\/wp\/v2\/types\/post"}],"author":[{"embeddable":true,"href":"https:\/\/tvnovelas.com.br\/news\/wp-json\/wp\/v2\/users\/1"}],"replies":[{"embeddable":true,"href":"https:\/\/tvnovelas.com.br\/news\/wp-json\/wp\/v2\/comments?post=2389"}],"version-history":[{"count":1,"href":"https:\/\/tvnovelas.com.br\/news\/wp-json\/wp\/v2\/posts\/2389\/revisions"}],"predecessor-version":[{"id":2391,"href":"https:\/\/tvnovelas.com.br\/news\/wp-json\/wp\/v2\/posts\/2389\/revisions\/2391"}],"wp:attachment":[{"href":"https:\/\/tvnovelas.com.br\/news\/wp-json\/wp\/v2\/media?parent=2389"}],"wp:term":[{"taxonomy":"category","embeddable":true,"href":"https:\/\/tvnovelas.com.br\/news\/wp-json\/wp\/v2\/categories?post=2389"},{"taxonomy":"post_tag","embeddable":true,"href":"https:\/\/tvnovelas.com.br\/news\/wp-json\/wp\/v2\/tags?post=2389"}],"curies":[{"name":"wp","href":"https:\/\/api.w.org\/{rel}","templated":true}]}}