{"id":2213,"date":"2018-11-12T10:26:31","date_gmt":"2018-11-12T12:26:31","guid":{"rendered":"https:\/\/tvnovelas.com.br\/news\/mundo\/?p=2213"},"modified":"2018-11-12T13:26:02","modified_gmt":"2018-11-12T15:26:02","slug":"calendario2019-escolas-estaduais-terao-inicio-das-aulas-no-dia-7-de-fevereiro","status":"publish","type":"post","link":"https:\/\/tvnovelas.com.br\/news\/calendario2019-escolas-estaduais-terao-inicio-das-aulas-no-dia-7-de-fevereiro\/","title":{"rendered":"Calend\u00e1rio2019: Escolas estaduais ter\u00e3o in\u00edcio das aulas no dia 7 de fevereiro"},"content":{"rendered":"<p><a href=\"https:\/\/i0.wp.com\/tvnovelas.com.br\/news\/mundo\/wp-content\/uploads\/2018\/11\/ultimas121118_calendario.jpg?ssl=1\"><img data-recalc-dims=\"1\" loading=\"lazy\" decoding=\"async\" class=\"alignnone wp-image-2214 size-full\" src=\"https:\/\/i0.wp.com\/tvnovelas.com.br\/news\/mundo\/wp-content\/uploads\/2018\/11\/ultimas121118_calendario.jpg?resize=450%2C300&#038;ssl=1\" alt=\"Foto imagem de calend\u00e1rio\" width=\"450\" height=\"300\" srcset=\"https:\/\/i0.wp.com\/tvnovelas.com.br\/news\/wp-content\/uploads\/2018\/11\/ultimas121118_calendario.jpg?w=450&amp;ssl=1 450w, https:\/\/i0.wp.com\/tvnovelas.com.br\/news\/wp-content\/uploads\/2018\/11\/ultimas121118_calendario.jpg?resize=300%2C200&amp;ssl=1 300w\" sizes=\"auto, (max-width: 450px) 100vw, 450px\" \/><\/a><br \/>\nA Secretaria de Estado de Educa\u00e7\u00e3o (SEE) publicou, no Di\u00e1rio Oficial Minas Gerais de sexta-feira (9\/11), a Resolu\u00e7\u00e3o SEE n\u00ba 3.999, que estabelece, para a Rede P\u00fablica Estadual de Educa\u00e7\u00e3o B\u00e1sica, o calend\u00e1rio escolar para o ano de 2019.<\/p>\n<p>De acordo com o documento, o ano escolar ter\u00e1 in\u00edcio no dia 4 de fevereiro, ou seja, a partir deste dia professores, especialistas, diretores e demais servidores j\u00e1 estar\u00e3o presentes nas escolas estaduais para planejar as atividades que ser\u00e3o desenvolvidas nos primeiros dias de aula. J\u00e1 o ano letivo, com o in\u00edcio das aulas a todos os estudantes, come\u00e7ar\u00e1 no dia 7 de fevereiro. O ano letivo se encerrar\u00e1 no dia 13 de dezembro e o ano escolar no dia 18 do mesmo m\u00eas.<\/p>\n<p>O calend\u00e1rio escolar para o ano letivo de 2019, respeitadas as normas legais, deve ser elaborado pela Comunidade Escolar, discutido com os servidores, estudantes e pais de estudantes e aprovado pelo Colegiado Escolar, com ampla divulga\u00e7\u00e3o e encaminhado para a Superintend\u00eancia Regional de Ensino (SRE), que dever\u00e1 homologar e supervisionar o cumprimento das atividades nele previstas, de acordo com as normas da SEE.<\/p>\n<p>A constru\u00e7\u00e3o do calend\u00e1rio tamb\u00e9m dever\u00e1 contar com a participa\u00e7\u00e3o das outras escolas estaduais de um mesmo munic\u00edpio e, se poss\u00edvel, com as escolas municipais, sempre respeitando a autonomia da rede municipal e resguardando o interesse dos estudantes, as especifica\u00e7\u00f5es locais e viabilizando o melhor gerenciamento do transporte escolar.<\/p>\n<p>Datas<br \/>\nO calend\u00e1rio escolar em 2019 deve prever, no m\u00ednimo, 200 dias letivos e carga hor\u00e1ria m\u00ednima de 800 horas para os anos iniciais do ensino fundamental e ensino m\u00e9dio noturno e 833 horas e 20 minutos para os anos finais do ensino fundamental e ensino m\u00e9dio diurno.<\/p>\n<p>De acordo com a Resolu\u00e7\u00e3o, o ano letivo se encerrar\u00e1 no dia 13 de dezembro e o ano escolar no dia 18 do mesmo m\u00eas. O per\u00edodo de 19 a 26 de junho ser\u00e1 destinado \u00e0s atividades da Semana Estadual de Preven\u00e7\u00e3o \u00e0s Drogas. Do dia 1\u00ba a 5 de julho dever\u00e3o ser realizadas as atividades voltadas para o fortalecimento da cultura de preven\u00e7\u00e3o de acidentes nas escolas e comunidade escolar. J\u00e1 21 de setembro (s\u00e1bado) ser\u00e1 dia letivo destinado \u00e0s atividades da \u201cVirada Educa\u00e7\u00e3o Minas Gerais\u201d.<\/p>\n<p>Al\u00e9m disso, o dia 23 de novembro (s\u00e1bado) ser\u00e1 letivo, destinado \u00e0 realiza\u00e7\u00e3o de Feira de Ci\u00eancias nas escolas estaduais de ensino fundamental e m\u00e9dio; da Mostra de Trabalhos realizados pela disciplina \u201cDiversidade, Inclus\u00e3o e Mundo do Trabalho (DIM)\u201d, do ensino m\u00e9dio regular e na Educa\u00e7\u00e3o de Jovens e Adultos (EJA) noturno; \u201cDiversidade, Inclus\u00e3o e Forma\u00e7\u00e3o para a Cidadania (DIC)\u201d, da Educa\u00e7\u00e3o de Jovens e Adultos do ensino fundamental noturno; e Mostra de Trabalhos dos estudantes dos Centros Estaduais de Educa\u00e7\u00e3o Continuada (Cesec) e dos conservat\u00f3rios de m\u00fasica.<\/p>\n<p>O per\u00edodo de 18 a 22 de novembro ser\u00e1 destinado \u00e0s atividades da \u201cSemana de Educa\u00e7\u00e3o para a Vida\u201d e o dia 7 de dezembro (s\u00e1bado) ser\u00e1 letivo destinado \u00e0 realiza\u00e7\u00e3o de Assembleia Escolar para a Presta\u00e7\u00e3o de Contas da Gest\u00e3o Escolar.<\/p>\n<h3>Coment\u00e1rio<\/h3>\n<div class=\"fb-comments\" data-href=\"https:\/\/tvnovelas.com.br\/news\/mundo\/noticias\/2213\" data-width=\"100%\" data-order-by=\"reverse_time\" data-numposts=\"10\"><\/div>\n","protected":false},"excerpt":{"rendered":"<p>A Secretaria de Estado de Educa\u00e7\u00e3o (SEE) publicou, no Di\u00e1rio Oficial Minas Gerais de sexta-feira (9\/11), a Resolu\u00e7\u00e3o SEE n\u00ba 3.999, que estabelece, para a Rede P\u00fablica Estadual de Educa\u00e7\u00e3o B\u00e1sica, o calend\u00e1rio escolar para o ano de 2019. De acordo com o documento, o ano escolar ter\u00e1 in\u00edcio no dia 4 de fevereiro, ou&#8230;<\/p>\n","protected":false},"author":1,"featured_media":0,"comment_status":"closed","ping_status":"closed","sticky":false,"template":"","format":"standard","meta":{"_monsterinsights_skip_tracking":false,"_monsterinsights_sitenote_active":false,"_monsterinsights_sitenote_note":"","_monsterinsights_sitenote_category":0,"magazine_newspaper_sidebar_layout":"","footnotes":"","jetpack_publicize_message":"","jetpack_publicize_feature_enabled":true,"jetpack_social_post_already_shared":false,"jetpack_social_options":{"image_generator_settings":{"template":"highway","default_image_id":0,"font":"","enabled":false},"version":2}},"categories":[1],"tags":[26],"class_list":["post-2213","post","type-post","status-publish","format-standard","hentry","category-blog","tag-educacao"],"aioseo_notices":[],"jetpack_publicize_connections":[],"jetpack_featured_media_url":"","jetpack_sharing_enabled":true,"jetpack_likes_enabled":true,"jetpack-related-posts":[],"jetpack_shortlink":"https:\/\/wp.me\/pfB4mB-zH","_links":{"self":[{"href":"https:\/\/tvnovelas.com.br\/news\/wp-json\/wp\/v2\/posts\/2213","targetHints":{"allow":["GET"]}}],"collection":[{"href":"https:\/\/tvnovelas.com.br\/news\/wp-json\/wp\/v2\/posts"}],"about":[{"href":"https:\/\/tvnovelas.com.br\/news\/wp-json\/wp\/v2\/types\/post"}],"author":[{"embeddable":true,"href":"https:\/\/tvnovelas.com.br\/news\/wp-json\/wp\/v2\/users\/1"}],"replies":[{"embeddable":true,"href":"https:\/\/tvnovelas.com.br\/news\/wp-json\/wp\/v2\/comments?post=2213"}],"version-history":[{"count":4,"href":"https:\/\/tvnovelas.com.br\/news\/wp-json\/wp\/v2\/posts\/2213\/revisions"}],"predecessor-version":[{"id":2218,"href":"https:\/\/tvnovelas.com.br\/news\/wp-json\/wp\/v2\/posts\/2213\/revisions\/2218"}],"wp:attachment":[{"href":"https:\/\/tvnovelas.com.br\/news\/wp-json\/wp\/v2\/media?parent=2213"}],"wp:term":[{"taxonomy":"category","embeddable":true,"href":"https:\/\/tvnovelas.com.br\/news\/wp-json\/wp\/v2\/categories?post=2213"},{"taxonomy":"post_tag","embeddable":true,"href":"https:\/\/tvnovelas.com.br\/news\/wp-json\/wp\/v2\/tags?post=2213"}],"curies":[{"name":"wp","href":"https:\/\/api.w.org\/{rel}","templated":true}]}}