{"id":204,"date":"2017-06-07T13:22:45","date_gmt":"2017-06-07T16:22:45","guid":{"rendered":"https:\/\/tvnovelas.com.br\/news\/mundo\/?p=204"},"modified":"2017-06-07T13:22:45","modified_gmt":"2017-06-07T16:22:45","slug":"barao-de-cocais-praca-de-esportes-da-lagoa-passa-por-ampla-reforma","status":"publish","type":"post","link":"https:\/\/tvnovelas.com.br\/news\/barao-de-cocais-praca-de-esportes-da-lagoa-passa-por-ampla-reforma\/","title":{"rendered":"Bar\u00e3o de Cocais: Pra\u00e7a de esportes da Lagoa passa por ampla reforma"},"content":{"rendered":"<p><img data-recalc-dims=\"1\" loading=\"lazy\" decoding=\"async\" class=\"alignnone wp-image-205 size-full\" title=\"(Foto: Comunica\u00e7\u00e3o\/PMBC)\" src=\"https:\/\/i0.wp.com\/tvnovelas.com.br\/news\/mundo\/wp-content\/uploads\/2017\/06\/ultimas07062017_barao_lagoa.jpg?resize=420%2C236&#038;ssl=1\" alt=\"Foto de vista externa dos vesti\u00e1rios do est\u00e1dio da Lagoa\" width=\"420\" height=\"236\" srcset=\"https:\/\/i0.wp.com\/tvnovelas.com.br\/news\/wp-content\/uploads\/2017\/06\/ultimas07062017_barao_lagoa.jpg?w=420&amp;ssl=1 420w, https:\/\/i0.wp.com\/tvnovelas.com.br\/news\/wp-content\/uploads\/2017\/06\/ultimas07062017_barao_lagoa.jpg?resize=300%2C169&amp;ssl=1 300w, https:\/\/i0.wp.com\/tvnovelas.com.br\/news\/wp-content\/uploads\/2017\/06\/ultimas07062017_barao_lagoa.jpg?resize=150%2C84&amp;ssl=1 150w\" sizes=\"auto, (max-width: 420px) 100vw, 420px\" \/><br \/>\nOs vesti\u00e1rios do campo de futebol na pra\u00e7a da Lagoa, no bairro do mesmo nome, em Bar\u00e3o de Cocais, est\u00e3o sem condi\u00e7\u00f5es de uso, devido a a\u00e7\u00e3o dos v\u00e2ndalos. Banheiros desativados, bebedouro quebrado e falta de ilumina\u00e7\u00e3o, s\u00e3o realidades que afastam a popula\u00e7\u00e3o e desportistas do espa\u00e7o e ser\u00e3o reformados pela Prefeitura de Bar\u00e3o de Cocais.<br \/>\nA Prefeitura faz manuten\u00e7\u00e3o constante, mas infelizmente o local \u00e9 frequentemente alvo de destrui\u00e7\u00e3o e torna-se necess\u00e1ria a reforma completa.<br \/>\nUma limpeza da \u00e1rea ser\u00e1 executada pela Secretaria Municipal do Meio Ambiente. O chefe de Vigil\u00e2ncia da Prefeitura, Douglas Washington, lamenta a destrui\u00e7\u00e3o do bem p\u00fablico pelos v\u00e2ndalos do bairro. Depois dos servi\u00e7os de melhoria conclu\u00eddos, um vigia da Prefeitura estar\u00e1 no local para garantir a preserva\u00e7\u00e3o da Pra\u00e7a da lagoa, conhecida como Pra\u00e7a Delfina \u00c2ngelo.<br \/>\n<strong><em>*Leonel Marques<\/em><\/strong><\/p>\n<h3>Coment\u00e1rio<\/h3>\n<div class=\"fb-comments\" data-href=\"https:\/\/tvnovelas.com.br\/news\/mundo\/noticias\/204\" data-width=\"100%\" data-numposts=\"10\"><\/div>\n","protected":false},"excerpt":{"rendered":"<p>Os vesti\u00e1rios do campo de futebol na pra\u00e7a da Lagoa, no bairro do mesmo nome, em Bar\u00e3o de Cocais, est\u00e3o sem condi\u00e7\u00f5es de uso, devido a a\u00e7\u00e3o dos v\u00e2ndalos. Banheiros desativados, bebedouro quebrado e falta de ilumina\u00e7\u00e3o, s\u00e3o realidades que afastam a popula\u00e7\u00e3o e desportistas do espa\u00e7o e ser\u00e3o reformados pela Prefeitura de Bar\u00e3o de&#8230;<\/p>\n","protected":false},"author":1,"featured_media":0,"comment_status":"closed","ping_status":"closed","sticky":false,"template":"","format":"standard","meta":{"_monsterinsights_skip_tracking":false,"_monsterinsights_sitenote_active":false,"_monsterinsights_sitenote_note":"","_monsterinsights_sitenote_category":0,"magazine_newspaper_sidebar_layout":"","footnotes":"","jetpack_publicize_message":"","jetpack_publicize_feature_enabled":true,"jetpack_social_post_already_shared":false,"jetpack_social_options":{"image_generator_settings":{"template":"highway","default_image_id":0,"font":"","enabled":false},"version":2}},"categories":[1],"tags":[],"class_list":["post-204","post","type-post","status-publish","format-standard","hentry","category-blog"],"aioseo_notices":[],"jetpack_publicize_connections":[],"jetpack_featured_media_url":"","jetpack_sharing_enabled":true,"jetpack_likes_enabled":true,"jetpack-related-posts":[],"jetpack_shortlink":"https:\/\/wp.me\/pfB4mB-3i","_links":{"self":[{"href":"https:\/\/tvnovelas.com.br\/news\/wp-json\/wp\/v2\/posts\/204","targetHints":{"allow":["GET"]}}],"collection":[{"href":"https:\/\/tvnovelas.com.br\/news\/wp-json\/wp\/v2\/posts"}],"about":[{"href":"https:\/\/tvnovelas.com.br\/news\/wp-json\/wp\/v2\/types\/post"}],"author":[{"embeddable":true,"href":"https:\/\/tvnovelas.com.br\/news\/wp-json\/wp\/v2\/users\/1"}],"replies":[{"embeddable":true,"href":"https:\/\/tvnovelas.com.br\/news\/wp-json\/wp\/v2\/comments?post=204"}],"version-history":[{"count":1,"href":"https:\/\/tvnovelas.com.br\/news\/wp-json\/wp\/v2\/posts\/204\/revisions"}],"predecessor-version":[{"id":206,"href":"https:\/\/tvnovelas.com.br\/news\/wp-json\/wp\/v2\/posts\/204\/revisions\/206"}],"wp:attachment":[{"href":"https:\/\/tvnovelas.com.br\/news\/wp-json\/wp\/v2\/media?parent=204"}],"wp:term":[{"taxonomy":"category","embeddable":true,"href":"https:\/\/tvnovelas.com.br\/news\/wp-json\/wp\/v2\/categories?post=204"},{"taxonomy":"post_tag","embeddable":true,"href":"https:\/\/tvnovelas.com.br\/news\/wp-json\/wp\/v2\/tags?post=204"}],"curies":[{"name":"wp","href":"https:\/\/api.w.org\/{rel}","templated":true}]}}