{"id":2025,"date":"2018-09-26T12:09:35","date_gmt":"2018-09-26T15:09:35","guid":{"rendered":"https:\/\/tvnovelas.com.br\/news\/mundo\/?p=2025"},"modified":"2018-09-26T12:15:06","modified_gmt":"2018-09-26T15:15:06","slug":"mpmg-inaugura-nova-sede-em-imovel-historico-restaurado-pela-instituicao","status":"publish","type":"post","link":"https:\/\/tvnovelas.com.br\/news\/mpmg-inaugura-nova-sede-em-imovel-historico-restaurado-pela-instituicao\/","title":{"rendered":"MPMG inaugura nova sede em im\u00f3vel hist\u00f3rico restaurado pela institui\u00e7\u00e3o"},"content":{"rendered":"<figure id=\"attachment_2026\" aria-describedby=\"caption-attachment-2026\" style=\"width: 600px\" class=\"wp-caption aligncenter\"><img data-recalc-dims=\"1\" loading=\"lazy\" decoding=\"async\" class=\"wp-image-2026 size-full\" title=\"(Foto: MPMG\/Banco de imagens)\" src=\"https:\/\/i0.wp.com\/tvnovelas.com.br\/news\/mundo\/wp-content\/uploads\/2018\/09\/ultimas260918_caeteprediomp.jpg?resize=600%2C300&#038;ssl=1\" alt=\"Foto do pr\u00e9dio restaurado\" width=\"600\" height=\"300\" srcset=\"https:\/\/i0.wp.com\/tvnovelas.com.br\/news\/wp-content\/uploads\/2018\/09\/ultimas260918_caeteprediomp.jpg?w=600&amp;ssl=1 600w, https:\/\/i0.wp.com\/tvnovelas.com.br\/news\/wp-content\/uploads\/2018\/09\/ultimas260918_caeteprediomp.jpg?resize=300%2C150&amp;ssl=1 300w\" sizes=\"auto, (max-width: 600px) 100vw, 600px\" \/><figcaption id=\"caption-attachment-2026\" class=\"wp-caption-text\">Pr\u00e9dio da antiga Prefeitura e mais recentemente da Biblioteca P\u00fablica, totalmente restaurado pelo Minist\u00e9rio P\u00fablico de Mina Gerais<\/figcaption><\/figure>\n<p>Foi inaugurada nesta segunda-feira, 24 de setembro, a nova sede das Promotorias de Justi\u00e7a de Caet\u00e9. Ela ocupa um im\u00f3vel hist\u00f3rico, na pra\u00e7a Jo\u00e3o Pinheiro, onde funcionou a Biblioteca P\u00fablica, que foi totalmente restaurado pelo Minist\u00e9rio P\u00fablico de Minas Gerais (MPMG).<\/p>\n<p>O im\u00f3vel onde agora est\u00e1 instalada a sede do MPMG foi tombado no \u00e2mbito municipal pelas suas caracter\u00edsticas de edifica\u00e7\u00e3o colonial. No decorrer das interven\u00e7\u00f5es, foram observadas pelos engenheiros e arquitetos as caracter\u00edsticas originais do edif\u00edcio.<\/p>\n<p>C\u00e9lia Corsino, superintendente do Instituto do Patrim\u00f4nio Hist\u00f3rico e Art\u00edstico Nacional (Iphan) em Minas Gerais, considera a restaura\u00e7\u00e3o realizada em Caet\u00e9 um exemplo para outros donos de edifica\u00e7\u00f5es tombadas e institui\u00e7\u00f5es que t\u00eam condi\u00e7\u00f5es de trabalhos semelhantes. \u201cO que foi feito aqui mostra a total possibilidade de se dar a um im\u00f3vel antigo um uso absolutamente atual. \u00c9 uma a\u00e7\u00e3o fundamental que mostra caminharmos de m\u00e3os dadas visando a preserva\u00e7\u00e3o do patrim\u00f4nio cultural\u201d, concluiu C\u00e9lia.<\/p>\n<h3>Coment\u00e1rio<\/h3>\n<div class=\"fb-comments\" data-href=\"https:\/\/tvnovelas.com.br\/news\/mundo\/noticias\/2025\" data-width=\"100%\" data-order-by=\"reverse_time\" data-numposts=\"10\"><\/div>\n","protected":false},"excerpt":{"rendered":"<p>Foi inaugurada nesta segunda-feira, 24 de setembro, a nova sede das Promotorias de Justi\u00e7a de Caet\u00e9. Ela ocupa um im\u00f3vel hist\u00f3rico, na pra\u00e7a Jo\u00e3o Pinheiro, onde funcionou a Biblioteca P\u00fablica, que foi totalmente restaurado pelo Minist\u00e9rio P\u00fablico de Minas Gerais (MPMG). O im\u00f3vel onde agora est\u00e1 instalada a sede do MPMG foi tombado no \u00e2mbito&#8230;<\/p>\n","protected":false},"author":1,"featured_media":2026,"comment_status":"closed","ping_status":"closed","sticky":false,"template":"","format":"standard","meta":{"_monsterinsights_skip_tracking":false,"_monsterinsights_sitenote_active":false,"_monsterinsights_sitenote_note":"","_monsterinsights_sitenote_category":0,"magazine_newspaper_sidebar_layout":"","footnotes":"","jetpack_publicize_message":"","jetpack_publicize_feature_enabled":true,"jetpack_social_post_already_shared":false,"jetpack_social_options":{"image_generator_settings":{"template":"highway","default_image_id":0,"font":"","enabled":false},"version":2}},"categories":[1],"tags":[],"class_list":["post-2025","post","type-post","status-publish","format-standard","has-post-thumbnail","hentry","category-blog"],"aioseo_notices":[],"jetpack_publicize_connections":[],"jetpack_featured_media_url":"https:\/\/i0.wp.com\/tvnovelas.com.br\/news\/wp-content\/uploads\/2018\/09\/ultimas260918_caeteprediomp.jpg?fit=600%2C300&ssl=1","jetpack_sharing_enabled":true,"jetpack_likes_enabled":true,"jetpack-related-posts":[],"jetpack_shortlink":"https:\/\/wp.me\/pfB4mB-wF","_links":{"self":[{"href":"https:\/\/tvnovelas.com.br\/news\/wp-json\/wp\/v2\/posts\/2025","targetHints":{"allow":["GET"]}}],"collection":[{"href":"https:\/\/tvnovelas.com.br\/news\/wp-json\/wp\/v2\/posts"}],"about":[{"href":"https:\/\/tvnovelas.com.br\/news\/wp-json\/wp\/v2\/types\/post"}],"author":[{"embeddable":true,"href":"https:\/\/tvnovelas.com.br\/news\/wp-json\/wp\/v2\/users\/1"}],"replies":[{"embeddable":true,"href":"https:\/\/tvnovelas.com.br\/news\/wp-json\/wp\/v2\/comments?post=2025"}],"version-history":[{"count":4,"href":"https:\/\/tvnovelas.com.br\/news\/wp-json\/wp\/v2\/posts\/2025\/revisions"}],"predecessor-version":[{"id":2030,"href":"https:\/\/tvnovelas.com.br\/news\/wp-json\/wp\/v2\/posts\/2025\/revisions\/2030"}],"wp:featuredmedia":[{"embeddable":true,"href":"https:\/\/tvnovelas.com.br\/news\/wp-json\/wp\/v2\/media\/2026"}],"wp:attachment":[{"href":"https:\/\/tvnovelas.com.br\/news\/wp-json\/wp\/v2\/media?parent=2025"}],"wp:term":[{"taxonomy":"category","embeddable":true,"href":"https:\/\/tvnovelas.com.br\/news\/wp-json\/wp\/v2\/categories?post=2025"},{"taxonomy":"post_tag","embeddable":true,"href":"https:\/\/tvnovelas.com.br\/news\/wp-json\/wp\/v2\/tags?post=2025"}],"curies":[{"name":"wp","href":"https:\/\/api.w.org\/{rel}","templated":true}]}}