{"id":1993,"date":"2018-09-19T12:45:54","date_gmt":"2018-09-19T15:45:54","guid":{"rendered":"https:\/\/tvnovelas.com.br\/news\/mundo\/?p=1993"},"modified":"2018-09-19T12:47:50","modified_gmt":"2018-09-19T15:47:50","slug":"equipe-de-santa-barbara-e-campea-da-v-copa-de-artes-marciais","status":"publish","type":"post","link":"https:\/\/tvnovelas.com.br\/news\/equipe-de-santa-barbara-e-campea-da-v-copa-de-artes-marciais\/","title":{"rendered":"Equipe de Santa B\u00e1rbara \u00e9 campe\u00e3 da V Copa de Artes Marciais"},"content":{"rendered":"<p><img data-recalc-dims=\"1\" loading=\"lazy\" decoding=\"async\" class=\"alignnone wp-image-1994 size-full\" title=\"Foto: Prefeitura de Santa B\u00e1rbara\/Comunica\u00e7\u00e3o))\" src=\"https:\/\/i0.wp.com\/tvnovelas.com.br\/news\/mundo\/wp-content\/uploads\/2018\/09\/ultimas190918_sbtaekwondo.jpg?resize=600%2C300&#038;ssl=1\" alt=\"foto de momento do evento\" width=\"600\" height=\"300\" srcset=\"https:\/\/i0.wp.com\/tvnovelas.com.br\/news\/wp-content\/uploads\/2018\/09\/ultimas190918_sbtaekwondo.jpg?w=600&amp;ssl=1 600w, https:\/\/i0.wp.com\/tvnovelas.com.br\/news\/wp-content\/uploads\/2018\/09\/ultimas190918_sbtaekwondo.jpg?resize=300%2C150&amp;ssl=1 300w\" sizes=\"auto, (max-width: 600px) 100vw, 600px\" \/><br \/>\nNo \u00faltimo fim de semana a V Copa Santa B\u00e1rbara de Artes Marciais agitou o gin\u00e1sio do Centro Esportivo (Cesb), com disputas de taekwondo e jiu-jitsu. Al\u00e9m da anfitri\u00e3, que venceu a competi\u00e7\u00e3o, a disputa reuniu equipes de Alvin\u00f3polis, Bar\u00e3o de Cocais, Bom Jesus do Amparo e Sabar\u00e1.<\/p>\n<p>A classifica\u00e7\u00e3o geral foi a seguinte: equipe Marcondes Vital &#8211; Santa B\u00e1rbara (1\u00ba), equipe S\u00edlvio &#8211; Bar\u00e3o de Cocais (2\u00ba), equipe Willian Sedmar &#8211; Alvin\u00f3polis (3\u00ba), equipe Paulo Pratique &#8211; Bom Jesus do Amparo (4\u00ba), equipe Maicon &#8211; Bar\u00e3o de Cocais (5\u00ba) e equipe Cristiano Ara\u00fajo &#8211; Sabar\u00e1 (6\u00ba).<\/p>\n<p>Al\u00e9m da premia\u00e7\u00e3o por equipes, foi disputado, ainda, o Cintur\u00e3o Entre Serras. No feminino, venceu Alycia Reis, enquanto o segundo lugar ficou com Yara Gon\u00e7alves. No masculino, o campe\u00e3o foi Vitor Machado e o vice, Maicon Ant\u00f4nio.<\/p>\n<p>O evento foi promovido pela Prefeitura de Santa B\u00e1rbara.<\/p>\n<h3>Coment\u00e1rio<\/h3>\n<div class=\"fb-comments\" data-href=\"https:\/\/tvnovelas.com.br\/news\/mundo\/noticias\/1993\" data-width=\"100%\" data-order-by=\"reverse_time\" data-numposts=\"10\"><\/div>\n","protected":false},"excerpt":{"rendered":"<p>No \u00faltimo fim de semana a V Copa Santa B\u00e1rbara de Artes Marciais agitou o gin\u00e1sio do Centro Esportivo (Cesb), com disputas de taekwondo e jiu-jitsu. Al\u00e9m da anfitri\u00e3, que venceu a competi\u00e7\u00e3o, a disputa reuniu equipes de Alvin\u00f3polis, Bar\u00e3o de Cocais, Bom Jesus do Amparo e Sabar\u00e1. A classifica\u00e7\u00e3o geral foi a seguinte: equipe&#8230;<\/p>\n","protected":false},"author":1,"featured_media":1994,"comment_status":"closed","ping_status":"closed","sticky":false,"template":"","format":"standard","meta":{"_monsterinsights_skip_tracking":false,"_monsterinsights_sitenote_active":false,"_monsterinsights_sitenote_note":"","_monsterinsights_sitenote_category":0,"magazine_newspaper_sidebar_layout":"","footnotes":"","jetpack_publicize_message":"","jetpack_publicize_feature_enabled":true,"jetpack_social_post_already_shared":false,"jetpack_social_options":{"image_generator_settings":{"template":"highway","default_image_id":0,"font":"","enabled":false},"version":2}},"categories":[1],"tags":[],"class_list":["post-1993","post","type-post","status-publish","format-standard","has-post-thumbnail","hentry","category-blog"],"aioseo_notices":[],"jetpack_publicize_connections":[],"jetpack_featured_media_url":"https:\/\/i0.wp.com\/tvnovelas.com.br\/news\/wp-content\/uploads\/2018\/09\/ultimas190918_sbtaekwondo.jpg?fit=600%2C300&ssl=1","jetpack_sharing_enabled":true,"jetpack_likes_enabled":true,"jetpack-related-posts":[],"jetpack_shortlink":"https:\/\/wp.me\/pfB4mB-w9","_links":{"self":[{"href":"https:\/\/tvnovelas.com.br\/news\/wp-json\/wp\/v2\/posts\/1993","targetHints":{"allow":["GET"]}}],"collection":[{"href":"https:\/\/tvnovelas.com.br\/news\/wp-json\/wp\/v2\/posts"}],"about":[{"href":"https:\/\/tvnovelas.com.br\/news\/wp-json\/wp\/v2\/types\/post"}],"author":[{"embeddable":true,"href":"https:\/\/tvnovelas.com.br\/news\/wp-json\/wp\/v2\/users\/1"}],"replies":[{"embeddable":true,"href":"https:\/\/tvnovelas.com.br\/news\/wp-json\/wp\/v2\/comments?post=1993"}],"version-history":[{"count":2,"href":"https:\/\/tvnovelas.com.br\/news\/wp-json\/wp\/v2\/posts\/1993\/revisions"}],"predecessor-version":[{"id":1996,"href":"https:\/\/tvnovelas.com.br\/news\/wp-json\/wp\/v2\/posts\/1993\/revisions\/1996"}],"wp:featuredmedia":[{"embeddable":true,"href":"https:\/\/tvnovelas.com.br\/news\/wp-json\/wp\/v2\/media\/1994"}],"wp:attachment":[{"href":"https:\/\/tvnovelas.com.br\/news\/wp-json\/wp\/v2\/media?parent=1993"}],"wp:term":[{"taxonomy":"category","embeddable":true,"href":"https:\/\/tvnovelas.com.br\/news\/wp-json\/wp\/v2\/categories?post=1993"},{"taxonomy":"post_tag","embeddable":true,"href":"https:\/\/tvnovelas.com.br\/news\/wp-json\/wp\/v2\/tags?post=1993"}],"curies":[{"name":"wp","href":"https:\/\/api.w.org\/{rel}","templated":true}]}}