{"id":1820,"date":"2018-08-08T14:03:23","date_gmt":"2018-08-08T17:03:23","guid":{"rendered":"https:\/\/tvnovelas.com.br\/news\/mundo\/?p=1820"},"modified":"2018-08-08T14:03:59","modified_gmt":"2018-08-08T17:03:59","slug":"ipca-de-julho-sobe3018-na-rmbh-habitacao-apresenta-o-maior-aumento","status":"publish","type":"post","link":"https:\/\/tvnovelas.com.br\/news\/ipca-de-julho-sobe3018-na-rmbh-habitacao-apresenta-o-maior-aumento\/","title":{"rendered":"IPCA de julho sobe30,18% na RMBH. Habita\u00e7\u00e3o apresenta o maior aumento"},"content":{"rendered":"<p>Em julho de 2018, o \u00cdndice Nacional de Pre\u00e7os ao Consumidor Amplo (IPCA) apresentou aumento de 0,18% na Regi\u00e3o Metropolitana de Belo Horizonte (RMBH).<\/p>\n<p>O \u00edndice para a RMBH \u00e9 o oitavo menor resultado mensal entre as 16 \u00e1reas pesquisadas \u2013 a partir de maio deste ano houve a inclus\u00e3o dos munic\u00edpios de Rio Branco\/AC, S\u00e3o Lu\u00eds\/MA e Aracaju\/SE. No pa\u00eds, a varia\u00e7\u00e3o mensal foi de 0,33%.<\/p>\n<p>A varia\u00e7\u00e3o acumulada em doze meses foi de 4,56% na RMBH, sexto maior resultado entre as \u00e1reas de abrang\u00eancia da pesquisa, e de 4,48% no Brasil.<br \/>\nNa RMBH, dos seis grupos que tiveram varia\u00e7\u00f5es positivas, quatro apresentaram aumento acima da m\u00e9dia (0,18%): Habita\u00e7\u00e3o (1,46%), Artigos de Resid\u00eancia (0,40%), Despesas Pessoais (0,29%) e Comunica\u00e7\u00e3o (0.26%). Houve defla\u00e7\u00e3o em tr\u00eas grupos: Alimenta\u00e7\u00e3o e Bebidas (-0,42%), Vestu\u00e1rio (-0,26%) e Transportes (-0,22%).<\/p>\n<p>Em julho, na RMBH, embora o grupo Transportes tenha tido defla\u00e7\u00e3o, o subitem que apresentou maior varia\u00e7\u00e3o positiva foi passagem a\u00e9rea, com aumento de 54,57%. O subitem \u00f4nibus interestadual.<\/p>\n<p>tamb\u00e9m teve varia\u00e7\u00e3o positiva de 4,28%. No grupo Habita\u00e7\u00e3o, que foi o grupo respons\u00e1vel pela maior varia\u00e7\u00e3o no m\u00eas, o subitem de destaque foi energia el\u00e9trica residencial (6,57%) \u2013 que tamb\u00e9m teve o maior impacto mensal, de 0,25 p.p. Apesar de o grupo Alimenta\u00e7\u00e3o e Bebidas tamb\u00e9m ter tido defla\u00e7\u00e3o, os subitens leite longa vida (9,71%) e a\u00e7\u00facar cristal (5,45%) foram os destaques positivos do grupo.<\/p>\n<p>Embora n\u00e3o esteja entre os subitens com maior varia\u00e7\u00e3o negativa, a gasolina foi o subitem que teve o maior impacto negativo no m\u00eas (redu\u00e7\u00e3o de 1,92% e impacto de -0,11 p.p.). Entre os subitens com redu\u00e7\u00f5es mais expressivas de pre\u00e7os, destacam-se cebola (-38,31%), batata inglesa (-29,29%) e tomate (-23,63%).<\/p>\n<p>No Quadro abaixo, est\u00e3o selecionados 40 produtos (subitens): 20 com as maiores eleva\u00e7\u00f5es e 20 com as maiores redu\u00e7\u00f5es de pre\u00e7os em julho de 2018 para a Regi\u00e3o Metropolitana de Belo Horizonte.<br \/>\n<img data-recalc-dims=\"1\" loading=\"lazy\" decoding=\"async\" class=\"wp-image-1821 size-full aligncenter\" title=\"Tabela IPCA\/IBGE\" src=\"https:\/\/i0.wp.com\/tvnovelas.com.br\/news\/mundo\/wp-content\/uploads\/2018\/08\/ultimas080818_ipcajulho.jpg?resize=400%2C763&#038;ssl=1\" alt=\"tabela dos produtos com maiores e menores varia\u00e7\u00e3o de pre\u00e7os em julho\" width=\"400\" height=\"763\" srcset=\"https:\/\/i0.wp.com\/tvnovelas.com.br\/news\/wp-content\/uploads\/2018\/08\/ultimas080818_ipcajulho.jpg?w=400&amp;ssl=1 400w, https:\/\/i0.wp.com\/tvnovelas.com.br\/news\/wp-content\/uploads\/2018\/08\/ultimas080818_ipcajulho.jpg?resize=157%2C300&amp;ssl=1 157w\" sizes=\"auto, (max-width: 400px) 100vw, 400px\" \/><\/p>\n<div class=\"fb-comments\" data-href=\"https:\/\/tvnovelas.com.br\/news\/mundo\/noticias\/1820\" data-width=\"100%\" data-order-by=\"reverse_time\" data-numposts=\"10\">\n","protected":false},"excerpt":{"rendered":"<p>Em julho de 2018, o \u00cdndice Nacional de Pre\u00e7os ao Consumidor Amplo (IPCA) apresentou aumento de 0,18% na Regi\u00e3o Metropolitana de Belo Horizonte (RMBH). O \u00edndice para a RMBH \u00e9 o oitavo menor resultado mensal entre as 16 \u00e1reas pesquisadas \u2013 a partir de maio deste ano houve a inclus\u00e3o dos munic\u00edpios de Rio Branco\/AC,&#8230;<\/p>\n","protected":false},"author":1,"featured_media":0,"comment_status":"closed","ping_status":"closed","sticky":false,"template":"","format":"standard","meta":{"_monsterinsights_skip_tracking":false,"_monsterinsights_sitenote_active":false,"_monsterinsights_sitenote_note":"","_monsterinsights_sitenote_category":0,"magazine_newspaper_sidebar_layout":"","footnotes":"","jetpack_publicize_message":"","jetpack_publicize_feature_enabled":true,"jetpack_social_post_already_shared":false,"jetpack_social_options":{"image_generator_settings":{"template":"highway","default_image_id":0,"font":"","enabled":false},"version":2}},"categories":[1],"tags":[],"class_list":["post-1820","post","type-post","status-publish","format-standard","hentry","category-blog"],"aioseo_notices":[],"jetpack_publicize_connections":[],"jetpack_featured_media_url":"","jetpack_sharing_enabled":true,"jetpack_likes_enabled":true,"jetpack-related-posts":[],"jetpack_shortlink":"https:\/\/wp.me\/pfB4mB-tm","_links":{"self":[{"href":"https:\/\/tvnovelas.com.br\/news\/wp-json\/wp\/v2\/posts\/1820","targetHints":{"allow":["GET"]}}],"collection":[{"href":"https:\/\/tvnovelas.com.br\/news\/wp-json\/wp\/v2\/posts"}],"about":[{"href":"https:\/\/tvnovelas.com.br\/news\/wp-json\/wp\/v2\/types\/post"}],"author":[{"embeddable":true,"href":"https:\/\/tvnovelas.com.br\/news\/wp-json\/wp\/v2\/users\/1"}],"replies":[{"embeddable":true,"href":"https:\/\/tvnovelas.com.br\/news\/wp-json\/wp\/v2\/comments?post=1820"}],"version-history":[{"count":2,"href":"https:\/\/tvnovelas.com.br\/news\/wp-json\/wp\/v2\/posts\/1820\/revisions"}],"predecessor-version":[{"id":1823,"href":"https:\/\/tvnovelas.com.br\/news\/wp-json\/wp\/v2\/posts\/1820\/revisions\/1823"}],"wp:attachment":[{"href":"https:\/\/tvnovelas.com.br\/news\/wp-json\/wp\/v2\/media?parent=1820"}],"wp:term":[{"taxonomy":"category","embeddable":true,"href":"https:\/\/tvnovelas.com.br\/news\/wp-json\/wp\/v2\/categories?post=1820"},{"taxonomy":"post_tag","embeddable":true,"href":"https:\/\/tvnovelas.com.br\/news\/wp-json\/wp\/v2\/tags?post=1820"}],"curies":[{"name":"wp","href":"https:\/\/api.w.org\/{rel}","templated":true}]}}