{"id":1727,"date":"2018-07-04T10:30:31","date_gmt":"2018-07-04T13:30:31","guid":{"rendered":"https:\/\/tvnovelas.com.br\/news\/mundo\/?p=1727"},"modified":"2018-07-04T10:30:57","modified_gmt":"2018-07-04T13:30:57","slug":"emater-realizara-concurso-publico-em-setembro","status":"publish","type":"post","link":"https:\/\/tvnovelas.com.br\/news\/emater-realizara-concurso-publico-em-setembro\/","title":{"rendered":"Emater realizar\u00e1 concurso p\u00fablico em setembro"},"content":{"rendered":"<p>As inscri\u00e7\u00f5es para o concurso p\u00fablico da Emater-MG come\u00e7a nesta quarta-feira e prossegue at\u00e9 o dia 10 de agosto. As provas est\u00e3o previstas para o dia 23 de setembro deste ano. O concurso est\u00e1 sendo bastante aguardado pelas prefeituras da regi\u00e3o do Cara\u00e7a, principalmente pelos profissionais que pretendem fazer parte da Emater-MG. As prefeitura querem abertura de novos escrit\u00f3rio da Emater ou que solicitam a amplia\u00e7\u00e3o dos servi\u00e7os nos munic\u00edpios pelo interior de Minas Gerais. O \u00faltimo concurso p\u00fablico da Emater-MG foi realizado h\u00e1 13 anos, em 2005. O processo \u00e9 fundamental para recomposi\u00e7\u00e3o do quadro de profissionais  da empresa e consequentemente a garantir a assist\u00eancia t\u00e9cnica p\u00fablica gratuita, continuada e de qualidade prestada aos agricultores familiares. Outras informa\u00e7\u00f5es sobre o concurso podem ser acompanhadas pelo site da Emater-MG (www.emater.mg.gov.br) e tamb\u00e9m pelo site da Funda\u00e7\u00e3o de Apoio e Desenvolvimento da Educa\u00e7\u00e3o, Ci\u00eancia e Tecnologia de Minas Gerais (Fadecit- www.gestaodeconcurso.com.br<br \/>\n<em><strong>*Leonel Marques<\/strong><\/em><\/p>\n<h3>Coment\u00e1rio<\/h3>\n<div class=\"fb-comments\" data-href=\"https:\/\/tvnovelas.com.br\/news\/mundo\/noticias\/1727\" data-width=\"100%\" data-order-by=\"reverse_time\" data-numposts=\"10\"><\/div>\n","protected":false},"excerpt":{"rendered":"<p>As inscri\u00e7\u00f5es para o concurso p\u00fablico da Emater-MG come\u00e7a nesta quarta-feira e prossegue at\u00e9 o dia 10 de agosto. As provas est\u00e3o previstas para o dia 23 de setembro deste ano. O concurso est\u00e1 sendo bastante aguardado pelas prefeituras da regi\u00e3o do Cara\u00e7a, principalmente pelos profissionais que pretendem fazer parte da Emater-MG. As prefeitura querem&#8230;<\/p>\n","protected":false},"author":1,"featured_media":0,"comment_status":"closed","ping_status":"closed","sticky":false,"template":"","format":"standard","meta":{"_monsterinsights_skip_tracking":false,"_monsterinsights_sitenote_active":false,"_monsterinsights_sitenote_note":"","_monsterinsights_sitenote_category":0,"magazine_newspaper_sidebar_layout":"","footnotes":"","jetpack_publicize_message":"","jetpack_publicize_feature_enabled":true,"jetpack_social_post_already_shared":false,"jetpack_social_options":{"image_generator_settings":{"template":"highway","default_image_id":0,"font":"","enabled":false},"version":2}},"categories":[1],"tags":[16],"class_list":["post-1727","post","type-post","status-publish","format-standard","hentry","category-blog","tag-geral"],"aioseo_notices":[],"jetpack_publicize_connections":[],"jetpack_featured_media_url":"","jetpack_sharing_enabled":true,"jetpack_likes_enabled":true,"jetpack-related-posts":[],"jetpack_shortlink":"https:\/\/wp.me\/pfB4mB-rR","_links":{"self":[{"href":"https:\/\/tvnovelas.com.br\/news\/wp-json\/wp\/v2\/posts\/1727","targetHints":{"allow":["GET"]}}],"collection":[{"href":"https:\/\/tvnovelas.com.br\/news\/wp-json\/wp\/v2\/posts"}],"about":[{"href":"https:\/\/tvnovelas.com.br\/news\/wp-json\/wp\/v2\/types\/post"}],"author":[{"embeddable":true,"href":"https:\/\/tvnovelas.com.br\/news\/wp-json\/wp\/v2\/users\/1"}],"replies":[{"embeddable":true,"href":"https:\/\/tvnovelas.com.br\/news\/wp-json\/wp\/v2\/comments?post=1727"}],"version-history":[{"count":2,"href":"https:\/\/tvnovelas.com.br\/news\/wp-json\/wp\/v2\/posts\/1727\/revisions"}],"predecessor-version":[{"id":1729,"href":"https:\/\/tvnovelas.com.br\/news\/wp-json\/wp\/v2\/posts\/1727\/revisions\/1729"}],"wp:attachment":[{"href":"https:\/\/tvnovelas.com.br\/news\/wp-json\/wp\/v2\/media?parent=1727"}],"wp:term":[{"taxonomy":"category","embeddable":true,"href":"https:\/\/tvnovelas.com.br\/news\/wp-json\/wp\/v2\/categories?post=1727"},{"taxonomy":"post_tag","embeddable":true,"href":"https:\/\/tvnovelas.com.br\/news\/wp-json\/wp\/v2\/tags?post=1727"}],"curies":[{"name":"wp","href":"https:\/\/api.w.org\/{rel}","templated":true}]}}