{"id":1713,"date":"2018-06-27T13:20:03","date_gmt":"2018-06-27T16:20:03","guid":{"rendered":"https:\/\/tvnovelas.com.br\/news\/mundo\/?p=1713"},"modified":"2018-06-27T13:40:59","modified_gmt":"2018-06-27T16:40:59","slug":"mariana-conclui-fase-de-beatificacao-de-dom-luciano-de-almeida","status":"publish","type":"post","link":"https:\/\/tvnovelas.com.br\/news\/mariana-conclui-fase-de-beatificacao-de-dom-luciano-de-almeida\/","title":{"rendered":"Mariana conclui fase de beatifica\u00e7\u00e3o de dom Luciano de Almeida"},"content":{"rendered":"<p>Na despedida da arquidiocese de Mariana, dom Geraldo Lyrio Rocha, arcebispo em\u00e9rito, presidiu a missa por inten\u00e7\u00e3o de dom Luciano Mendes de Almeida, ex-arcebispo de Mariana, cujo processo de beatifica\u00e7\u00e3o seria enviado ao Vaticano, pois j\u00e1 foi conclu\u00eddo a fase final para sua canoniza\u00e7\u00e3o pelo papa Francisco, ainda este ano. <\/p>\n<p>A sess\u00e3o p\u00fablica de encerramento com as formalidades can\u00f4nicas na fase diocesana do processo de beatifica\u00e7\u00e3o do Servo de Deus, dom Luciano Pedro Mendes de Almeida, falecido h\u00e1 dez anos, com missa realizada na sexta-feira, dia 15 de junho, no Santu\u00e1rio Nossa Senhora do Carmo, em Mariana. <\/p>\n<p>A cerim\u00f4nia presidida pelo arcebispo em\u00e9rito de Mariana, dom Geraldo Lyrio Rocha, foi concelebrada pelo arcebispo em\u00e9rito de Bras\u00edlia (DF), dom Jo\u00e3o Evangelista Martins Terra,da Companhia de Jesus (cuja ordem pertencia dom Luciano de Almeida), pelo bispo auxiliar da arquidiocese  de Belo Horizonte, dom Geovane Lu\u00eds da Silva, pelo bispo de Leopoldina (MG) dom Jos\u00e9 Eudes Campos do Nascimento e diversos sacerdotes concelebrantes. Estiveram presentes familiares e amigos  de dom Luciano de Almeida, al\u00e9m dos padres Jesu\u00edtas, entre eles seu irm\u00e3o o acad\u00eamico C\u00e2ndido Mendes de Almeida,da Academia Brasileira de Letras (ABL), no Rio de Janeiro. O presidente da C\u00e2mara de  Bar\u00e3o de Cocais, vereador Leonei Pires, seminarista e ex-assessor de dom Luciano de Almeida,marcou presen\u00e7a na celebra\u00e7\u00e3o da missa.<br \/>\n<em><strong>*Leonel Marques<\/strong><\/em><\/p>\n<h3>Coment\u00e1rio<\/h3>\n<div class=\"fb-comments\" data-href=\"https:\/\/tvnovelas.com.br\/news\/mundo\/noticias\/1713\" data-width=\"100%\" data-order-by=\"reverse_time\" data-numposts=\"10\"><\/div>\n","protected":false},"excerpt":{"rendered":"<p>Na despedida da arquidiocese de Mariana, dom Geraldo Lyrio Rocha, arcebispo em\u00e9rito, presidiu a missa por inten\u00e7\u00e3o de dom Luciano Mendes de Almeida, ex-arcebispo de Mariana, cujo processo de beatifica\u00e7\u00e3o seria enviado ao Vaticano, pois j\u00e1 foi conclu\u00eddo a fase final para sua canoniza\u00e7\u00e3o pelo papa Francisco, ainda este ano. A sess\u00e3o p\u00fablica de encerramento&#8230;<\/p>\n","protected":false},"author":1,"featured_media":0,"comment_status":"closed","ping_status":"closed","sticky":false,"template":"","format":"standard","meta":{"_monsterinsights_skip_tracking":false,"_monsterinsights_sitenote_active":false,"_monsterinsights_sitenote_note":"","_monsterinsights_sitenote_category":0,"magazine_newspaper_sidebar_layout":"","footnotes":"","jetpack_publicize_message":"","jetpack_publicize_feature_enabled":true,"jetpack_social_post_already_shared":false,"jetpack_social_options":{"image_generator_settings":{"template":"highway","default_image_id":0,"font":"","enabled":false},"version":2}},"categories":[1],"tags":[],"class_list":["post-1713","post","type-post","status-publish","format-standard","hentry","category-blog"],"aioseo_notices":[],"jetpack_publicize_connections":[],"jetpack_featured_media_url":"","jetpack_sharing_enabled":true,"jetpack_likes_enabled":true,"jetpack-related-posts":[],"jetpack_shortlink":"https:\/\/wp.me\/pfB4mB-rD","_links":{"self":[{"href":"https:\/\/tvnovelas.com.br\/news\/wp-json\/wp\/v2\/posts\/1713","targetHints":{"allow":["GET"]}}],"collection":[{"href":"https:\/\/tvnovelas.com.br\/news\/wp-json\/wp\/v2\/posts"}],"about":[{"href":"https:\/\/tvnovelas.com.br\/news\/wp-json\/wp\/v2\/types\/post"}],"author":[{"embeddable":true,"href":"https:\/\/tvnovelas.com.br\/news\/wp-json\/wp\/v2\/users\/1"}],"replies":[{"embeddable":true,"href":"https:\/\/tvnovelas.com.br\/news\/wp-json\/wp\/v2\/comments?post=1713"}],"version-history":[{"count":4,"href":"https:\/\/tvnovelas.com.br\/news\/wp-json\/wp\/v2\/posts\/1713\/revisions"}],"predecessor-version":[{"id":1717,"href":"https:\/\/tvnovelas.com.br\/news\/wp-json\/wp\/v2\/posts\/1713\/revisions\/1717"}],"wp:attachment":[{"href":"https:\/\/tvnovelas.com.br\/news\/wp-json\/wp\/v2\/media?parent=1713"}],"wp:term":[{"taxonomy":"category","embeddable":true,"href":"https:\/\/tvnovelas.com.br\/news\/wp-json\/wp\/v2\/categories?post=1713"},{"taxonomy":"post_tag","embeddable":true,"href":"https:\/\/tvnovelas.com.br\/news\/wp-json\/wp\/v2\/tags?post=1713"}],"curies":[{"name":"wp","href":"https:\/\/api.w.org\/{rel}","templated":true}]}}