{"id":1710,"date":"2018-06-27T13:16:09","date_gmt":"2018-06-27T16:16:09","guid":{"rendered":"https:\/\/tvnovelas.com.br\/news\/mundo\/?p=1710"},"modified":"2018-06-27T13:41:46","modified_gmt":"2018-06-27T16:41:46","slug":"dom-airton-toma-posse-como-arcebispo-de-mariana","status":"publish","type":"post","link":"https:\/\/tvnovelas.com.br\/news\/dom-airton-toma-posse-como-arcebispo-de-mariana\/","title":{"rendered":"Dom Airton toma posse como arcebispo de Mariana"},"content":{"rendered":"<p>No s\u00e1bado, dia 23 de junho, dom Airton Jos\u00e9 dos Santos, tomou posse como o novo arcebispo de Mariana, em substiui\u00e7\u00e3oao arcebis\u00e7po em\u00e9rito dom Geraldo Lyrio Rocha, que renunciou ao cargo, por causa da idade limite,, 75 anos, que completou  ano passado. O papa Francisco nomeou dom Airton dos Santos, no dia 25 de abril deste ano, quando ele era arcebispo da Arquidiocese de Campinas, em S\u00e3o Paulo. <\/p>\n<p>Na sexta-feira, dia 22, ocorreu a sess\u00e3o de acolhida ao dom Airton dos Santos, pela Arquidiocese de Mariana no Santu\u00e1rio Nossa Senhora do Carmo, de onde saiu no s\u00e1bado,dia 23, \u00e0s 16h, a prociss\u00e3o dos concelebrantes em dire\u00e7\u00e3o \u00e0 Catedral da S\u00e9, onde procedeu-se  o ato de posse can\u00f4nica do novo arcebispo de Mariana. Logo ap\u00f3s, houve missa campal na pra\u00e7a da S\u00e9, em frente da Catedral, quando compareceram representantes de 135 par\u00f3quias dos 79 munic\u00edpios que integram a Arquidiocese de Mariana, que possui cerca de 180 presb\u00edteros (sacerdotes e bispos) e presen\u00e7a de 30 sacerdotes, bispos e inclusive o Arcebispo de Diamantina, como convidados  \u00e0 cerim\u00f4nia de posse do novo arcebispo de Mariana, dom Airton Jos\u00e9 dos Santos. <\/p>\n<p>No domingo, dia 24 de junho, dia de S\u00e3o Jo\u00e3o Batista, no calend\u00e1rio cat\u00f3lico, dom Airton dos Santos, celebrou a sua primeira missa como Arcebispo de Mariana, na Catedral da S\u00e9. No dia 25 de junho, segunda-feira, tamb\u00e9m houve celebra\u00e7\u00e3o de missa em a\u00e7\u00e3o de gra\u00e7as pelo 46\u00ba anivers\u00e1rio de nascimento de dom Airton dos Santos, que presidiu a missa celebrada no Santu\u00e1rio Nossa Senhora do Carmo e a seguir, ocorreu o lan\u00e7amento do selo comemorativo de sua posse.<\/p>\n<p><em><strong>*Leonel Marques<\/strong><\/em><\/p>\n<h3>Coment\u00e1rio<\/h3>\n<div class=\"fb-comments\" data-href=\"https:\/\/tvnovelas.com.br\/news\/mundo\/noticias\/1710\" data-width=\"100%\" data-order-by=\"reverse_time\" data-numposts=\"10\"><\/div>\n","protected":false},"excerpt":{"rendered":"<p>No s\u00e1bado, dia 23 de junho, dom Airton Jos\u00e9 dos Santos, tomou posse como o novo arcebispo de Mariana, em substiui\u00e7\u00e3oao arcebis\u00e7po em\u00e9rito dom Geraldo Lyrio Rocha, que renunciou ao cargo, por causa da idade limite,, 75 anos, que completou ano passado. O papa Francisco nomeou dom Airton dos Santos, no dia 25 de abril&#8230;<\/p>\n","protected":false},"author":1,"featured_media":0,"comment_status":"closed","ping_status":"closed","sticky":false,"template":"","format":"standard","meta":{"_monsterinsights_skip_tracking":false,"_monsterinsights_sitenote_active":false,"_monsterinsights_sitenote_note":"","_monsterinsights_sitenote_category":0,"magazine_newspaper_sidebar_layout":"","footnotes":"","jetpack_publicize_message":"","jetpack_publicize_feature_enabled":true,"jetpack_social_post_already_shared":false,"jetpack_social_options":{"image_generator_settings":{"template":"highway","default_image_id":0,"font":"","enabled":false},"version":2}},"categories":[1],"tags":[16],"class_list":["post-1710","post","type-post","status-publish","format-standard","hentry","category-blog","tag-geral"],"aioseo_notices":[],"jetpack_publicize_connections":[],"jetpack_featured_media_url":"","jetpack_sharing_enabled":true,"jetpack_likes_enabled":true,"jetpack-related-posts":[],"jetpack_shortlink":"https:\/\/wp.me\/pfB4mB-rA","_links":{"self":[{"href":"https:\/\/tvnovelas.com.br\/news\/wp-json\/wp\/v2\/posts\/1710","targetHints":{"allow":["GET"]}}],"collection":[{"href":"https:\/\/tvnovelas.com.br\/news\/wp-json\/wp\/v2\/posts"}],"about":[{"href":"https:\/\/tvnovelas.com.br\/news\/wp-json\/wp\/v2\/types\/post"}],"author":[{"embeddable":true,"href":"https:\/\/tvnovelas.com.br\/news\/wp-json\/wp\/v2\/users\/1"}],"replies":[{"embeddable":true,"href":"https:\/\/tvnovelas.com.br\/news\/wp-json\/wp\/v2\/comments?post=1710"}],"version-history":[{"count":3,"href":"https:\/\/tvnovelas.com.br\/news\/wp-json\/wp\/v2\/posts\/1710\/revisions"}],"predecessor-version":[{"id":1718,"href":"https:\/\/tvnovelas.com.br\/news\/wp-json\/wp\/v2\/posts\/1710\/revisions\/1718"}],"wp:attachment":[{"href":"https:\/\/tvnovelas.com.br\/news\/wp-json\/wp\/v2\/media?parent=1710"}],"wp:term":[{"taxonomy":"category","embeddable":true,"href":"https:\/\/tvnovelas.com.br\/news\/wp-json\/wp\/v2\/categories?post=1710"},{"taxonomy":"post_tag","embeddable":true,"href":"https:\/\/tvnovelas.com.br\/news\/wp-json\/wp\/v2\/tags?post=1710"}],"curies":[{"name":"wp","href":"https:\/\/api.w.org\/{rel}","templated":true}]}}